{"id":34404,"date":"2014-08-13T18:52:13","date_gmt":"2014-08-14T00:52:13","guid":{"rendered":"http:\/\/elcronistadigital.com\/?p=34404"},"modified":"2014-08-13T18:52:13","modified_gmt":"2014-08-14T00:52:13","slug":"costa-rica-busca-a-quienes-llegaron-de-africa","status":"publish","type":"post","link":"https:\/\/elcronistadigital.com\/?p=34404","title":{"rendered":"Costa Rica busca a quienes llegaron de \u00c1frica"},"content":{"rendered":"<p><a href=\"https:\/\/elcronistadigital.com\/?attachment_id=34405\" rel=\"attachment wp-att-34405\"><img loading=\"lazy\" decoding=\"async\" class=\"alignleft size-medium wp-image-34405\" alt=\"\u00e9bola 3\" src=\"https:\/\/elcronistadigital.com\/wp-content\/uploads\/2014\/08\/\u00e9bola-3-300x199.jpg\" width=\"300\" height=\"199\" srcset=\"https:\/\/elcronistadigital.com\/wp-content\/uploads\/2014\/08\/\u00e9bola-3-300x199.jpg 300w, https:\/\/elcronistadigital.com\/wp-content\/uploads\/2014\/08\/\u00e9bola-3-342x227.jpg 342w, https:\/\/elcronistadigital.com\/wp-content\/uploads\/2014\/08\/\u00e9bola-3.jpg 512w\" sizes=\"auto, (max-width: 300px) 100vw, 300px\" \/><\/a>En Costa Rica las autoridades de Salud est\u00e1n buscando el paradero de personas que han ingresado el \u00faltimo mes procedentes de pa\u00edses de \u00c1frica que tienen brotes de \u00e9bola, a fin de valorar su estado.<\/p>\n<p>La Direcci\u00f3n de Migraci\u00f3n del pa\u00eds vecino report\u00f3 el ingreso de 17 personas, en su mayor\u00eda provenientes de Nigeria, sin embargo, las autoridades de salud no conocen si son costarricenses, en d\u00f3nde se encuentran, o si tuvieron alg\u00fan contacto con enfermos de \u00e9bola.<\/p>\n<p>\u00abQueremos ubicar a quienes han ingresado al pa\u00eds, se les har\u00e1 un interrogatorio como parte del protocolo para saber si han presentado s\u00edntomas o tuvieron contacto con alguna persona que sufriera de \u00e9bola\u00bb, indic\u00f3 a Acan-Efe la directora de Vigilancia Epidemiol\u00f3gica del Ministerio costarricense de Salud, Mar\u00eda Ethel Trejos.<\/p>\n<p>De acuerdo con la Organizaci\u00f3n Mundial de la Salud (OMS), en el brote de \u00e9bola que afecta a Guinea Conakry, Liberia, Nigeria y Sierra Leona se han documentado cerca de 2,000 casos y m\u00e1s de un millar de muertes.<\/p>\n<p>Seg\u00fan explic\u00f3 Trejos, a quienes ya est\u00e1n en el pa\u00eds se les realizar\u00e1 el mismo protocolo preventivo tras la declaraci\u00f3n de emergencia sanitaria internacional, dada por la OMS.<\/p>\n<p>\u00abSi la persona indica que ha estado en contacto con una persona enferma de \u00e9bola, se le dar\u00e1 un seguimiento durante el periodo de incubaci\u00f3n (18 d\u00edas) para ver si tiene s\u00edntomas, de ser as\u00ed, ser\u00eda enviado a un centro m\u00e9dico de manera aislada y se le tomar\u00eda una muestra\u00bb, explic\u00f3 Trejos.<\/p>\n<p>La OMS declar\u00f3 el pasado viernes el brote de \u00e9bola en \u00c1frica Occidental como una emergencia p\u00fablica sanitaria internacional y recomend\u00f3 medidas excepcionales para detener su transmisi\u00f3n. La enfermedad, que se transmite por contacto directo con la sangre y fluidos corporales de personas o animales infectados, causa hemorragias graves y puede tener una tasa de mortalidad del 90 %.<\/p>\n<p>Esta es la primera vez que se identifica y se confirma una epidemia de \u00e9bola en \u00c1frica Occidental, pues hasta ahora siempre se hab\u00edan producido en \u00c1frica Central, y ya se ha convertido en la m\u00e1s letal de la historia de la enfermedad.<\/p>\n","protected":false},"excerpt":{"rendered":"<p>En Costa Rica las autoridades de Salud est\u00e1n buscando el paradero de personas que han ingresado el \u00faltimo mes procedentes de pa\u00edses de \u00c1frica que tienen brotes de \u00e9bola, a fin de valorar su estado. La Direcci\u00f3n de Migraci\u00f3n del pa\u00eds vecino report\u00f3 el ingreso de 17 personas, en su mayor\u00eda provenientes de Nigeria, sin [&hellip;]<\/p>\n","protected":false},"author":1,"featured_media":34405,"comment_status":"open","ping_status":"open","sticky":false,"template":"","format":"standard","meta":{"om_disable_all_campaigns":false,"_monsterinsights_skip_tracking":false,"_monsterinsights_sitenote_active":false,"_monsterinsights_sitenote_note":"","_monsterinsights_sitenote_category":0,"footnotes":""},"categories":[7],"tags":[],"class_list":["post-34404","post","type-post","status-publish","format-standard","has-post-thumbnail","hentry","category-salud-y-belleza"],"aioseo_notices":[],"_links":{"self":[{"href":"https:\/\/elcronistadigital.com\/index.php?rest_route=\/wp\/v2\/posts\/34404","targetHints":{"allow":["GET"]}}],"collection":[{"href":"https:\/\/elcronistadigital.com\/index.php?rest_route=\/wp\/v2\/posts"}],"about":[{"href":"https:\/\/elcronistadigital.com\/index.php?rest_route=\/wp\/v2\/types\/post"}],"author":[{"embeddable":true,"href":"https:\/\/elcronistadigital.com\/index.php?rest_route=\/wp\/v2\/users\/1"}],"replies":[{"embeddable":true,"href":"https:\/\/elcronistadigital.com\/index.php?rest_route=%2Fwp%2Fv2%2Fcomments&post=34404"}],"version-history":[{"count":1,"href":"https:\/\/elcronistadigital.com\/index.php?rest_route=\/wp\/v2\/posts\/34404\/revisions"}],"predecessor-version":[{"id":34406,"href":"https:\/\/elcronistadigital.com\/index.php?rest_route=\/wp\/v2\/posts\/34404\/revisions\/34406"}],"wp:featuredmedia":[{"embeddable":true,"href":"https:\/\/elcronistadigital.com\/index.php?rest_route=\/wp\/v2\/media\/34405"}],"wp:attachment":[{"href":"https:\/\/elcronistadigital.com\/index.php?rest_route=%2Fwp%2Fv2%2Fmedia&parent=34404"}],"wp:term":[{"taxonomy":"category","embeddable":true,"href":"https:\/\/elcronistadigital.com\/index.php?rest_route=%2Fwp%2Fv2%2Fcategories&post=34404"},{"taxonomy":"post_tag","embeddable":true,"href":"https:\/\/elcronistadigital.com\/index.php?rest_route=%2Fwp%2Fv2%2Ftags&post=34404"}],"curies":[{"name":"wp","href":"https:\/\/api.w.org\/{rel}","templated":true}]}}