{"id":34407,"date":"2014-08-14T06:50:04","date_gmt":"2014-08-14T12:50:04","guid":{"rendered":"http:\/\/elcronistadigital.com\/?p=34407"},"modified":"2014-08-14T06:50:04","modified_gmt":"2014-08-14T12:50:04","slug":"promoveran-turismo-interno-a-bajo-costo","status":"publish","type":"post","link":"https:\/\/elcronistadigital.com\/?p=34407","title":{"rendered":"Promover\u00e1n turismo interno a bajo costo"},"content":{"rendered":"<div id=\"attachment_34408\" style=\"width: 310px\" class=\"wp-caption alignleft\"><a href=\"https:\/\/elcronistadigital.com\/?attachment_id=34408\" rel=\"attachment wp-att-34408\"><img loading=\"lazy\" decoding=\"async\" aria-describedby=\"caption-attachment-34408\" class=\"size-medium wp-image-34408\" alt=\"Ca\u00f1\u00f3n de Somoto.\" src=\"https:\/\/elcronistadigital.com\/wp-content\/uploads\/2014\/08\/ca\u00f1\u00f3n-de-Somoto-1-300x185.jpg\" width=\"300\" height=\"185\" srcset=\"https:\/\/elcronistadigital.com\/wp-content\/uploads\/2014\/08\/ca\u00f1\u00f3n-de-Somoto-1-300x185.jpg 300w, https:\/\/elcronistadigital.com\/wp-content\/uploads\/2014\/08\/ca\u00f1\u00f3n-de-Somoto-1-342x212.jpg 342w, https:\/\/elcronistadigital.com\/wp-content\/uploads\/2014\/08\/ca\u00f1\u00f3n-de-Somoto-1.jpg 613w\" sizes=\"auto, (max-width: 300px) 100vw, 300px\" \/><\/a><p id=\"caption-attachment-34408\" class=\"wp-caption-text\">Ca\u00f1\u00f3n de Somoto.<\/p><\/div>\n<p>Los nicarag\u00fcenses que no cuentan con recursos para \u201cturistear\u201d a lo interno del pa\u00eds a trav\u00e9s de una tour operadora, podr\u00e1n hacerlo a partir de los pr\u00f3ximos meses, seg\u00fan el Instituto Nicarag\u00fcense de Turismo (Intur).<\/p>\n<p>Mayra Salinas, presidenta del Intur, dijo el mi\u00e9rcoles a medios del gobierno que en septiembre pr\u00f3ximo lanzar\u00e1n una campa\u00f1a interna de promoci\u00f3n tur\u00edstica con el fin de animar a los nicarag\u00fcenses a conocer los diferentes destinos que ofrece el pa\u00eds.<\/p>\n<p>Por el momento, dijo, sostienen reuniones con representantes de las empresas tour operadoras, due\u00f1os de hoteles y empresarios del sector con el fin de que se pueda ofrecer paquetes promocionales, a precios accesibles, \u00abpara que todos (los nicarag\u00fcenses) vayamos a conocer el resto de pa\u00eds\u00bb.<\/p>\n<p>En el marco de esa campa\u00f1a, tambi\u00e9n se plantea invitar al turista centroamericano a conocer los destinos de este pa\u00eds y celebrar las Fiestas Patrias, que se celebran los d\u00edas 14 y 15 de septiembre de cada a\u00f1o en Nicaragua, indic\u00f3.<\/p>\n<p>Nicaragua recibi\u00f3 649,970 visitantes extranjeros en el primer semestre de este a\u00f1o, lo que represent\u00f3 un crecimiento del 7.1 % en comparaci\u00f3n con el mismo per\u00edodo de 2103, seg\u00fan cifras oficiales.<\/p>\n<p>Entre los lugares m\u00e1s visitados por los turistas en Nicaragua, se encuentran la ruta colonial y de los volcanes (Pac\u00edfico), la ruta del caf\u00e9 (norte) y sitios tur\u00edsticos de los departamentos de Granada y Chinandega, al sureste y occidente del pa\u00eds, respectivamente.<\/p>\n<p>Nicaragua prev\u00e9 facturar este a\u00f1o unos 440 millones de d\u00f3lares en divisas por turismo y recibir 1,31 millones de turistas.<\/p>\n<p>En 2013, el pa\u00eds recibi\u00f3 1,23 millones de turistas, que dejaron al pa\u00eds divisas por 417 millones de d\u00f3lares, seg\u00fan cifras oficiales.<\/p>\n","protected":false},"excerpt":{"rendered":"<p>Los nicarag\u00fcenses que no cuentan con recursos para \u201cturistear\u201d a lo interno del pa\u00eds a trav\u00e9s de una tour operadora, podr\u00e1n hacerlo a partir de los pr\u00f3ximos meses, seg\u00fan el Instituto Nicarag\u00fcense de Turismo (Intur). Mayra Salinas, presidenta del Intur, dijo el mi\u00e9rcoles a medios del gobierno que en septiembre pr\u00f3ximo lanzar\u00e1n una campa\u00f1a interna [&hellip;]<\/p>\n","protected":false},"author":1,"featured_media":34408,"comment_status":"open","ping_status":"open","sticky":false,"template":"","format":"standard","meta":{"om_disable_all_campaigns":false,"_monsterinsights_skip_tracking":false,"_monsterinsights_sitenote_active":false,"_monsterinsights_sitenote_note":"","_monsterinsights_sitenote_category":0,"footnotes":""},"categories":[3],"tags":[],"class_list":["post-34407","post","type-post","status-publish","format-standard","has-post-thumbnail","hentry","category-nacionales"],"aioseo_notices":[],"_links":{"self":[{"href":"https:\/\/elcronistadigital.com\/index.php?rest_route=\/wp\/v2\/posts\/34407","targetHints":{"allow":["GET"]}}],"collection":[{"href":"https:\/\/elcronistadigital.com\/index.php?rest_route=\/wp\/v2\/posts"}],"about":[{"href":"https:\/\/elcronistadigital.com\/index.php?rest_route=\/wp\/v2\/types\/post"}],"author":[{"embeddable":true,"href":"https:\/\/elcronistadigital.com\/index.php?rest_route=\/wp\/v2\/users\/1"}],"replies":[{"embeddable":true,"href":"https:\/\/elcronistadigital.com\/index.php?rest_route=%2Fwp%2Fv2%2Fcomments&post=34407"}],"version-history":[{"count":1,"href":"https:\/\/elcronistadigital.com\/index.php?rest_route=\/wp\/v2\/posts\/34407\/revisions"}],"predecessor-version":[{"id":34409,"href":"https:\/\/elcronistadigital.com\/index.php?rest_route=\/wp\/v2\/posts\/34407\/revisions\/34409"}],"wp:featuredmedia":[{"embeddable":true,"href":"https:\/\/elcronistadigital.com\/index.php?rest_route=\/wp\/v2\/media\/34408"}],"wp:attachment":[{"href":"https:\/\/elcronistadigital.com\/index.php?rest_route=%2Fwp%2Fv2%2Fmedia&parent=34407"}],"wp:term":[{"taxonomy":"category","embeddable":true,"href":"https:\/\/elcronistadigital.com\/index.php?rest_route=%2Fwp%2Fv2%2Fcategories&post=34407"},{"taxonomy":"post_tag","embeddable":true,"href":"https:\/\/elcronistadigital.com\/index.php?rest_route=%2Fwp%2Fv2%2Ftags&post=34407"}],"curies":[{"name":"wp","href":"https:\/\/api.w.org\/{rel}","templated":true}]}}