{"id":34414,"date":"2014-08-14T08:00:46","date_gmt":"2014-08-14T14:00:46","guid":{"rendered":"http:\/\/elcronistadigital.com\/?p=34414"},"modified":"2014-08-14T08:00:46","modified_gmt":"2014-08-14T14:00:46","slug":"colombia-vuelven-nervios-por-nicaragua","status":"publish","type":"post","link":"https:\/\/elcronistadigital.com\/?p=34414","title":{"rendered":"Colombia: vuelven nervios por Nicaragua"},"content":{"rendered":"<p><a href=\"https:\/\/elcronistadigital.com\/?attachment_id=34415\" rel=\"attachment wp-att-34415\"><img loading=\"lazy\" decoding=\"async\" class=\"alignleft size-full wp-image-34415\" alt=\"mar Caribe 4\" src=\"https:\/\/elcronistadigital.com\/wp-content\/uploads\/2014\/08\/mar-Caribe-4.jpg\" width=\"400\" height=\"277\" srcset=\"https:\/\/elcronistadigital.com\/wp-content\/uploads\/2014\/08\/mar-Caribe-4.jpg 400w, https:\/\/elcronistadigital.com\/wp-content\/uploads\/2014\/08\/mar-Caribe-4-300x207.jpg 300w, https:\/\/elcronistadigital.com\/wp-content\/uploads\/2014\/08\/mar-Caribe-4-342x236.jpg 342w\" sizes=\"auto, (max-width: 400px) 100vw, 400px\" \/><\/a>Colombia volvi\u00f3 a movilizarse para enfrentar la decisi\u00f3n de Nicaragua de reclamar ante la Corte Internacional de Justicia (CIJ), el derecho que le asiste para tener una plataforma continental extendida.<\/p>\n<p>Tras el fallo adverso del 19 de noviembre de 2012, en el que a nuestro pa\u00eds le fueron devueltos m\u00e1s de 90 mil km cuadrados de mar Caribe, Nicaragua anunci\u00f3 que ir\u00eda por la recuperaci\u00f3n de su plataforma continental, lo que ha puesto en guardia a los colombianos, ya que de aprob\u00e1rsele la petici\u00f3n, las costas del pa\u00eds centroamericano llegar\u00edan cerca de Cartagena.<\/p>\n<p>Este jueves, el presidente colombiano Juan Manuel Santos revelar\u00e1 una estrategia jur\u00eddica frente al conflicto lim\u00edtrofe que mantiene su pa\u00eds con Nicaragua, seg\u00fan medios de prensa de la naci\u00f3n sudamericana.<\/p>\n<p>Santos divulgar\u00e1 las nuevas acciones jur\u00eddicas para hacerle frente a la demanda por plataforma continental extendida que el a\u00f1o pasado radic\u00f3 Nicaragua ante La Haya, y cuyos argumentos y soportes ser\u00edan presentados antes de terminar este mes por el equipo del presidente Daniel Ortega.<\/p>\n<p>El paquete de medidas fue concretado e mi\u00e9rcoles en la tarde durante una reuni\u00f3n ordinaria de la Comisi\u00f3n Asesora de Relaciones Exteriores, citada por Santos en Casa de Nari\u00f1o.<\/p>\n<p>Colombia contar\u00eda con el apoyo de otros pa\u00edses que como Panam\u00e1, Costa Rica y Jamaica, se consideran afectados por las demandas nicarag\u00fcenses, seg\u00fan ha expresado el gobierno de Santos.<\/p>\n<p>Otro argumento colombiano es que la plataforma continental de San Andr\u00e9s, que se extiende 200 millas al oriente, se une con la plataforma de la costa Caribe, por tanto no deber\u00eda verse afectada.<\/p>\n","protected":false},"excerpt":{"rendered":"<p>Colombia volvi\u00f3 a movilizarse para enfrentar la decisi\u00f3n de Nicaragua de reclamar ante la Corte Internacional de Justicia (CIJ), el derecho que le asiste para tener una plataforma continental extendida. Tras el fallo adverso del 19 de noviembre de 2012, en el que a nuestro pa\u00eds le fueron devueltos m\u00e1s de 90 mil km cuadrados [&hellip;]<\/p>\n","protected":false},"author":1,"featured_media":34415,"comment_status":"open","ping_status":"open","sticky":false,"template":"","format":"standard","meta":{"om_disable_all_campaigns":false,"_monsterinsights_skip_tracking":false,"_monsterinsights_sitenote_active":false,"_monsterinsights_sitenote_note":"","_monsterinsights_sitenote_category":0,"footnotes":""},"categories":[3524,13],"tags":[],"class_list":["post-34414","post","type-post","status-publish","format-standard","has-post-thumbnail","hentry","category-noticas","category-portada"],"aioseo_notices":[],"_links":{"self":[{"href":"https:\/\/elcronistadigital.com\/index.php?rest_route=\/wp\/v2\/posts\/34414","targetHints":{"allow":["GET"]}}],"collection":[{"href":"https:\/\/elcronistadigital.com\/index.php?rest_route=\/wp\/v2\/posts"}],"about":[{"href":"https:\/\/elcronistadigital.com\/index.php?rest_route=\/wp\/v2\/types\/post"}],"author":[{"embeddable":true,"href":"https:\/\/elcronistadigital.com\/index.php?rest_route=\/wp\/v2\/users\/1"}],"replies":[{"embeddable":true,"href":"https:\/\/elcronistadigital.com\/index.php?rest_route=%2Fwp%2Fv2%2Fcomments&post=34414"}],"version-history":[{"count":1,"href":"https:\/\/elcronistadigital.com\/index.php?rest_route=\/wp\/v2\/posts\/34414\/revisions"}],"predecessor-version":[{"id":34416,"href":"https:\/\/elcronistadigital.com\/index.php?rest_route=\/wp\/v2\/posts\/34414\/revisions\/34416"}],"wp:featuredmedia":[{"embeddable":true,"href":"https:\/\/elcronistadigital.com\/index.php?rest_route=\/wp\/v2\/media\/34415"}],"wp:attachment":[{"href":"https:\/\/elcronistadigital.com\/index.php?rest_route=%2Fwp%2Fv2%2Fmedia&parent=34414"}],"wp:term":[{"taxonomy":"category","embeddable":true,"href":"https:\/\/elcronistadigital.com\/index.php?rest_route=%2Fwp%2Fv2%2Fcategories&post=34414"},{"taxonomy":"post_tag","embeddable":true,"href":"https:\/\/elcronistadigital.com\/index.php?rest_route=%2Fwp%2Fv2%2Ftags&post=34414"}],"curies":[{"name":"wp","href":"https:\/\/api.w.org\/{rel}","templated":true}]}}