{"id":34421,"date":"2014-08-14T10:31:37","date_gmt":"2014-08-14T16:31:37","guid":{"rendered":"http:\/\/elcronistadigital.com\/?p=34421"},"modified":"2014-08-14T10:31:37","modified_gmt":"2014-08-14T16:31:37","slug":"problemas-con-survivor-filmada-en-nicaragua","status":"publish","type":"post","link":"https:\/\/elcronistadigital.com\/?p=34421","title":{"rendered":"Problemas con \u201cSurvivor\u201d filmada en Nicaragua"},"content":{"rendered":"<p><a href=\"https:\/\/elcronistadigital.com\/?attachment_id=34422\" rel=\"attachment wp-att-34422\"><img loading=\"lazy\" decoding=\"async\" class=\"alignleft size-full wp-image-34422\" alt=\"survivor\" src=\"https:\/\/elcronistadigital.com\/wp-content\/uploads\/2014\/08\/survivor.jpg\" width=\"350\" height=\"217\" srcset=\"https:\/\/elcronistadigital.com\/wp-content\/uploads\/2014\/08\/survivor.jpg 350w, https:\/\/elcronistadigital.com\/wp-content\/uploads\/2014\/08\/survivor-300x186.jpg 300w, https:\/\/elcronistadigital.com\/wp-content\/uploads\/2014\/08\/survivor-342x212.jpg 342w\" sizes=\"auto, (max-width: 350px) 100vw, 350px\" \/><\/a>Los productores de \u201cSurvivor\u201d, de la cadena norteamericana CBS, tienen problemas con los editores de la serie filmada en Nicaragua y que lleva el t\u00edtulo de \u201cSurvivor: San Juan del Sur\u201d, lo que podr\u00eda significar que el estreno de la 29 edici\u00f3n se retrase algunas semanas.<\/p>\n<p>El pasado martes, el grupo de m\u00e1s de 20 editores dej\u00f3 su puesto de trabajo una vez la Motion Pictures Editors Guild notificara a la producci\u00f3n de &#8216;Survivor&#8217; que quer\u00edan una unificaci\u00f3n de contratos. Esta asociaci\u00f3n tuite\u00f3 un d\u00eda despu\u00e9s que no volver\u00e1n a trabajar hasta que se llegue a un acuerdo.<\/p>\n<p>La decisi\u00f3n de los editores pone en peligro el estreno de la nueva temporada, ya que el primer episodio, previsto para su emisi\u00f3n el pr\u00f3ximo 24 de septiembre, est\u00e1 sin acabar. La soluci\u00f3n se debe dar pronto, ya que si en pocos d\u00edas no vuelven al trabajo el retraso ser\u00e1 inasumible y el material no estar\u00e1 listo para la fecha fijada.<\/p>\n<p>Una nueva edici\u00f3n con exconcursantes y sus familiares<\/p>\n<p>El problema est\u00e1 tan solo en la fase de edici\u00f3n, ya que el material lleva un tiempo grabado. El equipo de producci\u00f3n se ha trasladado hasta Nicaragua, donde ya grabaron &#8216;Survivor Nicaragua&#8217; y &#8216;Survivor: Redemption Island&#8217;.<\/p>\n<p>La nueva edici\u00f3n llevar\u00e1 por t\u00edtulo &#8216;Survivor: San Juan del Sur&#8217; y recuperar\u00e1 el giro de \u00abblood vs. water\u00bb. Antiguos concursantes regresar\u00e1n y se enfrentar\u00e1n contra sus propios familiares, tal como ocurri\u00f3 en la temporada 27.<\/p>\n","protected":false},"excerpt":{"rendered":"<p>Los productores de \u201cSurvivor\u201d, de la cadena norteamericana CBS, tienen problemas con los editores de la serie filmada en Nicaragua y que lleva el t\u00edtulo de \u201cSurvivor: San Juan del Sur\u201d, lo que podr\u00eda significar que el estreno de la 29 edici\u00f3n se retrase algunas semanas. El pasado martes, el grupo de m\u00e1s de 20 [&hellip;]<\/p>\n","protected":false},"author":1,"featured_media":34422,"comment_status":"open","ping_status":"open","sticky":false,"template":"","format":"standard","meta":{"om_disable_all_campaigns":false,"_monsterinsights_skip_tracking":false,"_monsterinsights_sitenote_active":false,"_monsterinsights_sitenote_note":"","_monsterinsights_sitenote_category":0,"footnotes":""},"categories":[3],"tags":[],"class_list":["post-34421","post","type-post","status-publish","format-standard","has-post-thumbnail","hentry","category-nacionales"],"aioseo_notices":[],"_links":{"self":[{"href":"https:\/\/elcronistadigital.com\/index.php?rest_route=\/wp\/v2\/posts\/34421","targetHints":{"allow":["GET"]}}],"collection":[{"href":"https:\/\/elcronistadigital.com\/index.php?rest_route=\/wp\/v2\/posts"}],"about":[{"href":"https:\/\/elcronistadigital.com\/index.php?rest_route=\/wp\/v2\/types\/post"}],"author":[{"embeddable":true,"href":"https:\/\/elcronistadigital.com\/index.php?rest_route=\/wp\/v2\/users\/1"}],"replies":[{"embeddable":true,"href":"https:\/\/elcronistadigital.com\/index.php?rest_route=%2Fwp%2Fv2%2Fcomments&post=34421"}],"version-history":[{"count":1,"href":"https:\/\/elcronistadigital.com\/index.php?rest_route=\/wp\/v2\/posts\/34421\/revisions"}],"predecessor-version":[{"id":34423,"href":"https:\/\/elcronistadigital.com\/index.php?rest_route=\/wp\/v2\/posts\/34421\/revisions\/34423"}],"wp:featuredmedia":[{"embeddable":true,"href":"https:\/\/elcronistadigital.com\/index.php?rest_route=\/wp\/v2\/media\/34422"}],"wp:attachment":[{"href":"https:\/\/elcronistadigital.com\/index.php?rest_route=%2Fwp%2Fv2%2Fmedia&parent=34421"}],"wp:term":[{"taxonomy":"category","embeddable":true,"href":"https:\/\/elcronistadigital.com\/index.php?rest_route=%2Fwp%2Fv2%2Fcategories&post=34421"},{"taxonomy":"post_tag","embeddable":true,"href":"https:\/\/elcronistadigital.com\/index.php?rest_route=%2Fwp%2Fv2%2Ftags&post=34421"}],"curies":[{"name":"wp","href":"https:\/\/api.w.org\/{rel}","templated":true}]}}