{"id":34424,"date":"2014-08-14T17:59:30","date_gmt":"2014-08-14T23:59:30","guid":{"rendered":"http:\/\/elcronistadigital.com\/?p=34424"},"modified":"2014-08-14T17:59:30","modified_gmt":"2014-08-14T23:59:30","slug":"nicaragua-ardio-en-julio","status":"publish","type":"post","link":"https:\/\/elcronistadigital.com\/?p=34424","title":{"rendered":"Nicaragua \u201cardi\u00f3\u201d en julio"},"content":{"rendered":"<div id=\"attachment_34425\" style=\"width: 410px\" class=\"wp-caption alignleft\"><a href=\"https:\/\/elcronistadigital.com\/?attachment_id=34425\" rel=\"attachment wp-att-34425\"><img loading=\"lazy\" decoding=\"async\" aria-describedby=\"caption-attachment-34425\" class=\"size-full wp-image-34425\" alt=\"La zona en rojo se\u00f1ala la regi\u00f3n del Pac\u00edfico de Nicaragua como la m\u00e1s caliente del continente.\" src=\"https:\/\/elcronistadigital.com\/wp-content\/uploads\/2014\/08\/tierra-caliente.jpg\" width=\"400\" height=\"266\" srcset=\"https:\/\/elcronistadigital.com\/wp-content\/uploads\/2014\/08\/tierra-caliente.jpg 400w, https:\/\/elcronistadigital.com\/wp-content\/uploads\/2014\/08\/tierra-caliente-300x199.jpg 300w, https:\/\/elcronistadigital.com\/wp-content\/uploads\/2014\/08\/tierra-caliente-342x227.jpg 342w\" sizes=\"auto, (max-width: 400px) 100vw, 400px\" \/><\/a><p id=\"caption-attachment-34425\" class=\"wp-caption-text\">La zona en rojo se\u00f1ala la regi\u00f3n del Pac\u00edfico de Nicaragua como la m\u00e1s caliente del continente.<\/p><\/div>\n<p>Nicaragua \u201cardi\u00f3\u201d en el mes de julio al presentar los registros m\u00e1s altos de temperatura del continente americano, con valores de entre 4 y 5 grados por encima de la norma hist\u00f3rica, seg\u00fan un estudio del Observatorio de la Tierra de la NASA.<\/p>\n<p>Dicho estudio fue reproducido por el asesor cient\u00edfico del Instituto Nicarag\u00fcense de Estudios Territoriales (Ineter), doctor Jos\u00e9 Mil\u00e1n, quien manifest\u00f3 que en nuestra geograf\u00eda se registraron incluso temperaturas de 6 y 7 grados m\u00e1s altas de lo normal.<\/p>\n<p>El especialista expres\u00f3 que la temperatura ambiente, la m\u00e1s conocida por el p\u00fablico en general, no es necesariamente la misma que la temperatura de la superficie de la tierra, ya que esta \u00faltima lo que valora es la cantidad de calor que hay en el suelo.<\/p>\n<p>\u201cParece ser que producto a todas estas condiciones que estamos pasando como El Ni\u00f1o, las radiaciones solares persistentes, las condiciones de escasa nubosidad para esta \u00e9poca, todos esos factores contribuyeron a que la radiaci\u00f3n solar creara un calentamiento superior al normal en gran parte de nuestro territorio nacional\u201d, manifest\u00f3 el asesor del Ineter citado por la web \u201cEl 19\u201d.<\/p>\n<p>Mil\u00e1n mostr\u00f3 un mapa de Nicaragua en donde se observan amplias zonas rojas, las cuales coinciden con suelos agr\u00edcolas desprovistos de vegetaci\u00f3n.<\/p>\n<p>\u201cEs muy importante que entendamos lo siguiente: que aquellos suelos que se desforestan o que se queman o que est\u00e1n totalmente desprovistos de vegetaci\u00f3n, ante un fen\u00f3meno an\u00f3malo como este (&#8230;) elevan considerablemente su temperatura\u201d, afirm\u00f3.<\/p>\n<p>En peligro la salud y las cosechas<\/p>\n<p>Entre los principales problemas que ocasiona el incremento de la temperatura de la tierra est\u00e1 la muerte de muchos microorganismos que juegan un rol muy importante en la vida del suelo y por tanto en las cosechas.<\/p>\n<p>El experto contrast\u00f3 las zonas rojas del mapa con las reservas de biosfera de Bosaw\u00e1s e Indio Ma\u00edz, cuya enorme cobertura vegetal le permiti\u00f3 mantenerse al margen de esta anomal\u00eda.<\/p>\n<p>Subray\u00f3 que esto tambi\u00e9n tiene un enorme impacto en la salud humana, debido a que hay m\u00e1s polvo y menos posibilidad de alimentos.<\/p>\n<p>El experto en cambio clim\u00e1tico destac\u00f3 que ante estas anomal\u00edas no hay mucho por hacer, ya que esto es el efecto de los da\u00f1os que se han ocasionado al medio ambiente.<\/p>\n<p>Sin embargo, aconsej\u00f3 que los productores eviten mantener los suelos desnudos y empezar a destinar en las parcelas de cultivo alg\u00fan espacio para sembrar especies de \u00e1rboles nativos que mitiguen el calor.<\/p>\n","protected":false},"excerpt":{"rendered":"<p>Nicaragua \u201cardi\u00f3\u201d en el mes de julio al presentar los registros m\u00e1s altos de temperatura del continente americano, con valores de entre 4 y 5 grados por encima de la norma hist\u00f3rica, seg\u00fan un estudio del Observatorio de la Tierra de la NASA. Dicho estudio fue reproducido por el asesor cient\u00edfico del Instituto Nicarag\u00fcense de [&hellip;]<\/p>\n","protected":false},"author":1,"featured_media":34425,"comment_status":"open","ping_status":"open","sticky":false,"template":"","format":"standard","meta":{"om_disable_all_campaigns":false,"_monsterinsights_skip_tracking":false,"_monsterinsights_sitenote_active":false,"_monsterinsights_sitenote_note":"","_monsterinsights_sitenote_category":0,"footnotes":""},"categories":[3524,13],"tags":[],"class_list":["post-34424","post","type-post","status-publish","format-standard","has-post-thumbnail","hentry","category-noticas","category-portada"],"aioseo_notices":[],"_links":{"self":[{"href":"https:\/\/elcronistadigital.com\/index.php?rest_route=\/wp\/v2\/posts\/34424","targetHints":{"allow":["GET"]}}],"collection":[{"href":"https:\/\/elcronistadigital.com\/index.php?rest_route=\/wp\/v2\/posts"}],"about":[{"href":"https:\/\/elcronistadigital.com\/index.php?rest_route=\/wp\/v2\/types\/post"}],"author":[{"embeddable":true,"href":"https:\/\/elcronistadigital.com\/index.php?rest_route=\/wp\/v2\/users\/1"}],"replies":[{"embeddable":true,"href":"https:\/\/elcronistadigital.com\/index.php?rest_route=%2Fwp%2Fv2%2Fcomments&post=34424"}],"version-history":[{"count":1,"href":"https:\/\/elcronistadigital.com\/index.php?rest_route=\/wp\/v2\/posts\/34424\/revisions"}],"predecessor-version":[{"id":34426,"href":"https:\/\/elcronistadigital.com\/index.php?rest_route=\/wp\/v2\/posts\/34424\/revisions\/34426"}],"wp:featuredmedia":[{"embeddable":true,"href":"https:\/\/elcronistadigital.com\/index.php?rest_route=\/wp\/v2\/media\/34425"}],"wp:attachment":[{"href":"https:\/\/elcronistadigital.com\/index.php?rest_route=%2Fwp%2Fv2%2Fmedia&parent=34424"}],"wp:term":[{"taxonomy":"category","embeddable":true,"href":"https:\/\/elcronistadigital.com\/index.php?rest_route=%2Fwp%2Fv2%2Fcategories&post=34424"},{"taxonomy":"post_tag","embeddable":true,"href":"https:\/\/elcronistadigital.com\/index.php?rest_route=%2Fwp%2Fv2%2Ftags&post=34424"}],"curies":[{"name":"wp","href":"https:\/\/api.w.org\/{rel}","templated":true}]}}