{"id":34427,"date":"2014-08-14T18:13:35","date_gmt":"2014-08-15T00:13:35","guid":{"rendered":"http:\/\/elcronistadigital.com\/?p=34427"},"modified":"2014-08-14T18:13:35","modified_gmt":"2014-08-15T00:13:35","slug":"colombia-quiere-eludir-a-la-haya","status":"publish","type":"post","link":"https:\/\/elcronistadigital.com\/?p=34427","title":{"rendered":"Colombia quiere eludir a La Haya"},"content":{"rendered":"<div id=\"attachment_34428\" style=\"width: 310px\" class=\"wp-caption alignleft\"><a href=\"https:\/\/elcronistadigital.com\/?attachment_id=34428\" rel=\"attachment wp-att-34428\"><img loading=\"lazy\" decoding=\"async\" aria-describedby=\"caption-attachment-34428\" class=\"size-full wp-image-34428\" alt=\"Juan Manuel Santos.\" src=\"https:\/\/elcronistadigital.com\/wp-content\/uploads\/2014\/08\/Juan-Manuel-Santos.jpg\" width=\"300\" height=\"200\" \/><\/a><p id=\"caption-attachment-34428\" class=\"wp-caption-text\">Juan Manuel Santos.<\/p><\/div>\n<p>El presidente de Colombia, Juan Manuel Santos, anunci\u00f3 este jueves que su Gobierno solicit\u00f3 a la Corte Internacional de Justicia (CIJ) que se declare incompetente para conocer la segunda demanda presentada por Nicaragua.<\/p>\n<p>Pese a que se niega a cumplir el inapelable fallo del 2012 que devolvi\u00f3 a Nicaragua m\u00e1s de 90 mil km cuadrados en el mar Caribe, dijo que su pa\u00eds \u201ces respetuoso del Derecho Internacional y por ello decid\u00ed que deb\u00edamos manifestar con toda franqueza y contundencia ante la CIJ las razones jur\u00eddicas que le impiden pronunciarse de nuevo sobre cualquier petici\u00f3n nicarag\u00fcense\u00bb.<\/p>\n<p>En este caso, Santos aclar\u00f3 que se refiere a la demanda presentada el 16 de septiembre de 2013 por Nicaragua para \u00abreclamar una presunta plataforma continental extendida\u00bb. \u00abColombia argumenta que dicha demanda es inadmisible\u00bb, se\u00f1al\u00f3 citado por Europa Press.<\/p>\n<p>Manifest\u00f3 que la solicitud colombiana \u00abes s\u00f3lida\u00bb porque \u00abha sido preparada por un grupo de prestigiosos abogados internacionales\u00bb. \u00abEsta acci\u00f3n tambi\u00e9n fue consultada con la Comisi\u00f3n Asesora de Relaciones Exteriores\u00bb, ha a\u00f1adido.<\/p>\n<p>Santos ha destacado que su Gobierno \u00abno ha dejado ning\u00fan argumento ni opini\u00f3n sin el estudio y la consideraci\u00f3n apropiados\u00bb. \u00abHemos trabajado con seriedad y rigor\u00bb, afirm\u00f3, de acuerdo con la Casa de Nari\u00f1o.<\/p>\n<p>No obstante, se ha negado a revelar cualquier informaci\u00f3n al respecto, dado que, \u00abconforme a las normas de la CIJ, los escritos y los argumentos en esta etapa son confidenciales\u00bb.<\/p>\n<p>\u00abEl Gobierno seguir\u00e1 trabajando con determinaci\u00f3n, seriedad y responsabilidad para defender los intereses de Colombia ante cualquier instancia internacional\u00bb, concluy\u00f3.<\/p>\n<p>Litigio en la CIJ<\/p>\n<p>La CIJ reconoci\u00f3 el 19 de noviembre de 2012 la soberan\u00eda colombiana sobre el archipi\u00e9lago de San Andr\u00e9s, Providencia y Santa Catalina, que reclamaban tanto Bogot\u00e1 como Managua, y ampli\u00f3 la extensi\u00f3n de las aguas territoriales de Nicaragua hasta las 200 millas n\u00e1uticas en todos los puntos de la l\u00ednea lim\u00edtrofe.<\/p>\n<p>Santos consider\u00f3 que la decisi\u00f3n del alto tribunal sobre las aguas nicarag\u00fcenses es un \u00aberror\u00bb porque a\u00edsla tres cayos del territorio continental colombiano y \u00abdesconoce varios acuerdos internacionales\u00bb, lo que genera \u00abuna serie de complejidades\u00bb que afectar\u00e1n a varios pa\u00edses caribe\u00f1os.<\/p>\n<p>En consecuencia, anunci\u00f3 que, dado que \u00abla CIJ ha incurrido en serias equivocaciones\u00bb, su Gobierno no iba a acatar el fallo y que incluso denunciar\u00eda el Pacto de Bogot\u00e1, por el que reconoce la jurisdicci\u00f3n del alto tribunal.<\/p>\n<p>En cambio, el presidente nicarag\u00fcense, Daniel Ortega, calific\u00f3 la decisi\u00f3n de \u00abvictoria nacional\u00bb y, aunque expres\u00f3 su preocupaci\u00f3n por las palabras de Santos, confi\u00f3 en que finalmente reconozca el fallo de la CIJ, ya que \u00abno hay otra forma de seguir adelante\u00bb.<\/p>\n<p>Hace casi un a\u00f1o, Nicaragua volvi\u00f3 a la carga al presentar otra demanda en la CIJ para fijar los l\u00edmites de la frontera mar\u00edtima y de la plataforma continental m\u00e1s all\u00e1 de los establecidos en el fallo, algo que Colombia calific\u00f3 de \u00abinamistoso, improcedente e infundado\u00bb.<\/p>\n","protected":false},"excerpt":{"rendered":"<p>El presidente de Colombia, Juan Manuel Santos, anunci\u00f3 este jueves que su Gobierno solicit\u00f3 a la Corte Internacional de Justicia (CIJ) que se declare incompetente para conocer la segunda demanda presentada por Nicaragua. Pese a que se niega a cumplir el inapelable fallo del 2012 que devolvi\u00f3 a Nicaragua m\u00e1s de 90 mil km cuadrados [&hellip;]<\/p>\n","protected":false},"author":1,"featured_media":34428,"comment_status":"open","ping_status":"open","sticky":false,"template":"","format":"standard","meta":{"om_disable_all_campaigns":false,"_monsterinsights_skip_tracking":false,"_monsterinsights_sitenote_active":false,"_monsterinsights_sitenote_note":"","_monsterinsights_sitenote_category":0,"footnotes":""},"categories":[3524,13],"tags":[],"class_list":["post-34427","post","type-post","status-publish","format-standard","has-post-thumbnail","hentry","category-noticas","category-portada"],"aioseo_notices":[],"_links":{"self":[{"href":"https:\/\/elcronistadigital.com\/index.php?rest_route=\/wp\/v2\/posts\/34427","targetHints":{"allow":["GET"]}}],"collection":[{"href":"https:\/\/elcronistadigital.com\/index.php?rest_route=\/wp\/v2\/posts"}],"about":[{"href":"https:\/\/elcronistadigital.com\/index.php?rest_route=\/wp\/v2\/types\/post"}],"author":[{"embeddable":true,"href":"https:\/\/elcronistadigital.com\/index.php?rest_route=\/wp\/v2\/users\/1"}],"replies":[{"embeddable":true,"href":"https:\/\/elcronistadigital.com\/index.php?rest_route=%2Fwp%2Fv2%2Fcomments&post=34427"}],"version-history":[{"count":1,"href":"https:\/\/elcronistadigital.com\/index.php?rest_route=\/wp\/v2\/posts\/34427\/revisions"}],"predecessor-version":[{"id":34429,"href":"https:\/\/elcronistadigital.com\/index.php?rest_route=\/wp\/v2\/posts\/34427\/revisions\/34429"}],"wp:featuredmedia":[{"embeddable":true,"href":"https:\/\/elcronistadigital.com\/index.php?rest_route=\/wp\/v2\/media\/34428"}],"wp:attachment":[{"href":"https:\/\/elcronistadigital.com\/index.php?rest_route=%2Fwp%2Fv2%2Fmedia&parent=34427"}],"wp:term":[{"taxonomy":"category","embeddable":true,"href":"https:\/\/elcronistadigital.com\/index.php?rest_route=%2Fwp%2Fv2%2Fcategories&post=34427"},{"taxonomy":"post_tag","embeddable":true,"href":"https:\/\/elcronistadigital.com\/index.php?rest_route=%2Fwp%2Fv2%2Ftags&post=34427"}],"curies":[{"name":"wp","href":"https:\/\/api.w.org\/{rel}","templated":true}]}}