{"id":34446,"date":"2014-08-15T09:29:32","date_gmt":"2014-08-15T15:29:32","guid":{"rendered":"http:\/\/elcronistadigital.com\/?p=34446"},"modified":"2014-08-15T09:29:32","modified_gmt":"2014-08-15T15:29:32","slug":"amenaza-de-captura-sobre-oscar-duarte","status":"publish","type":"post","link":"https:\/\/elcronistadigital.com\/?p=34446","title":{"rendered":"Amenaza de captura sobre \u00d3scar Duarte"},"content":{"rendered":"<p><a href=\"https:\/\/elcronistadigital.com\/?attachment_id=34447\" rel=\"attachment wp-att-34447\"><img loading=\"lazy\" decoding=\"async\" class=\"alignleft size-medium wp-image-34447\" alt=\"Oscar Duarte-Brujas\" src=\"https:\/\/elcronistadigital.com\/wp-content\/uploads\/2014\/08\/Oscar-Duarte-Brujas-300x176.jpg\" width=\"300\" height=\"176\" srcset=\"https:\/\/elcronistadigital.com\/wp-content\/uploads\/2014\/08\/Oscar-Duarte-Brujas-300x176.jpg 300w, https:\/\/elcronistadigital.com\/wp-content\/uploads\/2014\/08\/Oscar-Duarte-Brujas-342x200.jpg 342w, https:\/\/elcronistadigital.com\/wp-content\/uploads\/2014\/08\/Oscar-Duarte-Brujas.jpg 984w\" sizes=\"auto, (max-width: 300px) 100vw, 300px\" \/><\/a>El futbolista nicarag\u00fcense y nacionalizado costarricense \u00d3scar Duarte, podr\u00eda ser arrestado en B\u00e9lgica, donde juega en el equipo Brujas, debido a una acusaci\u00f3n en su pa\u00eds de adopci\u00f3n por parte de un hombre al que habr\u00eda proferido amenazas agravadas.<\/p>\n<p>Duarte, quien se destac\u00f3 con la selecci\u00f3n tica en el Mundial de Brasil 2014, tiene en Costa Rica acusaciones por tres presuntos delitos contra tres personas, una de los cuales -donde figuraban dos afectadas, una mayor y otra menor de edad- se archiv\u00f3.<\/p>\n<p>Sin embargo, una causa qued\u00f3 abierta, la cual se remonta al 2012, cuando al parecer el mundialista realiz\u00f3 una serie de amenazas agravadas en perjuicio de un hombre de apellidos Vel\u00e1squez Miranda, seg\u00fan publica Diario Extra.<\/p>\n<p>Por esa raz\u00f3n el tr\u00e1mite se encuentra en proceso de acusaci\u00f3n y solicitud de apertura de juicio, por lo que la audiencia preliminar tuvo fecha de inicio el pasado 12 de agosto, sin embargo Duarte no se present\u00f3.<\/p>\n<p>Marliza Araya, de la Fiscal\u00eda de C\u00f3bano, lugar donde se cometieron los hechos, indic\u00f3 que no se ha llegado a ninguna conciliaci\u00f3n porque Duarte a\u00fan no arriba a suelo costarricense.<\/p>\n<p>\u201c\u00c9l ten\u00eda dos causas, una de ellas ya se archiv\u00f3, mientras que la otra sigue en proceso. No se ha llegado a ninguna conciliaci\u00f3n porque \u00e9l (jugador) no se ha presentado\u201d, dijo.<\/p>\n<p>Sin embargo, la situaci\u00f3n podr\u00eda empeorar, ya que seg\u00fan la funcionaria, el expediente del futbolista est\u00e1 en poder del Ministerio P\u00fablico y si el fiscal quiere puede girar una orden de captura para que llegue a Costa Rica y comparezca por los delitos que se le acusan.<\/p>\n<p>\u201cComo la conciliaci\u00f3n no se realiz\u00f3, el expediente se devuelve al Ministerio P\u00fablico y si el fiscal as\u00ed lo desea puede realizar una orden de captura para que lo detengan\u201d, coment\u00f3.<\/p>\n<p>Araya manifest\u00f3 que la audiencia para este caso a\u00fan no tiene fecha de programaci\u00f3n, ya que apenas se suspendi\u00f3 el martes anterior, por lo que el proceso se tornar\u00eda m\u00e1s lento de lo normal.<\/p>\n<p>Agreg\u00f3 que el abogado del defensor envi\u00f3 un escrito donde mencionaba varias razones por las cuales no se hab\u00eda presentado a rendir cuentas, sin embargo, no detall\u00f3 el contenido del texto.<\/p>\n<p>Las autoridades costarricenses esperan que se aclaren los hechos, siempre y cuando el futbolista se presente a dar su versi\u00f3n sobre lo sucedido.<\/p>\n","protected":false},"excerpt":{"rendered":"<p>El futbolista nicarag\u00fcense y nacionalizado costarricense \u00d3scar Duarte, podr\u00eda ser arrestado en B\u00e9lgica, donde juega en el equipo Brujas, debido a una acusaci\u00f3n en su pa\u00eds de adopci\u00f3n por parte de un hombre al que habr\u00eda proferido amenazas agravadas. Duarte, quien se destac\u00f3 con la selecci\u00f3n tica en el Mundial de Brasil 2014, tiene en [&hellip;]<\/p>\n","protected":false},"author":1,"featured_media":34447,"comment_status":"open","ping_status":"open","sticky":false,"template":"","format":"standard","meta":{"om_disable_all_campaigns":false,"_monsterinsights_skip_tracking":false,"_monsterinsights_sitenote_active":false,"_monsterinsights_sitenote_note":"","_monsterinsights_sitenote_category":0,"footnotes":""},"categories":[3524],"tags":[],"class_list":["post-34446","post","type-post","status-publish","format-standard","has-post-thumbnail","hentry","category-noticas"],"aioseo_notices":[],"_links":{"self":[{"href":"https:\/\/elcronistadigital.com\/index.php?rest_route=\/wp\/v2\/posts\/34446","targetHints":{"allow":["GET"]}}],"collection":[{"href":"https:\/\/elcronistadigital.com\/index.php?rest_route=\/wp\/v2\/posts"}],"about":[{"href":"https:\/\/elcronistadigital.com\/index.php?rest_route=\/wp\/v2\/types\/post"}],"author":[{"embeddable":true,"href":"https:\/\/elcronistadigital.com\/index.php?rest_route=\/wp\/v2\/users\/1"}],"replies":[{"embeddable":true,"href":"https:\/\/elcronistadigital.com\/index.php?rest_route=%2Fwp%2Fv2%2Fcomments&post=34446"}],"version-history":[{"count":1,"href":"https:\/\/elcronistadigital.com\/index.php?rest_route=\/wp\/v2\/posts\/34446\/revisions"}],"predecessor-version":[{"id":34448,"href":"https:\/\/elcronistadigital.com\/index.php?rest_route=\/wp\/v2\/posts\/34446\/revisions\/34448"}],"wp:featuredmedia":[{"embeddable":true,"href":"https:\/\/elcronistadigital.com\/index.php?rest_route=\/wp\/v2\/media\/34447"}],"wp:attachment":[{"href":"https:\/\/elcronistadigital.com\/index.php?rest_route=%2Fwp%2Fv2%2Fmedia&parent=34446"}],"wp:term":[{"taxonomy":"category","embeddable":true,"href":"https:\/\/elcronistadigital.com\/index.php?rest_route=%2Fwp%2Fv2%2Fcategories&post=34446"},{"taxonomy":"post_tag","embeddable":true,"href":"https:\/\/elcronistadigital.com\/index.php?rest_route=%2Fwp%2Fv2%2Ftags&post=34446"}],"curies":[{"name":"wp","href":"https:\/\/api.w.org\/{rel}","templated":true}]}}