{"id":3445,"date":"2011-08-01T16:13:35","date_gmt":"2011-08-01T22:13:35","guid":{"rendered":"http:\/\/elcronistadigital.com\/?p=3445"},"modified":"2011-08-01T16:13:35","modified_gmt":"2011-08-01T22:13:35","slug":"chavez-aparece-con-%e2%80%9cnew-look%e2%80%9d","status":"publish","type":"post","link":"https:\/\/elcronistadigital.com\/?p=3445","title":{"rendered":"Ch\u00e1vez aparece con \u201cnew look\u201d"},"content":{"rendered":"<p><div id=\"attachment_3446\" style=\"width: 310px\" class=\"wp-caption alignleft\"><a href=\"https:\/\/elcronistadigital.com\/?attachment_id=3446\" rel=\"attachment wp-att-3446\"><img loading=\"lazy\" decoding=\"async\" aria-describedby=\"caption-attachment-3446\" src=\"https:\/\/elcronistadigital.com\/wp-content\/uploads\/2011\/08\/chavez-rapado-300x160.jpg\" alt=\"\" title=\"chavez-rapado\" width=\"300\" height=\"160\" class=\"size-medium wp-image-3446\" srcset=\"https:\/\/elcronistadigital.com\/wp-content\/uploads\/2011\/08\/chavez-rapado-300x160.jpg 300w, https:\/\/elcronistadigital.com\/wp-content\/uploads\/2011\/08\/chavez-rapado-342x182.jpg 342w, https:\/\/elcronistadigital.com\/wp-content\/uploads\/2011\/08\/chavez-rapado.jpg 375w\" sizes=\"auto, (max-width: 300px) 100vw, 300px\" \/><\/a><p id=\"caption-attachment-3446\" class=\"wp-caption-text\">El presidente Hugo Ch\u00e1vez y su nuevo &quot;look&quot;.<\/p><\/div>Dice que llam\u00f3 a su barbero para que lo rapara porque cuando se estaba ba\u00f1ando se le cay\u00f3 un pedazo de cabello. Tres ministros no fueron juramentados porque est\u00e1n con gripe y mandatario no quiso arriesgarse a que le trasmitieran virus.<\/p>\n<p>Al d\u00eda siguiente de haber anunciado que el cabello se le estaba cayendo, el presidente de Venezuela Hugo Ch\u00e1vez apareci\u00f3 en p\u00fablico este lunes por primera vez con la cabeza rapada durante la juramentaci\u00f3n de tres nuevos ministros.  <\/p>\n<p>En tono de broma Ch\u00e1vez dijo es \u00abmy new look\u00bb, seg\u00fan reportes de varias agencias de prensa y medios de comunicaci\u00f3n.<\/p>\n<p>Antes del acto de juramentaci\u00f3n durante un contacto con el canal estatal VTV, el mandatario explic\u00f3 que decidi\u00f3 raparse porque el cabello se le estaba cayendo.<\/p>\n<p>\u00abAnoche (domingo) tuve que llamar al barbero y le dije mira se me est\u00e1 cayendo el pelo porque me fui a ba\u00f1ar y me ech\u00e9 champ\u00fa, como siempre uso, y sent\u00ed que zas, se me cay\u00f3 un pedazo y dije ya, ya. Anoche lo decid\u00ed\u00bb, agreg\u00f3.<\/p>\n<p>Explic\u00f3 que la ca\u00edda del cabello se debe a  que la quimioterapia \u00abataca con prioridad aquellas c\u00e9lulas del cuerpo que experimentan r\u00e1pido crecimiento\u00bb, entre ellas el fol\u00edculo capilar.<\/p>\n<p>Durante su aparici\u00f3n critic\u00f3 a la oposici\u00f3n por estar \u00abmontando un show macabro (&#8230;) sin ninguna base cient\u00edfica\u00bb en alusi\u00f3n a los rumores que su estado de salud es peor de lo que el mismo habr\u00eda informado.<br \/>\n\u00abPonen a correr rumores que si tengo un c\u00e1ncer en el colon, en el recto, en la vejiga. Nada de eso es cierto\u00bb, dijo Ch\u00e1vez sin precisar  qu\u00e9 tipo de c\u00e1ncer padece.<\/p>\n<p>Cuid\u00e1ndose de virus<\/p>\n<p>A pesar que la semana pasada anunci\u00f3 que participar\u00e1 en las elecciones presidenciales del 2012, muchos venezolanos tienen dudas sobre si su estado de salud le permitir\u00e1 presentarse a una reelecci\u00f3n.<\/p>\n<p>Al acto de juramentaci\u00f3n no asistieron tres ministros que se encuentran con gripe, ya que seg\u00fan dijo no pod\u00eda arriesgarse a que lo contagiaran el virus.<\/p>\n","protected":false},"excerpt":{"rendered":"<p>Dice que llam\u00f3 a su barbero para que lo rapara porque cuando se estaba ba\u00f1ando se le cay\u00f3 un pedazo de cabello. Tres ministros no fueron juramentados porque est\u00e1n con gripe y mandatario no quiso arriesgarse a que le trasmitieran virus. Al d\u00eda siguiente de haber anunciado que el cabello se le estaba cayendo, el [&hellip;]<\/p>\n","protected":false},"author":1,"featured_media":3446,"comment_status":"open","ping_status":"open","sticky":false,"template":"","format":"standard","meta":{"om_disable_all_campaigns":false,"_monsterinsights_skip_tracking":false,"_monsterinsights_sitenote_active":false,"_monsterinsights_sitenote_note":"","_monsterinsights_sitenote_category":0,"footnotes":""},"categories":[13],"tags":[],"class_list":["post-3445","post","type-post","status-publish","format-standard","has-post-thumbnail","hentry","category-portada"],"aioseo_notices":[],"_links":{"self":[{"href":"https:\/\/elcronistadigital.com\/index.php?rest_route=\/wp\/v2\/posts\/3445","targetHints":{"allow":["GET"]}}],"collection":[{"href":"https:\/\/elcronistadigital.com\/index.php?rest_route=\/wp\/v2\/posts"}],"about":[{"href":"https:\/\/elcronistadigital.com\/index.php?rest_route=\/wp\/v2\/types\/post"}],"author":[{"embeddable":true,"href":"https:\/\/elcronistadigital.com\/index.php?rest_route=\/wp\/v2\/users\/1"}],"replies":[{"embeddable":true,"href":"https:\/\/elcronistadigital.com\/index.php?rest_route=%2Fwp%2Fv2%2Fcomments&post=3445"}],"version-history":[{"count":2,"href":"https:\/\/elcronistadigital.com\/index.php?rest_route=\/wp\/v2\/posts\/3445\/revisions"}],"predecessor-version":[{"id":3448,"href":"https:\/\/elcronistadigital.com\/index.php?rest_route=\/wp\/v2\/posts\/3445\/revisions\/3448"}],"wp:featuredmedia":[{"embeddable":true,"href":"https:\/\/elcronistadigital.com\/index.php?rest_route=\/wp\/v2\/media\/3446"}],"wp:attachment":[{"href":"https:\/\/elcronistadigital.com\/index.php?rest_route=%2Fwp%2Fv2%2Fmedia&parent=3445"}],"wp:term":[{"taxonomy":"category","embeddable":true,"href":"https:\/\/elcronistadigital.com\/index.php?rest_route=%2Fwp%2Fv2%2Fcategories&post=3445"},{"taxonomy":"post_tag","embeddable":true,"href":"https:\/\/elcronistadigital.com\/index.php?rest_route=%2Fwp%2Fv2%2Ftags&post=3445"}],"curies":[{"name":"wp","href":"https:\/\/api.w.org\/{rel}","templated":true}]}}