{"id":34452,"date":"2014-08-16T07:21:09","date_gmt":"2014-08-16T13:21:09","guid":{"rendered":"http:\/\/elcronistadigital.com\/?p=34452"},"modified":"2014-08-16T07:21:09","modified_gmt":"2014-08-16T13:21:09","slug":"objetivo-es-descalificar-a-la-haya","status":"publish","type":"post","link":"https:\/\/elcronistadigital.com\/?p=34452","title":{"rendered":"Objetivo es descalificar a La Haya"},"content":{"rendered":"<p><a href=\"https:\/\/elcronistadigital.com\/?attachment_id=34454\" rel=\"attachment wp-att-34454\"><img loading=\"lazy\" decoding=\"async\" class=\"alignleft size-medium wp-image-34454\" alt=\"CIJ4\" src=\"https:\/\/elcronistadigital.com\/wp-content\/uploads\/2014\/08\/CIJ4-300x200.jpg\" width=\"300\" height=\"200\" srcset=\"https:\/\/elcronistadigital.com\/wp-content\/uploads\/2014\/08\/CIJ4-300x200.jpg 300w, https:\/\/elcronistadigital.com\/wp-content\/uploads\/2014\/08\/CIJ4-342x228.jpg 342w, https:\/\/elcronistadigital.com\/wp-content\/uploads\/2014\/08\/CIJ4.jpg 700w\" sizes=\"auto, (max-width: 300px) 100vw, 300px\" \/><\/a>Nicaragua tendr\u00e1 un m\u00e1ximo de cuatro meses para responder el recurso dilatorio interpuesto por el gobierno colombiano para que se desconozca la intenci\u00f3n de ampliar la plataforma mar\u00edtima de nuestro pa\u00eds, y que busca desconocer la jurisdicci\u00f3n de la Corte Internacional de Justicia (CIJ).<\/p>\n<p>El presidente Juan Manuel Santos asegur\u00f3 que Colombia le solicit\u00f3 el jueves a la CIJ declararse sin competencia para conocer la demanda interpuesta por Nicaragua contra el pa\u00eds el 16 de septiembre de 2013.<\/p>\n<p>El jurista Carlos Gustavo Arrieta, quien ha llevado gran parte del proceso de litigio entre Colombia y Nicaragua, explic\u00f3 que conf\u00eda en la estrategia de su gobierno \u201cfrente a las nuevas pretensiones del pa\u00eds centroamericano en cuanto a extender su plataforma continental\u201d.<\/p>\n<p>\u00abDesde que Nicaragua present\u00f3 la demanda se empez\u00f3 a concebir toda una estrategia para el manejo de este asunto y esto no es m\u00e1s de una estrategia muy bien pensada desde ese momento. Lo que se pretende es tratar de lograr una cosa muy importante y es decirle a la Corte que ella no tiene jurisdicci\u00f3n para pronunciarse en este caso\u00bb, dijo.<\/p>\n<p>El abogado Arrieta reconoci\u00f3 que es un proceso demorado y la estrategia se concibe as\u00ed, no obstante, indic\u00f3 que lo que se busca es frenar la nueva demanda de Nicaragua con unas tesis muy s\u00f3lidas y un equipo de abogados nacionales e internacionales que conocen de este tipo de litigios.<\/p>\n","protected":false},"excerpt":{"rendered":"<p>Nicaragua tendr\u00e1 un m\u00e1ximo de cuatro meses para responder el recurso dilatorio interpuesto por el gobierno colombiano para que se desconozca la intenci\u00f3n de ampliar la plataforma mar\u00edtima de nuestro pa\u00eds, y que busca desconocer la jurisdicci\u00f3n de la Corte Internacional de Justicia (CIJ). El presidente Juan Manuel Santos asegur\u00f3 que Colombia le solicit\u00f3 el [&hellip;]<\/p>\n","protected":false},"author":1,"featured_media":34454,"comment_status":"open","ping_status":"open","sticky":false,"template":"","format":"standard","meta":{"om_disable_all_campaigns":false,"_monsterinsights_skip_tracking":false,"_monsterinsights_sitenote_active":false,"_monsterinsights_sitenote_note":"","_monsterinsights_sitenote_category":0,"footnotes":""},"categories":[3524,13],"tags":[],"class_list":["post-34452","post","type-post","status-publish","format-standard","has-post-thumbnail","hentry","category-noticas","category-portada"],"aioseo_notices":[],"_links":{"self":[{"href":"https:\/\/elcronistadigital.com\/index.php?rest_route=\/wp\/v2\/posts\/34452","targetHints":{"allow":["GET"]}}],"collection":[{"href":"https:\/\/elcronistadigital.com\/index.php?rest_route=\/wp\/v2\/posts"}],"about":[{"href":"https:\/\/elcronistadigital.com\/index.php?rest_route=\/wp\/v2\/types\/post"}],"author":[{"embeddable":true,"href":"https:\/\/elcronistadigital.com\/index.php?rest_route=\/wp\/v2\/users\/1"}],"replies":[{"embeddable":true,"href":"https:\/\/elcronistadigital.com\/index.php?rest_route=%2Fwp%2Fv2%2Fcomments&post=34452"}],"version-history":[{"count":1,"href":"https:\/\/elcronistadigital.com\/index.php?rest_route=\/wp\/v2\/posts\/34452\/revisions"}],"predecessor-version":[{"id":34455,"href":"https:\/\/elcronistadigital.com\/index.php?rest_route=\/wp\/v2\/posts\/34452\/revisions\/34455"}],"wp:featuredmedia":[{"embeddable":true,"href":"https:\/\/elcronistadigital.com\/index.php?rest_route=\/wp\/v2\/media\/34454"}],"wp:attachment":[{"href":"https:\/\/elcronistadigital.com\/index.php?rest_route=%2Fwp%2Fv2%2Fmedia&parent=34452"}],"wp:term":[{"taxonomy":"category","embeddable":true,"href":"https:\/\/elcronistadigital.com\/index.php?rest_route=%2Fwp%2Fv2%2Fcategories&post=34452"},{"taxonomy":"post_tag","embeddable":true,"href":"https:\/\/elcronistadigital.com\/index.php?rest_route=%2Fwp%2Fv2%2Ftags&post=34452"}],"curies":[{"name":"wp","href":"https:\/\/api.w.org\/{rel}","templated":true}]}}