{"id":34459,"date":"2014-08-16T07:41:49","date_gmt":"2014-08-16T13:41:49","guid":{"rendered":"http:\/\/elcronistadigital.com\/?p=34459"},"modified":"2014-08-16T07:41:49","modified_gmt":"2014-08-16T13:41:49","slug":"colombia-no-podra-bloquear-a-la-cij","status":"publish","type":"post","link":"https:\/\/elcronistadigital.com\/?p=34459","title":{"rendered":"Colombia no podr\u00e1 bloquear a la CIJ"},"content":{"rendered":"<p><a href=\"https:\/\/elcronistadigital.com\/?attachment_id=34460\" rel=\"attachment wp-att-34460\"><img loading=\"lazy\" decoding=\"async\" class=\"alignleft size-medium wp-image-34460\" alt=\"Mauricio Herdocia\" src=\"https:\/\/elcronistadigital.com\/wp-content\/uploads\/2014\/08\/Mauricio-Herdocia-300x171.jpg\" width=\"300\" height=\"171\" srcset=\"https:\/\/elcronistadigital.com\/wp-content\/uploads\/2014\/08\/Mauricio-Herdocia-300x171.jpg 300w, https:\/\/elcronistadigital.com\/wp-content\/uploads\/2014\/08\/Mauricio-Herdocia-342x195.jpg 342w, https:\/\/elcronistadigital.com\/wp-content\/uploads\/2014\/08\/Mauricio-Herdocia.jpg 703w\" sizes=\"auto, (max-width: 300px) 100vw, 300px\" \/><\/a>La solicitud que el Estado de Nicaragua present\u00f3 ante la Corte Internacional de Justicia (CIJ) para fijar los l\u00edmites de su plataforma continental extendida m\u00e1s all\u00e1 de las 200 millas n\u00e1uticas, se basa en la Convenci\u00f3n de Naciones Unidas sobre Derecho del Mar, indic\u00f3 el especialista en derecho internacional Mauricio Herdocia.<\/p>\n<p>Durante una entrevista con medios nacionales, Herdocia refiri\u00f3 que no hay nada que impida a la CIJ conocer la solicitud de Nicaragua, aunque las autoridades colombianas hayan pedido a la Corte que se declare incompetente para conocer sobre ese tema.<\/p>\n<p>\u201cLo que sucede es que en el momento que la Corte falla sobre la disputa mar\u00edtima con Colombia en el a\u00f1o 2012, Nicaragua hab\u00eda presentado \u00fanicamente informaci\u00f3n preliminar a la Comisi\u00f3n de L\u00edmites sobre Plataforma Continental\u201d, explic\u00f3 citado por la web \u201cEl 19\u201d.<\/p>\n<p>Sin embargo, record\u00f3 que en junio del 2013 Nicaragua present\u00f3 la informaci\u00f3n completa y enriquecida ante dicha Comisi\u00f3n en donde el pa\u00eds centroamericano le solicita reconocer el borde de la plataforma continental nicarag\u00fcense en el Mar Caribe y est\u00e1 a la espera de la recomendaci\u00f3n correspondiente.<\/p>\n<p>\u201cLo que Nicaragua le est\u00e1 pidiendo a la Corte es que determine el l\u00edmite entre las respectivas plataformas continentales Colombia &#8211; Nicaragua en el punto donde se traslapan\u201d, reiter\u00f3 Herdocia, se\u00f1alando que Colombia tratar\u00e1 de impugnar la competencia de la Corte en ese tema.<\/p>\n<p>Herdocia inform\u00f3 que la Corte ya fij\u00f3 para diciembre de este a\u00f1o la presentaci\u00f3n de la memoria de Nicaragua y para diciembre del 2015 la presentaci\u00f3n de la memoria colombiana.<\/p>\n<p>\u201cLos procedimientos est\u00e1n en marcha, (pero) siempre Colombia va a tratar de dilatar el proceso de establecer cuanto obst\u00e1culo pueda levantar, pero la raz\u00f3n nuevamente est\u00e1 del lado de Nicaragua y el elemento procesal tambi\u00e9n est\u00e1 a favor de Nicaragua en vista que Nicaragua ya complet\u00f3 la presentaci\u00f3n ante la Comisi\u00f3n de L\u00edmites sobre Plataforma Continental\u201d, asegur\u00f3.<\/p>\n<p>\u201cNicaragua ya llen\u00f3 ese expediente y present\u00f3 ante la Comisi\u00f3n de L\u00edmites su solicitud relacionada con la plataforma continental extendida para escuchar las recomendaciones de la comisi\u00f3n. Ya no hay nada que le impida a la Corte entrar a conocer y declararse competente alrededor de este tema\u201d, agreg\u00f3 Herdocia.<\/p>\n<p>Finalmente el especialista manifest\u00f3 que la Comisi\u00f3n de L\u00edmites es un \u00f3rgano de Naciones Unidas y de conformidad con la Convenci\u00f3n de Naciones Unidas sobre Derecho del Mar, \u201cla declaraci\u00f3n del Estado sobre la plataforma continental extendida, amparada por las recomendaciones de la Comisi\u00f3n de L\u00edmites sobre Plataforma Continental tienen car\u00e1cter vinculante para toda la comunidad internacional\u201d, dijo Herdocia, dejando entrever que la sentencia de la CIJ sobre esta nueva demanda es de ineludible cumplimiento para ambos estados.<\/p>\n","protected":false},"excerpt":{"rendered":"<p>La solicitud que el Estado de Nicaragua present\u00f3 ante la Corte Internacional de Justicia (CIJ) para fijar los l\u00edmites de su plataforma continental extendida m\u00e1s all\u00e1 de las 200 millas n\u00e1uticas, se basa en la Convenci\u00f3n de Naciones Unidas sobre Derecho del Mar, indic\u00f3 el especialista en derecho internacional Mauricio Herdocia. Durante una entrevista con [&hellip;]<\/p>\n","protected":false},"author":1,"featured_media":34460,"comment_status":"open","ping_status":"open","sticky":false,"template":"","format":"standard","meta":{"om_disable_all_campaigns":false,"_monsterinsights_skip_tracking":false,"_monsterinsights_sitenote_active":false,"_monsterinsights_sitenote_note":"","_monsterinsights_sitenote_category":0,"footnotes":""},"categories":[3524,13],"tags":[],"class_list":["post-34459","post","type-post","status-publish","format-standard","has-post-thumbnail","hentry","category-noticas","category-portada"],"aioseo_notices":[],"_links":{"self":[{"href":"https:\/\/elcronistadigital.com\/index.php?rest_route=\/wp\/v2\/posts\/34459","targetHints":{"allow":["GET"]}}],"collection":[{"href":"https:\/\/elcronistadigital.com\/index.php?rest_route=\/wp\/v2\/posts"}],"about":[{"href":"https:\/\/elcronistadigital.com\/index.php?rest_route=\/wp\/v2\/types\/post"}],"author":[{"embeddable":true,"href":"https:\/\/elcronistadigital.com\/index.php?rest_route=\/wp\/v2\/users\/1"}],"replies":[{"embeddable":true,"href":"https:\/\/elcronistadigital.com\/index.php?rest_route=%2Fwp%2Fv2%2Fcomments&post=34459"}],"version-history":[{"count":1,"href":"https:\/\/elcronistadigital.com\/index.php?rest_route=\/wp\/v2\/posts\/34459\/revisions"}],"predecessor-version":[{"id":34461,"href":"https:\/\/elcronistadigital.com\/index.php?rest_route=\/wp\/v2\/posts\/34459\/revisions\/34461"}],"wp:featuredmedia":[{"embeddable":true,"href":"https:\/\/elcronistadigital.com\/index.php?rest_route=\/wp\/v2\/media\/34460"}],"wp:attachment":[{"href":"https:\/\/elcronistadigital.com\/index.php?rest_route=%2Fwp%2Fv2%2Fmedia&parent=34459"}],"wp:term":[{"taxonomy":"category","embeddable":true,"href":"https:\/\/elcronistadigital.com\/index.php?rest_route=%2Fwp%2Fv2%2Fcategories&post=34459"},{"taxonomy":"post_tag","embeddable":true,"href":"https:\/\/elcronistadigital.com\/index.php?rest_route=%2Fwp%2Fv2%2Ftags&post=34459"}],"curies":[{"name":"wp","href":"https:\/\/api.w.org\/{rel}","templated":true}]}}