{"id":34475,"date":"2014-08-16T11:37:39","date_gmt":"2014-08-16T17:37:39","guid":{"rendered":"http:\/\/elcronistadigital.com\/?p=34475"},"modified":"2014-08-16T11:37:39","modified_gmt":"2014-08-16T17:37:39","slug":"el-sueno-latinoamericano","status":"publish","type":"post","link":"https:\/\/elcronistadigital.com\/?p=34475","title":{"rendered":"El sue\u00f1o latinoamericano"},"content":{"rendered":"<div id=\"attachment_34476\" style=\"width: 310px\" class=\"wp-caption alignleft\"><a href=\"https:\/\/elcronistadigital.com\/?attachment_id=34476\" rel=\"attachment wp-att-34476\"><img loading=\"lazy\" decoding=\"async\" aria-describedby=\"caption-attachment-34476\" class=\"size-medium wp-image-34476\" alt=\"Gabriel Garc\u00eda M\u00e1rquez y Carlos Fuentes.\" src=\"https:\/\/elcronistadigital.com\/wp-content\/uploads\/2014\/08\/Gabo-y-Carlos-Fuentes-300x168.jpg\" width=\"300\" height=\"168\" srcset=\"https:\/\/elcronistadigital.com\/wp-content\/uploads\/2014\/08\/Gabo-y-Carlos-Fuentes-300x168.jpg 300w, https:\/\/elcronistadigital.com\/wp-content\/uploads\/2014\/08\/Gabo-y-Carlos-Fuentes-342x192.jpg 342w, https:\/\/elcronistadigital.com\/wp-content\/uploads\/2014\/08\/Gabo-y-Carlos-Fuentes.jpg 660w\" sizes=\"auto, (max-width: 300px) 100vw, 300px\" \/><\/a><p id=\"caption-attachment-34476\" class=\"wp-caption-text\">Gabriel Garc\u00eda M\u00e1rquez y Carlos Fuentes.<\/p><\/div>\n<p>Heriberto Y\u00e9pez<br \/>\nMilenio<\/p>\n<p>Ciudad de M\u00e9xico.- Uno de los secretos mejor guardados de la literatura mexicana es que realmente no se identific\u00f3 con la literatura latinoamericana.<\/p>\n<p>De no ser por el idioma, el escritor mexicano estar\u00eda tan aislado del resto del continente como el 99% de los autores norteamericanos.<\/p>\n<p>El autor mexicano que m\u00e1s se identific\u00f3 con la literatura latinoamericana \u2014por m\u00e1s de una raz\u00f3n\u2014 fue Carlos Fuentes.<\/p>\n<p>Si bien Paz tuvo perspectiva internacional (ausente en sus ep\u00edgonos), debido a la disidencia geopol\u00edtica del latinoamericanismo no se identific\u00f3 plenamente con ese proyecto. Paz era de derecha que no soportaba saberlo (ser paceano, ni siquiera sospecharlo).<\/p>\n<p>Washington no aprob\u00f3 la identidad post-nacional latinoamericanista asociada a un sentimiento de alianza intelectual con movimientos de liberaci\u00f3n, socialismo, antimperialismo, indigenismo y rebeli\u00f3n popular.<\/p>\n<p>USA (veladamente) y PRI (presupuestalmente) promovieron que el intelectual mexicano no se identificara con el latinoamericanismo.<\/p>\n<p>Nacionalito se ve\u00eda m\u00e1s bonito.<\/p>\n<p>As\u00ed se evit\u00f3 que fuera latinoamericanista y (ya caduco) fuese hecho (\u00a1pidiera ser!) globalizado.<\/p>\n<p>Diferencia: el mercado se sinti\u00f3 atra\u00eddo por el Boom; el post\u2013Boom se sinti\u00f3 atra\u00eddo por el mercado. Similitud: el mercado.<\/p>\n<p>Vargas Llosa es el puente entre ambos periodos (y editoriales y premios cada vez m\u00e1s irreales).<\/p>\n<p>El post\u2013Boom \u2014est\u00e9ril en grandes obras\u2014 ya no fue una combinaci\u00f3n de identidad nacional-literaria y latinoamericana sino de identidad nacional-literaria y mercado.<\/p>\n<p>El post\u2013Boom ya no quiso ser parte del sue\u00f1o bolivariano o la utop\u00eda socialista sino de la ilusi\u00f3n del mercado. El bajo nivel de esa aspiraci\u00f3n colabor\u00f3 con la inferioridad de su lenguaje.<\/p>\n<p>Los intelectuales no son importantes en el proceso geopol\u00edtico real. Adem\u00e1s, la derecha geopol\u00edtica tuvo mediana suerte: no gener\u00f3 un grupo de figuras intelectuales de talla suficiente. Los post-latinoamericanistas sirvieron de pausa, no de trofeo.<\/p>\n<p>De todos modos, gobiernos norteamericano y mexicano consiguieron imponer su pol\u00edtica intelectual. Este proceso lleva d\u00e9cadas.<\/p>\n<p>A nivel individual, gan\u00f3 el miedo y la cobard\u00eda (disfrazadas de cosmopolitismo y b\u00fasqueda de \u00e9xito).<\/p>\n<p>A principios del siglo XXI en M\u00e9xico, la intelectualidad se concibe en relaci\u00f3n con la competencia interna, los medios (sobre todo Internet), el subsidio, condecorarse mediante la editorial anhelada o la (automatizada) identidad nacional-mexicana.<\/p>\n<p>Buena parte de la grandeza que alcanz\u00f3 la literatura en Latinoam\u00e9rica se debi\u00f3 a que quiso ser literatura latinoamericana; la grandeza de ese sue\u00f1o fue la fuerza que impuls\u00f3 a la poes\u00eda, ensayo y narrativa de m\u00e1s de un siglo.<\/p>\n<p>Pero el sue\u00f1o latinoamericano era fr\u00e1gil y peligroso.<\/p>\n<p>Estados Unidos decidi\u00f3 que cuando la literatura latinoamericana despertara de la ceremonia de premiaci\u00f3n, el sue\u00f1o ya no estuviera ah\u00ed.<\/p>\n","protected":false},"excerpt":{"rendered":"<p>Heriberto Y\u00e9pez Milenio Ciudad de M\u00e9xico.- Uno de los secretos mejor guardados de la literatura mexicana es que realmente no se identific\u00f3 con la literatura latinoamericana. De no ser por el idioma, el escritor mexicano estar\u00eda tan aislado del resto del continente como el 99% de los autores norteamericanos. El autor mexicano que m\u00e1s se [&hellip;]<\/p>\n","protected":false},"author":1,"featured_media":34476,"comment_status":"open","ping_status":"open","sticky":false,"template":"","format":"standard","meta":{"om_disable_all_campaigns":false,"_monsterinsights_skip_tracking":false,"_monsterinsights_sitenote_active":false,"_monsterinsights_sitenote_note":"","_monsterinsights_sitenote_category":0,"footnotes":""},"categories":[10],"tags":[],"class_list":["post-34475","post","type-post","status-publish","format-standard","has-post-thumbnail","hentry","category-cultura"],"aioseo_notices":[],"_links":{"self":[{"href":"https:\/\/elcronistadigital.com\/index.php?rest_route=\/wp\/v2\/posts\/34475","targetHints":{"allow":["GET"]}}],"collection":[{"href":"https:\/\/elcronistadigital.com\/index.php?rest_route=\/wp\/v2\/posts"}],"about":[{"href":"https:\/\/elcronistadigital.com\/index.php?rest_route=\/wp\/v2\/types\/post"}],"author":[{"embeddable":true,"href":"https:\/\/elcronistadigital.com\/index.php?rest_route=\/wp\/v2\/users\/1"}],"replies":[{"embeddable":true,"href":"https:\/\/elcronistadigital.com\/index.php?rest_route=%2Fwp%2Fv2%2Fcomments&post=34475"}],"version-history":[{"count":1,"href":"https:\/\/elcronistadigital.com\/index.php?rest_route=\/wp\/v2\/posts\/34475\/revisions"}],"predecessor-version":[{"id":34477,"href":"https:\/\/elcronistadigital.com\/index.php?rest_route=\/wp\/v2\/posts\/34475\/revisions\/34477"}],"wp:featuredmedia":[{"embeddable":true,"href":"https:\/\/elcronistadigital.com\/index.php?rest_route=\/wp\/v2\/media\/34476"}],"wp:attachment":[{"href":"https:\/\/elcronistadigital.com\/index.php?rest_route=%2Fwp%2Fv2%2Fmedia&parent=34475"}],"wp:term":[{"taxonomy":"category","embeddable":true,"href":"https:\/\/elcronistadigital.com\/index.php?rest_route=%2Fwp%2Fv2%2Fcategories&post=34475"},{"taxonomy":"post_tag","embeddable":true,"href":"https:\/\/elcronistadigital.com\/index.php?rest_route=%2Fwp%2Fv2%2Ftags&post=34475"}],"curies":[{"name":"wp","href":"https:\/\/api.w.org\/{rel}","templated":true}]}}