{"id":34482,"date":"2014-08-17T07:52:04","date_gmt":"2014-08-17T13:52:04","guid":{"rendered":"http:\/\/elcronistadigital.com\/?p=34482"},"modified":"2014-08-17T07:52:04","modified_gmt":"2014-08-17T13:52:04","slug":"no-habra-racionamiento-de-agua-pero","status":"publish","type":"post","link":"https:\/\/elcronistadigital.com\/?p=34482","title":{"rendered":"No habr\u00e1 racionamiento de agua, pero\u2026"},"content":{"rendered":"<p><a href=\"https:\/\/elcronistadigital.com\/?attachment_id=34483\" rel=\"attachment wp-att-34483\"><img loading=\"lazy\" decoding=\"async\" class=\"alignleft size-medium wp-image-34483\" alt=\"Asososca\" src=\"https:\/\/elcronistadigital.com\/wp-content\/uploads\/2014\/08\/Asososca-300x200.jpg\" width=\"300\" height=\"200\" srcset=\"https:\/\/elcronistadigital.com\/wp-content\/uploads\/2014\/08\/Asososca-300x200.jpg 300w, https:\/\/elcronistadigital.com\/wp-content\/uploads\/2014\/08\/Asososca-342x228.jpg 342w, https:\/\/elcronistadigital.com\/wp-content\/uploads\/2014\/08\/Asososca.jpg 800w\" sizes=\"auto, (max-width: 300px) 100vw, 300px\" \/><\/a>La Empresa Nicarag\u00fcense de Acueductos y Alcantarillados (Enacal), anunci\u00f3 el s\u00e1bado que no prev\u00e9 racionamiento de agua potable, pese a la sequ\u00eda que afecta la mayor\u00eda de los municipios del pa\u00eds, pero advirti\u00f3 que monitorea los niveles de los acu\u00edferos y podr\u00eda tomar medidas en caso necesario.<\/p>\n<p>Erving Barrera, presidente Enacal, confirm\u00f3 que el d\u00e9ficit de lluvias que afecta a la mayor\u00eda de los municipios de la regi\u00f3n del Pac\u00edfico no conduce hasta el momento al racionamiento de agua en ninguna zona del pa\u00eds, seg\u00fan la agencia Xinhua.<\/p>\n<p>Barrera dijo que los acu\u00edferos m\u00e1s importantes del pa\u00eds, incluyendo los de la Managua, recibieron suficiente recarga de agua el a\u00f1o pasado, \u00abpor tal raz\u00f3n, no existe ning\u00fan tipo de racionamiento en la poblaci\u00f3n, ni en Managua ni en ninguna de las ciudades del pa\u00eds\u00bb.<\/p>\n<p>No obstante, Barrera hizo un llamado a la poblaci\u00f3n para que no deteriore el medio ambiente, a fin de evitar producir impactos adversos en los acu\u00edferos y fuentes superficiales.<\/p>\n<p>\u00abLa recarga (de agua) el a\u00f1o pasado fue buena, pero s\u00ed debemos estar preparados, y preparados significa dejar de derrochar el agua, dejar de botar el agua, usar el agua para lo que m\u00e1s necesitemos en nuestros hogares porque de esa manera el recurso no lo sobre-explotamos y puede mantener el equilibrio y niveles normales de horario de abastecimiento a la poblaci\u00f3n\u00bb, puntualiz\u00f3.<\/p>\n<p>Indic\u00f3 que el monitoreo permitir\u00e1 analizar diversas alternativas para su aplicaci\u00f3n, en caso que los niveles de los acu\u00edferos comiencen a descender de lo normal o puedan poner el riesgo el bombeo de los equipos de Enacal.<\/p>\n","protected":false},"excerpt":{"rendered":"<p>La Empresa Nicarag\u00fcense de Acueductos y Alcantarillados (Enacal), anunci\u00f3 el s\u00e1bado que no prev\u00e9 racionamiento de agua potable, pese a la sequ\u00eda que afecta la mayor\u00eda de los municipios del pa\u00eds, pero advirti\u00f3 que monitorea los niveles de los acu\u00edferos y podr\u00eda tomar medidas en caso necesario. Erving Barrera, presidente Enacal, confirm\u00f3 que el d\u00e9ficit [&hellip;]<\/p>\n","protected":false},"author":1,"featured_media":34483,"comment_status":"open","ping_status":"open","sticky":false,"template":"","format":"standard","meta":{"om_disable_all_campaigns":false,"_monsterinsights_skip_tracking":false,"_monsterinsights_sitenote_active":false,"_monsterinsights_sitenote_note":"","_monsterinsights_sitenote_category":0,"footnotes":""},"categories":[3524],"tags":[],"class_list":["post-34482","post","type-post","status-publish","format-standard","has-post-thumbnail","hentry","category-noticas"],"aioseo_notices":[],"_links":{"self":[{"href":"https:\/\/elcronistadigital.com\/index.php?rest_route=\/wp\/v2\/posts\/34482","targetHints":{"allow":["GET"]}}],"collection":[{"href":"https:\/\/elcronistadigital.com\/index.php?rest_route=\/wp\/v2\/posts"}],"about":[{"href":"https:\/\/elcronistadigital.com\/index.php?rest_route=\/wp\/v2\/types\/post"}],"author":[{"embeddable":true,"href":"https:\/\/elcronistadigital.com\/index.php?rest_route=\/wp\/v2\/users\/1"}],"replies":[{"embeddable":true,"href":"https:\/\/elcronistadigital.com\/index.php?rest_route=%2Fwp%2Fv2%2Fcomments&post=34482"}],"version-history":[{"count":1,"href":"https:\/\/elcronistadigital.com\/index.php?rest_route=\/wp\/v2\/posts\/34482\/revisions"}],"predecessor-version":[{"id":34484,"href":"https:\/\/elcronistadigital.com\/index.php?rest_route=\/wp\/v2\/posts\/34482\/revisions\/34484"}],"wp:featuredmedia":[{"embeddable":true,"href":"https:\/\/elcronistadigital.com\/index.php?rest_route=\/wp\/v2\/media\/34483"}],"wp:attachment":[{"href":"https:\/\/elcronistadigital.com\/index.php?rest_route=%2Fwp%2Fv2%2Fmedia&parent=34482"}],"wp:term":[{"taxonomy":"category","embeddable":true,"href":"https:\/\/elcronistadigital.com\/index.php?rest_route=%2Fwp%2Fv2%2Fcategories&post=34482"},{"taxonomy":"post_tag","embeddable":true,"href":"https:\/\/elcronistadigital.com\/index.php?rest_route=%2Fwp%2Fv2%2Ftags&post=34482"}],"curies":[{"name":"wp","href":"https:\/\/api.w.org\/{rel}","templated":true}]}}