{"id":34486,"date":"2014-08-18T06:12:03","date_gmt":"2014-08-18T12:12:03","guid":{"rendered":"http:\/\/elcronistadigital.com\/?p=34486"},"modified":"2014-08-18T06:12:03","modified_gmt":"2014-08-18T12:12:03","slug":"ortega-y-hernandez-hablaran-sobre-el-golfo","status":"publish","type":"post","link":"https:\/\/elcronistadigital.com\/?p=34486","title":{"rendered":"Ortega y Hern\u00e1ndez hablar\u00e1n sobre el Golfo"},"content":{"rendered":"<p><a href=\"https:\/\/elcronistadigital.com\/?attachment_id=34487\" rel=\"attachment wp-att-34487\"><img loading=\"lazy\" decoding=\"async\" class=\"alignleft size-full wp-image-34487\" alt=\"Daniel Ortega y Juan Orlando Hern\u00e1ndez\" src=\"https:\/\/elcronistadigital.com\/wp-content\/uploads\/2014\/08\/Daniel-Ortega-y-Juan-Orlando-Hern\u00e1ndez.jpg\" width=\"275\" height=\"183\" \/><\/a>Los presidentes Daniel Ortega, de Nicaragua, y Juan Orlando Hern\u00e1ndez, de Honduras, se reunir\u00e1n el pr\u00f3ximo 24 de agosto en Managua para conversar sobre el Golfo de Fonseca, cuyas aguas comparten sus pa\u00edses con El Salvador.<\/p>\n<p>La visita tiene como fin \u201centablar conversaciones con el Presidente Daniel Ortega, porque impulsaremos la zona del golfo de Fonseca, ya que no es justo que haya tanta pobreza en esta zona, teniendo tanto potencial para salir adelante\u201d, se\u00f1ala un comunicado de la Casa Presidencial de Honduras.<\/p>\n<p>El mandatario hondure\u00f1o asegur\u00f3 que durante su visita a Nicaragua el pasado 19 de julio, durante las celebraciones del 35 aniversario de la Revoluci\u00f3n Sandinista, dej\u00f3 \u201cun mensaje de que a los vecinos se les debe tratar como amigos o como hermanos y lo mismo vamos a hacer con El Salvador, buscando delimitar el Golfo de Fonseca para que todos nos beneficiemos de esa zona, porque es de enorme potencial\u201d, se\u00f1ala la nota.<\/p>\n<p>El Golfo de Fonseca, cuya extensi\u00f3n es de unos 3.200 kil\u00f3metros cuadrados, situado en el Pac\u00edfico, es frecuente escenario de conflictos entre los tres pa\u00edses, cuyas aguas comparten tras un fallo de la Corte Internacional de Justicia de La Haya de 1992.<\/p>\n<p>Sin embargo, Honduras y El Salvador mantienen una disputa por la soberan\u00eda del un islote (Isla Conejo), de menos de un kil\u00f3metro cuadrado.<\/p>\n","protected":false},"excerpt":{"rendered":"<p>Los presidentes Daniel Ortega, de Nicaragua, y Juan Orlando Hern\u00e1ndez, de Honduras, se reunir\u00e1n el pr\u00f3ximo 24 de agosto en Managua para conversar sobre el Golfo de Fonseca, cuyas aguas comparten sus pa\u00edses con El Salvador. La visita tiene como fin \u201centablar conversaciones con el Presidente Daniel Ortega, porque impulsaremos la zona del golfo de [&hellip;]<\/p>\n","protected":false},"author":1,"featured_media":34487,"comment_status":"open","ping_status":"open","sticky":false,"template":"","format":"standard","meta":{"om_disable_all_campaigns":false,"_monsterinsights_skip_tracking":false,"_monsterinsights_sitenote_active":false,"_monsterinsights_sitenote_note":"","_monsterinsights_sitenote_category":0,"footnotes":""},"categories":[3],"tags":[],"class_list":["post-34486","post","type-post","status-publish","format-standard","has-post-thumbnail","hentry","category-nacionales"],"aioseo_notices":[],"_links":{"self":[{"href":"https:\/\/elcronistadigital.com\/index.php?rest_route=\/wp\/v2\/posts\/34486","targetHints":{"allow":["GET"]}}],"collection":[{"href":"https:\/\/elcronistadigital.com\/index.php?rest_route=\/wp\/v2\/posts"}],"about":[{"href":"https:\/\/elcronistadigital.com\/index.php?rest_route=\/wp\/v2\/types\/post"}],"author":[{"embeddable":true,"href":"https:\/\/elcronistadigital.com\/index.php?rest_route=\/wp\/v2\/users\/1"}],"replies":[{"embeddable":true,"href":"https:\/\/elcronistadigital.com\/index.php?rest_route=%2Fwp%2Fv2%2Fcomments&post=34486"}],"version-history":[{"count":1,"href":"https:\/\/elcronistadigital.com\/index.php?rest_route=\/wp\/v2\/posts\/34486\/revisions"}],"predecessor-version":[{"id":34488,"href":"https:\/\/elcronistadigital.com\/index.php?rest_route=\/wp\/v2\/posts\/34486\/revisions\/34488"}],"wp:featuredmedia":[{"embeddable":true,"href":"https:\/\/elcronistadigital.com\/index.php?rest_route=\/wp\/v2\/media\/34487"}],"wp:attachment":[{"href":"https:\/\/elcronistadigital.com\/index.php?rest_route=%2Fwp%2Fv2%2Fmedia&parent=34486"}],"wp:term":[{"taxonomy":"category","embeddable":true,"href":"https:\/\/elcronistadigital.com\/index.php?rest_route=%2Fwp%2Fv2%2Fcategories&post=34486"},{"taxonomy":"post_tag","embeddable":true,"href":"https:\/\/elcronistadigital.com\/index.php?rest_route=%2Fwp%2Fv2%2Ftags&post=34486"}],"curies":[{"name":"wp","href":"https:\/\/api.w.org\/{rel}","templated":true}]}}