{"id":3457,"date":"2011-08-03T09:49:03","date_gmt":"2011-08-03T15:49:03","guid":{"rendered":"http:\/\/elcronistadigital.com\/?p=3457"},"modified":"2011-08-03T09:49:03","modified_gmt":"2011-08-03T15:49:03","slug":"%e2%80%9cmanden-a-la-chingada-a-eu%e2%80%9d","status":"publish","type":"post","link":"https:\/\/elcronistadigital.com\/?p=3457","title":{"rendered":"\u201cManden a la chingada a EU\u201d"},"content":{"rendered":"<p><a href=\"https:\/\/elcronistadigital.com\/?attachment_id=3458\" rel=\"attachment wp-att-3458\"><img loading=\"lazy\" decoding=\"async\" src=\"https:\/\/elcronistadigital.com\/wp-content\/uploads\/2011\/08\/caravana-paso-a-paso-hacia-la-paz-migrantes-300x168.jpg\" alt=\"\" title=\"caravana-paso-a-paso-hacia-la-paz-migrantes\" width=\"300\" height=\"168\" class=\"alignleft size-medium wp-image-3458\" srcset=\"https:\/\/elcronistadigital.com\/wp-content\/uploads\/2011\/08\/caravana-paso-a-paso-hacia-la-paz-migrantes-300x168.jpg 300w, https:\/\/elcronistadigital.com\/wp-content\/uploads\/2011\/08\/caravana-paso-a-paso-hacia-la-paz-migrantes-342x191.jpg 342w, https:\/\/elcronistadigital.com\/wp-content\/uploads\/2011\/08\/caravana-paso-a-paso-hacia-la-paz-migrantes.jpg 500w\" sizes=\"auto, (max-width: 300px) 100vw, 300px\" \/><\/a>La caravana Paso a Paso por la Paz insisti\u00f3 al gobierno de M\u00e9xico a que ya no sea el gendarme de Estados Unidos, \u201cque deje de ser agach\u00f3n hacia arriba y ojete con nuestros hermanos centroamericanos\u201d, advirti\u00f3 en entrevista el sacerdote Alejandro Solalinde antes de abandonar la antigua sede del Senado de la Rep\u00fablica, adonde llegaron migrantes de nuestra regi\u00f3n que buscan a sus familiares desaparecidos en M\u00e9xico durante su trayecto hacia el vecino pa\u00eds.<\/p>\n<p>Durante la reuni\u00f3n \u2013encabezada por los senadores Rosario Ibarra de Piedra, del PT, y Yeidckol Polevnsky y Carlos Sotelo, del PRD\u2013, Solalinde exigi\u00f3 la desaparici\u00f3n del Instituto Nacional de Migraci\u00f3n (INM) y el mejoramiento de la recientemente aprobada ley migratoria, para hacer efectiva la protecci\u00f3n de quienes se ven obligados a cruzar de sur a norte el territorio nacional en busca de mejores condiciones de vida.<\/p>\n<p>\u201cNuestros hijos no quieren quedarse en M\u00e9xico, s\u00f3lo piden que los dejen pasar hacia el norte\u201d, reclamaron los visitantes de Centroam\u00e9rica, que buscan \u201chacer visibles para el Estado a quienes hasta ahora siguen siendo invisibles\u201d.<\/p>\n<p>Parsimonia estatal<\/p>\n<p>Solalinde dijo que a estas alturas, \u201cla \u00fanica esperanza que tenemos es que las autoridades de la Procuradur\u00eda General de la Rep\u00fablica act\u00faen\u201d, y reconoci\u00f3 que su titular, Marisela Morales, ha actuado, pero no con la velocidad que la situaci\u00f3n demanda.<\/p>\n<p>Integrantes de la caravana se reunieron con la comisi\u00f3n de derechos humanos del Senado de la Rep\u00fablica; participaron la senadora Yeidckol Polensky, el sacerdote Alejandro Solalinde y la tambi\u00e9n senadora Rosario Ibarra de Piedra<\/p>\n<p>A su vez, el poeta Javier Sicilia \u2013quien abandon\u00f3 la reuni\u00f3n en compa\u00f1\u00eda de Solalinde antes de que finalizara para atender otros compromisos\u2013 conden\u00f3 que la ley reglamentaria a la reforma migratoria est\u00e9 sujeta a una decisi\u00f3n burocr\u00e1tica, en este caso del Presidente de la Rep\u00fablica. \u201cA la chingada los tr\u00e1mites burocr\u00e1ticos cuando se colocan por encima del inter\u00e9s de los seres humanos. Hay que devolver su dignidad a los hermanos centroamericanos\u201d.<\/p>\n<p>La \u201ctenebrosa ruta del Pac\u00edfico\u201d<\/p>\n<p>Ellos, que como sus familiares atravesaron la \u201ctenebrosa ruta del Pac\u00edfico\u201d, desde el patio central del edificio de Xicot\u00e9ncatl demandaron al gobierno federal la eliminaci\u00f3n de la visa para los centroamericanos, \u201cno s\u00f3lo como un acto de correspondencia entre naciones, sino como una forma de frenar las desapariciones, violaciones y asaltos que las autoridades de los estados, federales y del INM, en colusi\u00f3n con las bandas criminales, llevan a cabo con absoluta impunidad\u201d.<\/p>\n<p>Pidieron tambi\u00e9n a los senadores establecer un mecanismo regional para buscar a los migrantes desaparecidos e identificar los restos de quienes son asesinados en el intento por llegar a Estados Unidos, adem\u00e1s de retirar los promocionales en los que se afirma que los migrantes centroamericanos pueden transitar libremente por territorio nacional durante 180 d\u00edas sin necesidad de visa. \u201c\u00c9sa es una mentira\u201d, reclamaron; \u201ceso s\u00f3lo sucede cuando contamos con visa del pa\u00eds de destino\u201d.<\/p>\n<p>Polevnsky respondi\u00f3 que \u201cel responsable de que no se cumpla con la libertad de tr\u00e1nsito sin visa durante 180 d\u00edas, como marca la ley, es el que cobra en Los Pinos. Es \u00e9l quien ha sido omiso en la propuesta de la ley reglamentaria para que la reforma surta efecto\u201d.<\/p>\n<p>Uno a uno, migrantes de Honduras, El Salvador y Guatemala condenaron la pasividad de sus representaciones consulares cuando les han requerido informaci\u00f3n sobre familiares desaparecidos, y la discriminaci\u00f3n del gobierno mexicano hacia las autoridades centroamericanas.<\/p>\n<p>Pabell\u00f3n de la muerte para centroamericanos<\/p>\n<p>\u201cM\u00e9xico, que se promociona defensor de los derechos humanos, discrimina a Centroam\u00e9rica y a sus autoridades cuando se le pide informaci\u00f3n y apoyo para encontrar a quienes s\u00f3lo piden cruzar este pa\u00eds, que se ha convertido ya en un pabell\u00f3n de la muerte.\u201d<\/p>\n<p>Durante su arribo a la ciudad de M\u00e9xico, la caravana Paso a Paso por la Paz, encabezada por el sacerdote Alejandro Solalinde, fue recibida en el atrio de la Catedral Metropolitana por el rector de ese recinto religioso, Manuel Arellano Rangel.<\/p>\n<p>Desde la capilla del Cristo Negro, el religioso dio la bienvenida y se\u00f1al\u00f3 que la Iglesia cat\u00f3lica acompa\u00f1a a los migrantes en su recorrido, adem\u00e1s de que conden\u00f3 las constantes violaciones a los derechos humanos que sufre este sector de la poblaci\u00f3n, extraordinariamente vulnerable.<\/p>\n<p>Provenientes de su m\u00e1s reciente parada en Puebla, y luego de 12 d\u00edas de recorrido por territorio nacional, incluidas entidades por donde transitan los migrantes, los autobuses en los que viajaban unas 500 personas que integran la caravana llegaron al Z\u00f3calo capitalino poco antes de las 10 horas, donde ya los esperaba el rector y de\u00e1n de la catedral.<\/p>\n<p>En un breve encuentro, el sacerdote Arellano dio la bienvenida con unas palabras de aliento y de compromiso de la Iglesia con el respeto a los derechos humanos. El padre Solalinde agradeci\u00f3 el recibimiento y, en entrevista posterior, se\u00f1al\u00f3 la aceptaci\u00f3n que entre la sociedad tuvo la caravana en su paso por el pa\u00eds.<\/p>\n<p>Paso a Paso por la Paz es promovida por familiares de inmigrantes desaparecidos de pa\u00edses centroamericanos, como El Salvador, Guatemala, Honduras y Nicaragua; en su trayecto fueron acompa\u00f1ados por representantes de organizaciones de derechos humanos, y respaldados por decenas de varias naciones.<\/p>\n<p>Entrevistados en el atrio, varios de los manifestantes denunciaron un aumento en la inseguridad, especialmente en las rutas que utilizan los migrantes en su camino hacia Estados Unidos. Asimismo, se\u00f1alaron que son objeto de abuso del crimen organizado y de traficantes de personas.<\/p>\n<p>Por la noche, el presidente de la Comisi\u00f3n Nacional de los Derechos Humanos (CNDH), Ra\u00fal Plascencia Villanueva, recibi\u00f3 a los migrantes, quienes le informaron que durante su trayecto fueron localizados varios de sus compatriotas que estaban en calidad de desaparecidos; sin embargo, el ombudsman nacional acot\u00f3 que \u201cnos faltan muchos m\u00e1s; debemos luchar para localizarlos y que no queden en el caj\u00f3n de la injusticia\u201d.<\/p>\n<p>La Jornada<\/p>\n","protected":false},"excerpt":{"rendered":"<p>La caravana Paso a Paso por la Paz insisti\u00f3 al gobierno de M\u00e9xico a que ya no sea el gendarme de Estados Unidos, \u201cque deje de ser agach\u00f3n hacia arriba y ojete con nuestros hermanos centroamericanos\u201d, advirti\u00f3 en entrevista el sacerdote Alejandro Solalinde antes de abandonar la antigua sede del Senado de la Rep\u00fablica, adonde [&hellip;]<\/p>\n","protected":false},"author":1,"featured_media":3458,"comment_status":"open","ping_status":"open","sticky":false,"template":"","format":"standard","meta":{"om_disable_all_campaigns":false,"_monsterinsights_skip_tracking":false,"_monsterinsights_sitenote_active":false,"_monsterinsights_sitenote_note":"","_monsterinsights_sitenote_category":0,"footnotes":""},"categories":[3,13],"tags":[],"class_list":["post-3457","post","type-post","status-publish","format-standard","has-post-thumbnail","hentry","category-nacionales","category-portada"],"aioseo_notices":[],"_links":{"self":[{"href":"https:\/\/elcronistadigital.com\/index.php?rest_route=\/wp\/v2\/posts\/3457","targetHints":{"allow":["GET"]}}],"collection":[{"href":"https:\/\/elcronistadigital.com\/index.php?rest_route=\/wp\/v2\/posts"}],"about":[{"href":"https:\/\/elcronistadigital.com\/index.php?rest_route=\/wp\/v2\/types\/post"}],"author":[{"embeddable":true,"href":"https:\/\/elcronistadigital.com\/index.php?rest_route=\/wp\/v2\/users\/1"}],"replies":[{"embeddable":true,"href":"https:\/\/elcronistadigital.com\/index.php?rest_route=%2Fwp%2Fv2%2Fcomments&post=3457"}],"version-history":[{"count":2,"href":"https:\/\/elcronistadigital.com\/index.php?rest_route=\/wp\/v2\/posts\/3457\/revisions"}],"predecessor-version":[{"id":3460,"href":"https:\/\/elcronistadigital.com\/index.php?rest_route=\/wp\/v2\/posts\/3457\/revisions\/3460"}],"wp:featuredmedia":[{"embeddable":true,"href":"https:\/\/elcronistadigital.com\/index.php?rest_route=\/wp\/v2\/media\/3458"}],"wp:attachment":[{"href":"https:\/\/elcronistadigital.com\/index.php?rest_route=%2Fwp%2Fv2%2Fmedia&parent=3457"}],"wp:term":[{"taxonomy":"category","embeddable":true,"href":"https:\/\/elcronistadigital.com\/index.php?rest_route=%2Fwp%2Fv2%2Fcategories&post=3457"},{"taxonomy":"post_tag","embeddable":true,"href":"https:\/\/elcronistadigital.com\/index.php?rest_route=%2Fwp%2Fv2%2Ftags&post=3457"}],"curies":[{"name":"wp","href":"https:\/\/api.w.org\/{rel}","templated":true}]}}