{"id":3461,"date":"2011-08-03T16:21:39","date_gmt":"2011-08-03T22:21:39","guid":{"rendered":"http:\/\/elcronistadigital.com\/?p=3461"},"modified":"2011-08-03T16:21:39","modified_gmt":"2011-08-03T22:21:39","slug":"matones-en-el-sexto-grado","status":"publish","type":"post","link":"https:\/\/elcronistadigital.com\/?p=3461","title":{"rendered":"Matones en el sexto grado"},"content":{"rendered":"<p><a href=\"https:\/\/elcronistadigital.com\/?attachment_id=3462\" rel=\"attachment wp-att-3462\"><img loading=\"lazy\" decoding=\"async\" src=\"https:\/\/elcronistadigital.com\/wp-content\/uploads\/2011\/08\/bullying-31-300x200.jpg\" alt=\"\" title=\"bullying-31\" width=\"300\" height=\"200\" class=\"alignleft size-medium wp-image-3462\" srcset=\"https:\/\/elcronistadigital.com\/wp-content\/uploads\/2011\/08\/bullying-31-300x200.jpg 300w, https:\/\/elcronistadigital.com\/wp-content\/uploads\/2011\/08\/bullying-31-342x228.jpg 342w, https:\/\/elcronistadigital.com\/wp-content\/uploads\/2011\/08\/bullying-31.jpg 424w\" sizes=\"auto, (max-width: 300px) 100vw, 300px\" \/><\/a>Son ni\u00f1os que golpean a otros ni\u00f1os y Nicaragua no est\u00e1 exenta. Un tipo de violencia surrealista que afecta al 51,1 % de los estudiantes de sexto grado de educaci\u00f3n primaria de 16 pa\u00edses latinoamericanos, que  asegura haber sido v\u00edctima de robos, insultos, amenazas o golpes de parte de sus compa\u00f1eros de escuela, seg\u00fan un informe de la Unesco difundido ayer.<\/p>\n<p>Seg\u00fan los expertos Marcela Rom\u00e1n y Javier Murillo, que analizaron los datos del II Estudio Regional Comparativo y Explicativo (Serce) de la Organizaci\u00f3n de las Naciones Unidas para la Educaci\u00f3n, la Ciencia y la Cultura (Unesco), desarrollado entre 2005 y 2009, \u00abla violencia entre estudiantes constituye un problema grave en toda Am\u00e9rica Latina\u00bb<\/p>\n<p>El estudio sostiene que los alumnos v\u00edctimas de \u00abbullying\u00bb (violencia escolar) logran un desempe\u00f1o en lectura y matem\u00e1ticas significativamente inferior al de quienes no sufren este maltrato.<\/p>\n<p>Asimismo, en las aulas que registran m\u00e1s casos de violencia f\u00edsica o verbal los educandos muestran peores desempe\u00f1os que en aquellas con menores episodios de maltrato entre pares.<\/p>\n<p>Seg\u00fan el an\u00e1lisis inserto en el Serce, la agresi\u00f3n m\u00e1s frecuente fue el robo (39,4 %), seguida de la violencia verbal (26,6 %) y de la violencia f\u00edsica (16,5 %).<\/p>\n<p>El art\u00edculo dimensiona cuantitativa y descriptivamente el fen\u00f3meno de \u00abbullying\u00bb y estima econom\u00e9tricamente la relaci\u00f3n entre violencia y desempe\u00f1o escolares.<\/p>\n<p>Se utilizaron modelos multinivel: de cuatro niveles de an\u00e1lisis (alumno, aula, escuela y pa\u00eds) cuando se trabaj\u00f3 con datos regionales, y de tres niveles (alumno, aula y escuela) cuando se analiz\u00f3 por pa\u00eds.<\/p>\n<p>Los autores examinaron los resultados de 2.969 escuelas, 3.903 aulas y 91.223 estudiantes de sexto grado de Argentina, Brasil, Colombia, Costa Rica, Cuba, Chile, Ecuador, El Salvador, Guatemala, M\u00e9xico, Nicaragua, Panam\u00e1, Paraguay, Per\u00fa, Rep\u00fablica Dominicana y Uruguay.<\/p>\n<p>Dado que M\u00e9xico decidi\u00f3 no recoger datos de familias para determinar la relaci\u00f3n entre violencia escolar y desempe\u00f1o acad\u00e9mico de los estudiantes, no se incluy\u00f3 al pa\u00eds en esta categor\u00eda de an\u00e1lisis.<\/p>\n<p>\u00abPese a que se trata de un problema generalizado, hay diferencias entre pa\u00edses seg\u00fan distintas categor\u00edas de &#8216;bullying&#8217;. En el caso del robo, mientras en Colombia m\u00e1s de la mitad de los alumnos de 6\u00ba grado de primaria dicen haberlo sufrido en el \u00faltimo mes, en Cuba lo afirma 1 de cada 10\u00bb, precisa el estudio.<\/p>\n<p>En t\u00e9rminos de insultos o amenazas, Argentina es el pa\u00eds que muestra las cifras m\u00e1s altas. Detr\u00e1s figuran Per\u00fa, Costa Rica y Uruguay, donde m\u00e1s del 30 % de los alumnos afirman haber sido maltratados verbalmente por alg\u00fan compa\u00f1ero.<\/p>\n<p>Respecto a la violencia f\u00edsica entre pares, cinco pa\u00edses muestran altos niveles: Argentina (23,5 %), Ecuador (21,9 %), Rep\u00fablica Dominicana (21,8 %), Costa Rica (21,2 %) y Nicaragua (21,2 %).<\/p>\n<p>Cuba nuevamente aparece como el pa\u00eds con el menor porcentaje de ni\u00f1os que se\u00f1alan haber sido golpeados recientemente (solo 4,4 %).<\/p>\n<p>Seg\u00fan la Unesco, el maltrato entre estudiantes golpea con mayor fuerza a las escuelas latinoamericanas que a las de otras regiones y hace hincapi\u00e9 que los ni\u00f1os sufren m\u00e1s bullying que las ni\u00f1as.<\/p>\n<p>Asimismo, los estudiantes de zonas rurales experimentan menos maltrato entre pares que los de zonas urbanas, aunque en Brasil, Guatemala, Per\u00fa y Uruguay no se observaron diferencias en este \u00faltimo \u00e1mbito, concluye.<\/p>\n","protected":false},"excerpt":{"rendered":"<p>Son ni\u00f1os que golpean a otros ni\u00f1os y Nicaragua no est\u00e1 exenta. Un tipo de violencia surrealista que afecta al 51,1 % de los estudiantes de sexto grado de educaci\u00f3n primaria de 16 pa\u00edses latinoamericanos, que asegura haber sido v\u00edctima de robos, insultos, amenazas o golpes de parte de sus compa\u00f1eros de escuela, seg\u00fan un [&hellip;]<\/p>\n","protected":false},"author":1,"featured_media":3462,"comment_status":"open","ping_status":"open","sticky":false,"template":"","format":"standard","meta":{"om_disable_all_campaigns":false,"_monsterinsights_skip_tracking":false,"_monsterinsights_sitenote_active":false,"_monsterinsights_sitenote_note":"","_monsterinsights_sitenote_category":0,"footnotes":""},"categories":[3,13],"tags":[],"class_list":["post-3461","post","type-post","status-publish","format-standard","has-post-thumbnail","hentry","category-nacionales","category-portada"],"aioseo_notices":[],"_links":{"self":[{"href":"https:\/\/elcronistadigital.com\/index.php?rest_route=\/wp\/v2\/posts\/3461","targetHints":{"allow":["GET"]}}],"collection":[{"href":"https:\/\/elcronistadigital.com\/index.php?rest_route=\/wp\/v2\/posts"}],"about":[{"href":"https:\/\/elcronistadigital.com\/index.php?rest_route=\/wp\/v2\/types\/post"}],"author":[{"embeddable":true,"href":"https:\/\/elcronistadigital.com\/index.php?rest_route=\/wp\/v2\/users\/1"}],"replies":[{"embeddable":true,"href":"https:\/\/elcronistadigital.com\/index.php?rest_route=%2Fwp%2Fv2%2Fcomments&post=3461"}],"version-history":[{"count":2,"href":"https:\/\/elcronistadigital.com\/index.php?rest_route=\/wp\/v2\/posts\/3461\/revisions"}],"predecessor-version":[{"id":3464,"href":"https:\/\/elcronistadigital.com\/index.php?rest_route=\/wp\/v2\/posts\/3461\/revisions\/3464"}],"wp:featuredmedia":[{"embeddable":true,"href":"https:\/\/elcronistadigital.com\/index.php?rest_route=\/wp\/v2\/media\/3462"}],"wp:attachment":[{"href":"https:\/\/elcronistadigital.com\/index.php?rest_route=%2Fwp%2Fv2%2Fmedia&parent=3461"}],"wp:term":[{"taxonomy":"category","embeddable":true,"href":"https:\/\/elcronistadigital.com\/index.php?rest_route=%2Fwp%2Fv2%2Fcategories&post=3461"},{"taxonomy":"post_tag","embeddable":true,"href":"https:\/\/elcronistadigital.com\/index.php?rest_route=%2Fwp%2Fv2%2Ftags&post=3461"}],"curies":[{"name":"wp","href":"https:\/\/api.w.org\/{rel}","templated":true}]}}