{"id":34694,"date":"2014-08-25T10:36:27","date_gmt":"2014-08-25T16:36:27","guid":{"rendered":"http:\/\/elcronistadigital.com\/?p=34694"},"modified":"2014-08-25T10:36:27","modified_gmt":"2014-08-25T16:36:27","slug":"el-sueno-de-los-revolucionarios","status":"publish","type":"post","link":"https:\/\/elcronistadigital.com\/?p=34694","title":{"rendered":"El sue\u00f1o de los revolucionarios"},"content":{"rendered":"<div id=\"attachment_34695\" style=\"width: 282px\" class=\"wp-caption alignleft\"><a href=\"https:\/\/elcronistadigital.com\/?attachment_id=34695\" rel=\"attachment wp-att-34695\"><img loading=\"lazy\" decoding=\"async\" aria-describedby=\"caption-attachment-34695\" class=\"size-full wp-image-34695\" alt=\"Miguel Necoechea.\" src=\"https:\/\/elcronistadigital.com\/wp-content\/uploads\/2014\/08\/Miguel-Necoechea-1.jpg\" width=\"272\" height=\"251\" \/><\/a><p id=\"caption-attachment-34695\" class=\"wp-caption-text\">Miguel Necoechea.<\/p><\/div>\n<p>Miguel Necoechea(*)<\/p>\n<p>Hace algunos d\u00edas le\u00ed en la prensa mexicana un art\u00edculo de Sergio Ram\u00edrez titulado \u00abEl sue\u00f1o americano al lado\u00bb (La Jornada 7\/8\/2014) en el que diserta sobre la emigraci\u00f3n de los ciudadanos de Guatemala, Honduras, El Salvador y Nicaragua, a los Estados Unidos y a Costa Rica en el caso de los nicarag\u00fcenses, aduciendo que este fen\u00f3meno es por causas econ\u00f3micas, y, sobre todo, por la galopante violencia que campea en la zona.<\/p>\n<p>Si bien la violencia va estrechamente ligada a las condiciones socio econ\u00f3micas en los pa\u00edses a los que se refiere Ram\u00edrez, esta es ejercida por delincuentes, pandillas e integrantes del crimen organizado, que van de la mano, sino es que son subordinados, casi empleados, de los corruptos polic\u00edas locales, los que a su vez responden a las \u00f3rdenes de los pol\u00edticos y de las oligarqu\u00edas que dominan esos pa\u00edses. El autor se pregunta el porqu\u00e9 en Nicaragua la violencia es \u00ababismalmente m\u00e1s baja que la de Honduras, la m\u00e1s alta del mundo\u00bb. Y el mismo se contesta: \u00abQuiz\u00e1s a\u00fan vive en la memoria ciudadana el recuerdo de la guerra que asol\u00f3 al pa\u00eds entre 1977 y 1990, primero para derrocar a la dictadura de Somoza, y luego el conflicto entre el gobierno sandinista y los contras, que dej\u00f3 m\u00e1s de 50 mil muertos, y este recuerdo act\u00faa a manera de revulsivo\u00bb\u2026 Sin duda eso es parte de la raz\u00f3n. Pero al autor se le olvida, a pesar de haber sido vicepresidente de la Republica durante los a\u00f1os de la revoluci\u00f3n, que la diferencia fundamental entre Nicaragua y los tres pa\u00edses vecinos por \u00e9l aludidos, es que al triunfo de la Revoluci\u00f3n, el pueblo con el FSLN a la vanguardia, ( y \u00e9l llegando desde Costa Rica a instalarse en la Junta de Gobierno de Reconstrucci\u00f3n Nacional) desmantel\u00f3 el dictatorial somocismo y desintegr\u00f3 a la Guardia Nacional, cuerpo que hacia las funciones de polic\u00eda del dictador. Vale recordar que eso se logr\u00f3 a pesar de los esfuerzos del gobierno norteamericano por dejar impuesto un somozismo sin Somoza, despu\u00e9s de la salida de \u00e9ste del pa\u00eds. Entre otras muchas de las acciones del gobierno revolucionario, desde los primeros d\u00edas de la Revoluci\u00f3n se fund\u00f3 la Polic\u00eda Sandinista, hoy la Polic\u00eda Nacional, con una vocaci\u00f3n popular y revolucionaria. Deber\u00eda recordar Ram\u00edrez que fueron los chavalos de los barrios, tanto de la capital como de los departamentos, sandinistas o no, que participaron en la insurrecci\u00f3n popular que derrot\u00f3 al tirano, los primeros integrantes de la Polic\u00eda Sandinista. La Polic\u00eda Sandinista naci\u00f3 con la Revoluci\u00f3n, integrada por j\u00f3venes emanados del pueblo, de ah\u00ed su vocaci\u00f3n por defenderlo, de resguardar su seguridad, de proteger a los ni\u00f1os y a las mujeres, de ser ejemplo de honestidad en sus comunidades. En la moral y \u00e9tica de esos nuevos polic\u00edas, alimentadas por la ideolog\u00eda sandinista de la Revoluci\u00f3n, no cab\u00eda la coima, de ah\u00ed que los delincuentes no encontraron en los polic\u00edas ni socios, ni aliados, ni patrones. A pesar de los tres gobiernos neoliberales que sucedieron al del FSLN desde 1990, su origen popular, su ideolog\u00eda sandinista y un moral a prueba de balas, fueron un escudo, salvo en casos puntuales, para protegerlos de la corrupci\u00f3n rampante que conlleva el modelo neoliberal en todos los pa\u00edses en los que se ha asentado.<\/p>\n<p>Esa es la raz\u00f3n principal por la que la violencia que asola a los pa\u00edses vecinos no ha prosperado en Nicaragua.<\/p>\n<p>No puedo pasar por alto como califica el masatepino a la guerra de agresi\u00f3n de la d\u00e9cada de los 80: \u00aby luego el conflicto entre el gobierno sandinista y los contras, que dej\u00f3 m\u00e1s de 50 mil muertos\u00bb\u2026 Ram\u00edrez califica a la guerra de agresi\u00f3n del gobierno estadounidense, definida como una Guerra de Baja Intensidad por el propio Ronald Reagan, presidente de ese pa\u00eds en esos a\u00f1os, como un conflicto entre los Contras y la revoluci\u00f3n sandinista. No hubo tal conflicto entre dos facciones en pugna. Los Contras fueron dirigidos y financiados por la CIA y los halcones del Consejo de Seguridad Nacional del gobierno de Reagan. Para Sergio Ram\u00edrez, George Bush padre, (vicepresidente de EE UU en esa \u00e9poca) William Casey (jefe de la CIA en los ochenta) Oliver North (miembro del Consejo de Seguridad Nacional y encargado de las operaciones de los Contras. Ver Ir\u00e1n- Contra) fueron personajes de una ficci\u00f3n que el tiempo y la historia ( la suya) han desvanecido. Los 50 mil muertos que alude no se hubieran dado de no haber sido por la participaci\u00f3n directa de la potencia imperial en su obsesi\u00f3n por derrocar al gobierno sandinista. Me resulta dif\u00edcil entender que un hombre inteligente como Sergio Ram\u00edrez borre de un maquinazo (hoy ser\u00eda de un \u00abtecladazo\u00bb) la historia, sobre todo \u00a1habiendo sido parte de ella en una posici\u00f3n privilegiada!<\/p>\n<p>En su escrito est\u00e1 subyacente su af\u00e1n por descalificar a como de lugar al gobierno sandinista actual, y sobre todo al Presidente Daniel Ortega. Seg\u00fan he estudiado la migraci\u00f3n de nicarag\u00fcenses a Costa Rica es tan vieja como la de los mexicanos a Estados Unidos. Los que se van lo hacen y lo han hecho a lo largo de la historia, porque son perseguidos (por sus ideas, por su raza, por su religi\u00f3n), porque no tienen trabajo, por huir de una guerra, hasta por estar enamorados, esa es la constante. El otro lado de la emigraci\u00f3n es que esta a contribuido de manera notable a la cultura universal. Lo que se lleva de su pa\u00eds un inmigrante, por la raz\u00f3n que sea, va a contribuir a la diversidad del pensamiento y dela cultura, por peque\u00f1a que sea esa influencia, en el pa\u00eds d\u00f3nde se afinque. Las fronteras pol\u00edticas de los pa\u00edses son eso: fronteras pol\u00edticas, impuestas, muchas veces por la fuerza, por la decisi\u00f3n de los hombres, pero el ser humano es universal, su intelecto e imaginaci\u00f3n no tienen fronteras.<\/p>\n<p>Cada vez que voy a Nicaragua, mi primera patria pol\u00edtica, camino por las calles con mucha alegr\u00eda porque me siento seguro, confiado en que la Polic\u00eda Nacional vela por mi seguridad. Sigue vigente el lema que crear\u00e1 el Comandante Tom\u00e1s Borge para la polic\u00eda: \u00abCentinela de la alegr\u00eda del pueblo\u00bb, incluida hasta la del novelista Sergio Ram\u00edrez.<\/p>\n<p>(*)Nota del editor: Miguel Necoechea es un cineasta mexicano que labor\u00f3 durante los a\u00f1os 80 en el Ministerio del Interior como Jefe de Audiovisuales y de Relaciones P\u00fablicas e Internacionales.<\/p>\n","protected":false},"excerpt":{"rendered":"<p>Miguel Necoechea(*) Hace algunos d\u00edas le\u00ed en la prensa mexicana un art\u00edculo de Sergio Ram\u00edrez titulado \u00abEl sue\u00f1o americano al lado\u00bb (La Jornada 7\/8\/2014) en el que diserta sobre la emigraci\u00f3n de los ciudadanos de Guatemala, Honduras, El Salvador y Nicaragua, a los Estados Unidos y a Costa Rica en el caso de los nicarag\u00fcenses, [&hellip;]<\/p>\n","protected":false},"author":1,"featured_media":34695,"comment_status":"open","ping_status":"open","sticky":false,"template":"","format":"standard","meta":{"om_disable_all_campaigns":false,"_monsterinsights_skip_tracking":false,"_monsterinsights_sitenote_active":false,"_monsterinsights_sitenote_note":"","_monsterinsights_sitenote_category":0,"footnotes":""},"categories":[12],"tags":[],"class_list":["post-34694","post","type-post","status-publish","format-standard","has-post-thumbnail","hentry","category-blugs"],"aioseo_notices":[],"_links":{"self":[{"href":"https:\/\/elcronistadigital.com\/index.php?rest_route=\/wp\/v2\/posts\/34694","targetHints":{"allow":["GET"]}}],"collection":[{"href":"https:\/\/elcronistadigital.com\/index.php?rest_route=\/wp\/v2\/posts"}],"about":[{"href":"https:\/\/elcronistadigital.com\/index.php?rest_route=\/wp\/v2\/types\/post"}],"author":[{"embeddable":true,"href":"https:\/\/elcronistadigital.com\/index.php?rest_route=\/wp\/v2\/users\/1"}],"replies":[{"embeddable":true,"href":"https:\/\/elcronistadigital.com\/index.php?rest_route=%2Fwp%2Fv2%2Fcomments&post=34694"}],"version-history":[{"count":1,"href":"https:\/\/elcronistadigital.com\/index.php?rest_route=\/wp\/v2\/posts\/34694\/revisions"}],"predecessor-version":[{"id":34696,"href":"https:\/\/elcronistadigital.com\/index.php?rest_route=\/wp\/v2\/posts\/34694\/revisions\/34696"}],"wp:featuredmedia":[{"embeddable":true,"href":"https:\/\/elcronistadigital.com\/index.php?rest_route=\/wp\/v2\/media\/34695"}],"wp:attachment":[{"href":"https:\/\/elcronistadigital.com\/index.php?rest_route=%2Fwp%2Fv2%2Fmedia&parent=34694"}],"wp:term":[{"taxonomy":"category","embeddable":true,"href":"https:\/\/elcronistadigital.com\/index.php?rest_route=%2Fwp%2Fv2%2Fcategories&post=34694"},{"taxonomy":"post_tag","embeddable":true,"href":"https:\/\/elcronistadigital.com\/index.php?rest_route=%2Fwp%2Fv2%2Ftags&post=34694"}],"curies":[{"name":"wp","href":"https:\/\/api.w.org\/{rel}","templated":true}]}}