{"id":34876,"date":"2014-09-02T16:33:32","date_gmt":"2014-09-02T22:33:32","guid":{"rendered":"http:\/\/elcronistadigital.com\/?p=34876"},"modified":"2014-09-02T16:33:32","modified_gmt":"2014-09-02T22:33:32","slug":"90-mil-ninos-migrantes-a-fin-de-ano-en-eu","status":"publish","type":"post","link":"https:\/\/elcronistadigital.com\/?p=34876","title":{"rendered":"90 mil ni\u00f1os migrantes a fin de a\u00f1o en EU"},"content":{"rendered":"<p><a href=\"https:\/\/elcronistadigital.com\/?attachment_id=34877\" rel=\"attachment wp-att-34877\"><img loading=\"lazy\" decoding=\"async\" class=\"alignleft size-medium wp-image-34877\" alt=\"Nalac\" src=\"https:\/\/elcronistadigital.com\/wp-content\/uploads\/2014\/09\/Nalac-300x225.jpg\" width=\"300\" height=\"225\" srcset=\"https:\/\/elcronistadigital.com\/wp-content\/uploads\/2014\/09\/Nalac-300x225.jpg 300w, https:\/\/elcronistadigital.com\/wp-content\/uploads\/2014\/09\/Nalac-342x256.jpg 342w, https:\/\/elcronistadigital.com\/wp-content\/uploads\/2014\/09\/Nalac-60x45.jpg 60w, https:\/\/elcronistadigital.com\/wp-content\/uploads\/2014\/09\/Nalac-150x113.jpg 150w, https:\/\/elcronistadigital.com\/wp-content\/uploads\/2014\/09\/Nalac-269x201.jpg 269w, https:\/\/elcronistadigital.com\/wp-content\/uploads\/2014\/09\/Nalac.jpg 665w\" sizes=\"auto, (max-width: 300px) 100vw, 300px\" \/><\/a>Representantes de la Alianza Nacional de Comunidades de Am\u00e9rica Latina y El Caribe (Nalacc), se encuentran en El Salvador a fin de sostener reuniones con funcionarios de Gobierno y representantes de organizaciones que se relacionan de forma directa o indirecta con la crisis humanitaria originada por los miles de ni\u00f1as y ni\u00f1os centroamericanos migrantes que han viajado sin la compa\u00f1\u00eda de un padre de familia, que han sido detenidos en los Estados Unidos de Am\u00e9rica (EUA) y que ahora enfrenten el riesgo de ser deportados de regreso a sus pa\u00edses de origen.<\/p>\n<p>El Departamento de Salud y Servicios Sociales de los EUA estima que para finales de 2014 esta crisis pudiera llegar a afectar a unos 90 mil ni\u00f1os y ni\u00f1as originarios de El Salvador, Honduras y Guatemala, que emprendieron ese riesgoso viaje en un intento de encontrarse con sus padres u otros familiares, como tambi\u00e9n para escapar de las condiciones de inseguridad, violencia, pobreza y exclusi\u00f3n en que se encuentran inmersos cada uno de sus pa\u00edses de origen.<\/p>\n<p>Los datos publicados por la Patrulla Fronteriza y de Aduanas de los EUA relatan que entre octubre del 2013 y julio del 2014, 47,906 menores de edad centroamericanos fueron detenidos en la frontera sur de dicho pa\u00eds, de los cuales 14,591 eran salvadore\u00f1os. Comparado con el total de menores de edad centroamericanos detenidos en el a\u00f1o fiscal 2009 (que culmino en septiembre del 2009), cuando un total de 3,304 menores de edad fueron detenidos, la primera cifra mencionada representa un incremento de 14.5 veces, es decir, un 1,450%.<\/p>\n<p>Seg\u00fan explic\u00f3 el director ejecutivo de Nalacc, Oscar Chac\u00f3n, uno de los objetivos de la gira es incidir en el proceso de deliberaci\u00f3n y de toma de decisiones en los gobiernos centroamericanos relacionado a c\u00f3mo mejorar la gesti\u00f3n p\u00fablica, de manera que las problem\u00e1ticas que afectan a los nacionales en el exterior sean debidamente incorporadas en los planes de gobierno, incluyendo asignaciones presupuestarias adecuadas para este fin. \u201cLa \u00fanica manera de poder respaldar a la poblaci\u00f3n salvadore\u00f1a en situaci\u00f3n de crisis en el exterior, es si los gobiernos en sus pa\u00edses de origen asumen una actitud m\u00e1s responsable,\u201d declar\u00f3 Chac\u00f3n.<\/p>\n<p>\u201cYa es momento que los Gobiernos reconozcan que sus nacionales en el exterior tienen necesidades espec\u00edficas de naturaleza m\u00faltiple, incluyendo el salvaguardar los derechos de aquellos que buscan protecci\u00f3n humanitaria en otros pa\u00edses, incluyendo los EUA\u201d, afirm\u00f3 Chac\u00f3n durante una rueda de prensa en San Salvador.<\/p>\n<p>Este cambio de paradigma que Nalacc demanda de los gobiernos, tambi\u00e9n implica responder de una mejor manera ante los miles de nacionales que son involuntariamente regresados a sus pa\u00edses, principalmente y de forma urgente a los ni\u00f1os y ni\u00f1as protagonistas de esta crisis humanitaria sin precedentes.<\/p>\n<p>La gira por Centroam\u00e9rica de Nalacc coincide con una visita que realizan congresistas de Estados Unidos a estos pa\u00edses, para conocer m\u00e1s de las condiciones econ\u00f3micas, sociales y de violencia, que est\u00e1n influyendo en la decisi\u00f3n de miles de personas para abandonar sus pa\u00edses.<\/p>\n<p>\u201cInvitamos a los miembros del Congreso que visitaran a El Salvador, Honduras y Guatemala; a que apoyen la necesidad de proteger a personas que han huido para salvaguardar sus vidas ante el incremento de la violencia, exclusi\u00f3n econ\u00f3mica, y deseo de reunificaci\u00f3n familiar que se vive en el presente y no a deportarlos,\u201d declar\u00f3 por su parte Lariza Dugan-Cuadra, directora de Carecen en la ciudad de San Francisco, CA y l\u00edder de Nalacc.<\/p>\n<p>\u201cLas leyes de protecci\u00f3n humanitaria existentes deben ser aplicadas, al mismo tiempo que estas urgen de cambios si es que los EUA quiere seguir siendo una luz de esperanza para quienes huyen de condiciones de violencia en sus pa\u00edses en busca de paz, libertad y una vida mejor\u201d, a\u00f1adi\u00f3 Dugan-Cuadra.<\/p>\n<p>Otro de los l\u00edderes de Nalacc de visita en El Salvador, Abel N\u00fa\u00f1ez, Director Ejecutivo de Carecen Washington DC, dijo que otro de los objetivos de esta gira, es contribuir a un mejor entendimiento de la naturaleza \u201cinadecuada, obsoleta y hostil que caracteriza los marcos legales aplicables a los flujos migratorios en la regi\u00f3n y la urgencia de reformarlos\u201d.<\/p>\n<p>\u201cAm\u00e9rica Central, al igual que M\u00e9xico, urge de una nueva manera de definir la relaci\u00f3n regional con los EUA. La delegaci\u00f3n de legisladores estadounidenses que visit\u00f3 la regi\u00f3n puede sentar algunas bases en funci\u00f3n de una nueva manera de fortalecer una regi\u00f3n donde las profundas interdependencias ya son una realidad,\u201d declar\u00f3 N\u00fa\u00f1ez, a periodistas.<\/p>\n<p>\u201cHoy m\u00e1s que nunca compartimos los mismos problemas. Hay falta de buenos y abundantes empleos en Am\u00e9rica Central y en los EUA. Hay una urgente necesidad de contar con mejores y m\u00e1s eficaces sistemas escolares. Necesitamos una nueva gran visi\u00f3n y plan de acci\u00f3n que conlleve a una verdadera condici\u00f3n de bienestar y prosperidad para los pueblos de la regi\u00f3n comprendida por los pa\u00edses de Am\u00e9rica Central, el Caribe, M\u00e9xico y el resto de Am\u00e9rica del Norte,\u201d concluy\u00f3 N\u00fa\u00f1ez.<\/p>\n","protected":false},"excerpt":{"rendered":"<p>Representantes de la Alianza Nacional de Comunidades de Am\u00e9rica Latina y El Caribe (Nalacc), se encuentran en El Salvador a fin de sostener reuniones con funcionarios de Gobierno y representantes de organizaciones que se relacionan de forma directa o indirecta con la crisis humanitaria originada por los miles de ni\u00f1as y ni\u00f1os centroamericanos migrantes que [&hellip;]<\/p>\n","protected":false},"author":1,"featured_media":34877,"comment_status":"open","ping_status":"open","sticky":false,"template":"","format":"standard","meta":{"om_disable_all_campaigns":false,"_monsterinsights_skip_tracking":false,"_monsterinsights_sitenote_active":false,"_monsterinsights_sitenote_note":"","_monsterinsights_sitenote_category":0,"footnotes":""},"categories":[16],"tags":[],"class_list":["post-34876","post","type-post","status-publish","format-standard","has-post-thumbnail","hentry","category-migrante"],"aioseo_notices":[],"_links":{"self":[{"href":"https:\/\/elcronistadigital.com\/index.php?rest_route=\/wp\/v2\/posts\/34876","targetHints":{"allow":["GET"]}}],"collection":[{"href":"https:\/\/elcronistadigital.com\/index.php?rest_route=\/wp\/v2\/posts"}],"about":[{"href":"https:\/\/elcronistadigital.com\/index.php?rest_route=\/wp\/v2\/types\/post"}],"author":[{"embeddable":true,"href":"https:\/\/elcronistadigital.com\/index.php?rest_route=\/wp\/v2\/users\/1"}],"replies":[{"embeddable":true,"href":"https:\/\/elcronistadigital.com\/index.php?rest_route=%2Fwp%2Fv2%2Fcomments&post=34876"}],"version-history":[{"count":1,"href":"https:\/\/elcronistadigital.com\/index.php?rest_route=\/wp\/v2\/posts\/34876\/revisions"}],"predecessor-version":[{"id":34878,"href":"https:\/\/elcronistadigital.com\/index.php?rest_route=\/wp\/v2\/posts\/34876\/revisions\/34878"}],"wp:featuredmedia":[{"embeddable":true,"href":"https:\/\/elcronistadigital.com\/index.php?rest_route=\/wp\/v2\/media\/34877"}],"wp:attachment":[{"href":"https:\/\/elcronistadigital.com\/index.php?rest_route=%2Fwp%2Fv2%2Fmedia&parent=34876"}],"wp:term":[{"taxonomy":"category","embeddable":true,"href":"https:\/\/elcronistadigital.com\/index.php?rest_route=%2Fwp%2Fv2%2Fcategories&post=34876"},{"taxonomy":"post_tag","embeddable":true,"href":"https:\/\/elcronistadigital.com\/index.php?rest_route=%2Fwp%2Fv2%2Ftags&post=34876"}],"curies":[{"name":"wp","href":"https:\/\/api.w.org\/{rel}","templated":true}]}}