{"id":3516,"date":"2011-08-09T17:54:59","date_gmt":"2011-08-09T23:54:59","guid":{"rendered":"http:\/\/elcronistadigital.com\/?p=3516"},"modified":"2011-08-09T17:54:59","modified_gmt":"2011-08-09T23:54:59","slug":"san-pedro-de-lovago-tambien-tiene-canon","status":"publish","type":"post","link":"https:\/\/elcronistadigital.com\/?p=3516","title":{"rendered":"San Pedro de L\u00f3vago tambi\u00e9n tiene ca\u00f1\u00f3n"},"content":{"rendered":"<p>Un viaje de aventura por un sitio hasta ahora desconocido de nuestra geograf\u00eda. Vale la pena hacer el viaje desde cualquier punto del pa\u00eds para conocer adem\u00e1s la misteriosa Cueva de Zanz\u00edbar y la Cascada de Quilona. Senderos bajo tierra y pozas subterr\u00e1neas todav\u00eda inexploradas, hacen de esta experiencia algo inolvidable.<\/p>\n<p>OSCAR MERLO MENDIETA <div id=\"attachment_3517\" style=\"width: 310px\" class=\"wp-caption alignleft\"><a href=\"https:\/\/elcronistadigital.com\/?attachment_id=3517\" rel=\"attachment wp-att-3517\"><img loading=\"lazy\" decoding=\"async\" aria-describedby=\"caption-attachment-3517\" src=\"https:\/\/elcronistadigital.com\/wp-content\/uploads\/2011\/08\/San-Pedro-1-300x225.jpg\" alt=\"\" title=\"DESCUBREN UN CA\u00d1\u00d3N HASTA AHORA DESCONOCIDO EN UNA PROVINCIA DE NICARAGUA\" width=\"300\" height=\"225\" class=\"size-medium wp-image-3517\" srcset=\"https:\/\/elcronistadigital.com\/wp-content\/uploads\/2011\/08\/San-Pedro-1-300x225.jpg 300w, https:\/\/elcronistadigital.com\/wp-content\/uploads\/2011\/08\/San-Pedro-1-342x256.jpg 342w, https:\/\/elcronistadigital.com\/wp-content\/uploads\/2011\/08\/San-Pedro-1-60x45.jpg 60w, https:\/\/elcronistadigital.com\/wp-content\/uploads\/2011\/08\/San-Pedro-1-150x113.jpg 150w, https:\/\/elcronistadigital.com\/wp-content\/uploads\/2011\/08\/San-Pedro-1-269x201.jpg 269w, https:\/\/elcronistadigital.com\/wp-content\/uploads\/2011\/08\/San-Pedro-1.jpg 680w\" sizes=\"auto, (max-width: 300px) 100vw, 300px\" \/><\/a><p id=\"caption-attachment-3517\" class=\"wp-caption-text\">Un trozo del bello ca\u00f1\u00f3n de San Pedro de L\u00f3vago.<\/p><\/div><a href=\"https:\/\/elcronistadigital.com\/?attachment_id=3518\" rel=\"attachment wp-att-3518\"><img loading=\"lazy\" decoding=\"async\" src=\"https:\/\/elcronistadigital.com\/wp-content\/uploads\/2011\/08\/San-Pedro-3-225x300.jpg\" alt=\"\" title=\"San-Pedro-3\" width=\"225\" height=\"300\" class=\"alignright size-medium wp-image-3518\" srcset=\"https:\/\/elcronistadigital.com\/wp-content\/uploads\/2011\/08\/San-Pedro-3-225x300.jpg 225w, https:\/\/elcronistadigital.com\/wp-content\/uploads\/2011\/08\/San-Pedro-3-342x455.jpg 342w, https:\/\/elcronistadigital.com\/wp-content\/uploads\/2011\/08\/San-Pedro-3-300x399.jpg 300w, https:\/\/elcronistadigital.com\/wp-content\/uploads\/2011\/08\/San-Pedro-3.jpg 400w\" sizes=\"auto, (max-width: 225px) 100vw, 225px\" \/><\/a><a href=\"https:\/\/elcronistadigital.com\/?attachment_id=3519\" rel=\"attachment wp-att-3519\"><img loading=\"lazy\" decoding=\"async\" src=\"https:\/\/elcronistadigital.com\/wp-content\/uploads\/2011\/08\/San-Pedro-4-225x300.jpg\" alt=\"\" title=\"San-Pedro-4\" width=\"225\" height=\"300\" class=\"alignleft size-medium wp-image-3519\" srcset=\"https:\/\/elcronistadigital.com\/wp-content\/uploads\/2011\/08\/San-Pedro-4-225x300.jpg 225w, https:\/\/elcronistadigital.com\/wp-content\/uploads\/2011\/08\/San-Pedro-4-342x455.jpg 342w, https:\/\/elcronistadigital.com\/wp-content\/uploads\/2011\/08\/San-Pedro-4-300x399.jpg 300w, https:\/\/elcronistadigital.com\/wp-content\/uploads\/2011\/08\/San-Pedro-4.jpg 400w\" sizes=\"auto, (max-width: 225px) 100vw, 225px\" \/><\/a><\/p>\n<p>Eran las 6 de la ma\u00f1ana de un viernes, y yo ya estaba esperando en la casa de mi amiga Shirley para partir. Hubo un atraso con el jeep en el que nos \u00edbamos a transportar, lo cual le dio tiempo a un amigo m\u00e1s a unirse a esta aventura, y el afortunado se llama David, un compa\u00f1ero y amigo de la universidad. <\/p>\n<p>A las 8 de la ma\u00f1ana lleg\u00f3 el conductor, y salimos los cuatro con destino hacia San Pedro de L\u00f3vago, municipio del departamento de Chontales. Hicimos una parada para comprar en Las G\u00fcirilas \u201cEl Tata\u201d, ubicadas en la carretera Panamericana, cerca del empalme de Boaco. Estaban deliciosas.<\/p>\n<p>Llegamos a nuestro destino un poco pasadas las once de la ma\u00f1ana, debido a que nos perdimos. A unos dos kms de la entrada de la ciudad, hay una estatua de San Pedro encima de un caballo, y al lado un r\u00f3tulo donde se da la bienvenida a este bello municipio, denominado la Capital de la Paz y la cuna de las mujeres m\u00e1s bellas.<\/p>\n<p>Apenas arribamos a esta tranquila ciudad, el historiador Ren\u00e9 Matus Lazo, hermano del literato R\u00f3ger Matus Lazo, nos ubic\u00f3 en el lugar donde \u00edbamos a estar hospedados. As\u00ed mismo, el gu\u00eda Len\u00edn Ar\u00f3stegui, representante de la alcald\u00eda, nos llevo al lugar donde amablemente nos dieron nuestro alimento los dos d\u00edas que permanecimos en la zona.<\/p>\n<p>Hacia el ca\u00f1\u00f3n<\/p>\n<p>Despu\u00e9s de haber degustado de un rico plato de comida, emprendimos nuestro viaje hacia el ca\u00f1\u00f3n de San Pedro de L\u00f3vago. El camino es complicado, por lo que solo se puede acceder en un veh\u00edculo de doble tracci\u00f3n, el cual se tiene que parquear como a unos 200 metros de distancia del objetivo, y despu\u00e9s caminar.<\/p>\n<p>El ca\u00f1\u00f3n de este municipio es m\u00e1s peque\u00f1o que el de Somoto, pero igual de interesante. En periodos de invierno el agua cubre las piedras, lo que hace imposible caminar a trav\u00e9s de \u00e9l. <\/p>\n<p>Cerca del ca\u00f1\u00f3n no hay infraestructura de apoyo, debido a su reciente descubrimiento. Pero en verano se puede avanzar sobre su lecho e incluso llegar a un punto donde se est\u00e1 a 47 metros de altura sobre la base del ca\u00f1\u00f3n, y desde donde se obtiene una vista maravillosa que vale la pena presenciar despu\u00e9s de la corta pero inclinada subida. <\/p>\n<p>La \u00fanica fauna que pudimos observar fueron unos peces que el gu\u00eda dijo eran \u201cGuapotes\u201d, y distintos tipos de aves. La flora es algo variada.<\/p>\n<p>Despu\u00e9s regresamos a la ciudad donde nos dispusimos a cenar y a pasear por la misma en la noche, no obstante parece que fue un mal d\u00eda el que nos toc\u00f3 ir, ya que no hab\u00eda movimiento en el pueblo, por lo cual nos tuvimos que volver al lugar donde pernoctamos. <\/p>\n<p>A la ma\u00f1ana siguiente, despu\u00e9s de alistarnos apresuradamente porque se nos \u201cpeg\u00f3 la cobija\u201d, el camar\u00f3grafo comenz\u00f3 a hacer las tomas del parque central y sus alrededores. Era un jueves, por lo cual logramos apreciar a los devotos religiosos celebrar en la peque\u00f1a iglesia la misa del sant\u00edsimo.<\/p>\n<p>La misteriosa Cueva de Zanz\u00edbar<\/p>\n<p>Despu\u00e9s de un desayuno inusual para nosotros cuatro, ya que nunca hab\u00edamos comido muy de ma\u00f1ana cerdo con arroz, frijoles, crema y tortilla, nos aventuramos con nuestro gu\u00eda Len\u00edn a conocer la famosa Cueva de Zanz\u00edbar, tan extra\u00f1a que no se ha podido descubrir su origen. Su entrada es un poco inc\u00f3moda y hay que entrar agachados por unos siete metros de distancia, luego se puede andar de pie en todo su interior. <\/p>\n<p>Cuenta con varios senderos y dos niveles. El segundo nivel es una copia exacta del primero. La experiencia aqu\u00ed fue incre\u00edble, ya que nunca hab\u00edamos estado tan cerca de tantos murci\u00e9lagos. Dentro de la cueva uno siente como que est\u00e1 dentro de una mina. No entra ninguna claridad, por lo que se tiene que llevar l\u00e1mparas.<\/p>\n<p>Al llegar a la cueva y ver la entrada diminuta desde afuera, nunca imagin\u00e9 que ser\u00eda tan extensa, con varios senderos que forman un laberinto, y mucho menos que tuviera dos niveles, los cuales se unen por una especie de pozo que se encuentra adentro, el cual tiene una profundidad aproximada de unos 8 metros. <\/p>\n<p>No pudimos descender al nivel inferior, debido a que no llev\u00e1bamos el equipo necesario para hacerlo. Dentro de la misma cueva hay otras dos pozas, una en cada nivel, de aguas muy oscuras y profundas, las cuales todav\u00eda no han sido exploradas en su totalidad.<\/p>\n<p>El hermoso salto de Quilona<\/p>\n<p>Al momento de regresar al mundo exterior, uno se siente raro. La claridad nos estorbaba al inicio, y emprendimos el regreso adonde hab\u00edamos dejado parqueado el veh\u00edculo, y partimos a nuestro siguiente y \u00faltimo destino: la Cascada de Quilona.<\/p>\n<p>Queda en el mismo camino que lleva a la cueva, pero mucho antes, por lo cual ser\u00eda recomendable primero ir a la cascada y despu\u00e9s a la ya mencionada cueva. <\/p>\n<p>Para llegar a esta cascada se tiene que bajar por una parte muy dif\u00edcil, ya que es bastante inclinada, y un paso mal dado te puede ocasionar una ca\u00edda muy lamentable. Para bajar por esa parte uno tiene que ayudarse de las ra\u00edces de los \u00e1rboles y en algunas partes, para los que no tenemos experiencia en estos caminos, hay que bajar arrastr\u00e1ndose.<br \/>\nYa estando abajo, se observa un gran salto de aproximadamente 11 metros de altura, donde desciende el agua y en donde los aventurados y aventados se hacen clavados.<\/p>\n<p>Aqu\u00ed tambi\u00e9n se puede apreciar la flora del lugar y disfrutar de la poza que se forma en la base de la cascada. Aprovechamos para comer, tomamos un peque\u00f1o descanso y despu\u00e9s partimos para la ciudad de San Pedro de L\u00f3vago, donde nos despedimos de nuestro gu\u00eda y nos vinimos hacia nuestra querida y calurosa Managua, cansados, pero alegres de la experiencia vivida.<\/p>\n<p>Agradecemos al alcalde del municipio, Melvin B\u00e1ez; al gu\u00eda que nos recibi\u00f3, don Len\u00edn Javier Ar\u00f3stegui; al historiador don Ren\u00e9 Matus Lazo, encargado del hospedaje La Casona; a las personas del comedor que nos atendieron muy amablemente; y en mi caso particular, a mi amiga Shirley G\u00f3mez Bola\u00f1os y a Benjam\u00edn Espinoza, ambos integrantes del programa televisivo Senderos y Destinos, del Canal 14, VosTV, por haberme llevado a vivir esta experiencia inolvidable.<\/p>\n","protected":false},"excerpt":{"rendered":"<p>Un viaje de aventura por un sitio hasta ahora desconocido de nuestra geograf\u00eda. Vale la pena hacer el viaje desde cualquier punto del pa\u00eds para conocer adem\u00e1s la misteriosa Cueva de Zanz\u00edbar y la Cascada de Quilona. Senderos bajo tierra y pozas subterr\u00e1neas todav\u00eda inexploradas, hacen de esta experiencia algo inolvidable. OSCAR MERLO MENDIETA Eran [&hellip;]<\/p>\n","protected":false},"author":1,"featured_media":3517,"comment_status":"open","ping_status":"open","sticky":false,"template":"","format":"standard","meta":{"om_disable_all_campaigns":false,"_monsterinsights_skip_tracking":false,"_monsterinsights_sitenote_active":false,"_monsterinsights_sitenote_note":"","_monsterinsights_sitenote_category":0,"footnotes":""},"categories":[3,13],"tags":[],"class_list":["post-3516","post","type-post","status-publish","format-standard","has-post-thumbnail","hentry","category-nacionales","category-portada"],"aioseo_notices":[],"_links":{"self":[{"href":"https:\/\/elcronistadigital.com\/index.php?rest_route=\/wp\/v2\/posts\/3516","targetHints":{"allow":["GET"]}}],"collection":[{"href":"https:\/\/elcronistadigital.com\/index.php?rest_route=\/wp\/v2\/posts"}],"about":[{"href":"https:\/\/elcronistadigital.com\/index.php?rest_route=\/wp\/v2\/types\/post"}],"author":[{"embeddable":true,"href":"https:\/\/elcronistadigital.com\/index.php?rest_route=\/wp\/v2\/users\/1"}],"replies":[{"embeddable":true,"href":"https:\/\/elcronistadigital.com\/index.php?rest_route=%2Fwp%2Fv2%2Fcomments&post=3516"}],"version-history":[{"count":2,"href":"https:\/\/elcronistadigital.com\/index.php?rest_route=\/wp\/v2\/posts\/3516\/revisions"}],"predecessor-version":[{"id":3521,"href":"https:\/\/elcronistadigital.com\/index.php?rest_route=\/wp\/v2\/posts\/3516\/revisions\/3521"}],"wp:featuredmedia":[{"embeddable":true,"href":"https:\/\/elcronistadigital.com\/index.php?rest_route=\/wp\/v2\/media\/3517"}],"wp:attachment":[{"href":"https:\/\/elcronistadigital.com\/index.php?rest_route=%2Fwp%2Fv2%2Fmedia&parent=3516"}],"wp:term":[{"taxonomy":"category","embeddable":true,"href":"https:\/\/elcronistadigital.com\/index.php?rest_route=%2Fwp%2Fv2%2Fcategories&post=3516"},{"taxonomy":"post_tag","embeddable":true,"href":"https:\/\/elcronistadigital.com\/index.php?rest_route=%2Fwp%2Fv2%2Ftags&post=3516"}],"curies":[{"name":"wp","href":"https:\/\/api.w.org\/{rel}","templated":true}]}}