{"id":3531,"date":"2011-08-09T18:51:26","date_gmt":"2011-08-10T00:51:26","guid":{"rendered":"http:\/\/elcronistadigital.com\/?p=3531"},"modified":"2011-08-09T18:51:26","modified_gmt":"2011-08-10T00:51:26","slug":"noche-sin-bragas-y-riesgo-de-%e2%80%9carrebato%e2%80%9d","status":"publish","type":"post","link":"https:\/\/elcronistadigital.com\/?p=3531","title":{"rendered":"Noche sin bragas y riesgo de \u201carrebato\u201d"},"content":{"rendered":"<p><a href=\"https:\/\/elcronistadigital.com\/?attachment_id=3532\" rel=\"attachment wp-att-3532\"><img loading=\"lazy\" decoding=\"async\" src=\"https:\/\/elcronistadigital.com\/wp-content\/uploads\/2011\/08\/reggaeton16-300x284.jpg\" alt=\"\" title=\"reggaeton16\" width=\"300\" height=\"284\" class=\"alignleft size-medium wp-image-3532\" srcset=\"https:\/\/elcronistadigital.com\/wp-content\/uploads\/2011\/08\/reggaeton16-300x284.jpg 300w, https:\/\/elcronistadigital.com\/wp-content\/uploads\/2011\/08\/reggaeton16.jpg 320w\" sizes=\"auto, (max-width: 300px) 100vw, 300px\" \/><\/a>A prop\u00f3sito de una jornada musical con \u201cperreo\u201d, \u201creggaet\u00f3n\u201d y \u201cregaz\u00f3n\u201d, bragas y sostenes al aire y mucha alegr\u00eda.<\/p>\n<p>Se lo vamos a dejar claro a los padres para que no anden cayendo en enredos. Lo que sus hijas fueron a ver el viernes 5 de noviembre a Galer\u00eda Santo Domingo fue a Wisin &#038; Yandel no a Hansel &#038; Gretel. <\/p>\n<p>Por eso fue que muchas ni\u00f1as regresaron sin bragas y sin sostenes a sus hogares. Se los tiraron a la cara a los reggaetoneros puertorrique\u00f1os, que en algunos casos \u2013tras saborear su fragancia- se los regresaron con su r\u00fabrica.<\/p>\n<p>Sin duda un secreto a guardar con los hijos cuando estas jovencitas -y algunas no tanto-, recuerden esa noche de desenfreno de caderas y sudor al ritmo de temas de letras nada po\u00e9ticas ni l\u00edricas, pero s\u00ed abundantes en dobles sentidos y de invitaciones expl\u00edcitas al sexo sin tapujos. <\/p>\n<p>\u00bfHace cu\u00e1nto que nuestras chavalas no se sacaban los calzoncitos para tir\u00e1rselos a alg\u00fan cantante? Esa fue una costumbre de moda hace unas tres d\u00e9cadas en otros pa\u00edses en las sesiones de \u201crock duro\u201d rociadas de cannabis y otras sustancias \u201cesnifables\u201d que empezaban a hacer mella en la juventud.<\/p>\n<p>Santana es lo \u201cm\u00e1s fuerte\u201d que ha venido<\/p>\n<p>Aqu\u00ed nuestras muchachas hab\u00edan sido m\u00e1s puritanas quiz\u00e1s porque nunca vinieron grupos famosos de rock, a excepci\u00f3n de Santana con recuerdos exagerados entre volutas de humo, amor libre y otro mont\u00f3n de cosas nada p\u00edas.<\/p>\n<p>La moda de \u201cdescalzonarse\u201d o dejarse las \u201cbubis\u201d al aire es en realidad ajena y retro, aunque no dudamos que pueda salir alguna feminista trasnochada reivindicando la usanza y declar\u00e1ndola \u201ctan nica como el r\u00edo San Juan\u201d.<\/p>\n<p>Es asunto de cada cabeza de familia velar por el cuido de sus hijas, pero no estar\u00eda de m\u00e1s aconsejar a las cipotas m\u00e1s recato con la cara lencer\u00eda en estos actos musicales cargados de libertinaje y posibles \u201carrebatos\u201d.<\/p>\n","protected":false},"excerpt":{"rendered":"<p>A prop\u00f3sito de una jornada musical con \u201cperreo\u201d, \u201creggaet\u00f3n\u201d y \u201cregaz\u00f3n\u201d, bragas y sostenes al aire y mucha alegr\u00eda. Se lo vamos a dejar claro a los padres para que no anden cayendo en enredos. Lo que sus hijas fueron a ver el viernes 5 de noviembre a Galer\u00eda Santo Domingo fue a Wisin &#038; [&hellip;]<\/p>\n","protected":false},"author":1,"featured_media":3532,"comment_status":"open","ping_status":"open","sticky":false,"template":"","format":"standard","meta":{"om_disable_all_campaigns":false,"_monsterinsights_skip_tracking":false,"_monsterinsights_sitenote_active":false,"_monsterinsights_sitenote_note":"","_monsterinsights_sitenote_category":0,"footnotes":""},"categories":[3,13],"tags":[],"class_list":["post-3531","post","type-post","status-publish","format-standard","has-post-thumbnail","hentry","category-nacionales","category-portada"],"aioseo_notices":[],"_links":{"self":[{"href":"https:\/\/elcronistadigital.com\/index.php?rest_route=\/wp\/v2\/posts\/3531","targetHints":{"allow":["GET"]}}],"collection":[{"href":"https:\/\/elcronistadigital.com\/index.php?rest_route=\/wp\/v2\/posts"}],"about":[{"href":"https:\/\/elcronistadigital.com\/index.php?rest_route=\/wp\/v2\/types\/post"}],"author":[{"embeddable":true,"href":"https:\/\/elcronistadigital.com\/index.php?rest_route=\/wp\/v2\/users\/1"}],"replies":[{"embeddable":true,"href":"https:\/\/elcronistadigital.com\/index.php?rest_route=%2Fwp%2Fv2%2Fcomments&post=3531"}],"version-history":[{"count":2,"href":"https:\/\/elcronistadigital.com\/index.php?rest_route=\/wp\/v2\/posts\/3531\/revisions"}],"predecessor-version":[{"id":3534,"href":"https:\/\/elcronistadigital.com\/index.php?rest_route=\/wp\/v2\/posts\/3531\/revisions\/3534"}],"wp:featuredmedia":[{"embeddable":true,"href":"https:\/\/elcronistadigital.com\/index.php?rest_route=\/wp\/v2\/media\/3532"}],"wp:attachment":[{"href":"https:\/\/elcronistadigital.com\/index.php?rest_route=%2Fwp%2Fv2%2Fmedia&parent=3531"}],"wp:term":[{"taxonomy":"category","embeddable":true,"href":"https:\/\/elcronistadigital.com\/index.php?rest_route=%2Fwp%2Fv2%2Fcategories&post=3531"},{"taxonomy":"post_tag","embeddable":true,"href":"https:\/\/elcronistadigital.com\/index.php?rest_route=%2Fwp%2Fv2%2Ftags&post=3531"}],"curies":[{"name":"wp","href":"https:\/\/api.w.org\/{rel}","templated":true}]}}