{"id":3565,"date":"2011-08-15T12:47:49","date_gmt":"2011-08-15T18:47:49","guid":{"rendered":"http:\/\/elcronistadigital.com\/?p=3565"},"modified":"2011-08-15T12:47:49","modified_gmt":"2011-08-15T18:47:49","slug":"vihsida-nos-acorrala","status":"publish","type":"post","link":"https:\/\/elcronistadigital.com\/?p=3565","title":{"rendered":"VIH\/sida nos acorrala"},"content":{"rendered":"<p><a href=\"https:\/\/elcronistadigital.com\/?attachment_id=3566\" rel=\"attachment wp-att-3566\"><img loading=\"lazy\" decoding=\"async\" src=\"https:\/\/elcronistadigital.com\/wp-content\/uploads\/2011\/08\/Ni\u00f1os-con-sida.jpg\" alt=\"\" title=\"Ni\u00f1os con sida\" width=\"298\" height=\"298\" class=\"alignleft size-full wp-image-3566\" srcset=\"https:\/\/elcronistadigital.com\/wp-content\/uploads\/2011\/08\/Ni\u00f1os-con-sida.jpg 298w, https:\/\/elcronistadigital.com\/wp-content\/uploads\/2011\/08\/Ni\u00f1os-con-sida-150x150.jpg 150w, https:\/\/elcronistadigital.com\/wp-content\/uploads\/2011\/08\/Ni\u00f1os-con-sida-50x50.jpg 50w, https:\/\/elcronistadigital.com\/wp-content\/uploads\/2011\/08\/Ni\u00f1os-con-sida-70x70.jpg 70w, https:\/\/elcronistadigital.com\/wp-content\/uploads\/2011\/08\/Ni\u00f1os-con-sida-55x55.jpg 55w\" sizes=\"auto, (max-width: 298px) 100vw, 298px\" \/><\/a>Cada hora, por lo menos 13 personas en nuestra regi\u00f3n adquirir\u00e1n el VIH transmitido principalmente a trav\u00e9s del sexo heterosexual. A pesar de contar con las herramientas b\u00e1sicas para detener la pandemia, el acceso a \u00e9stas es desigual. La clave del \u00e9xito en la agenda de prevenci\u00f3n es la reducci\u00f3n de las disparidades, enfoc\u00e1ndose en los adolescentes y promoviendo la equidad.<\/p>\n<p>El Caribe y algunas partes de Am\u00e9rica Central son las regiones con la segunda mayor prevalencia de VIH en el mundo. Cada hora por lo menos 13 personas en nuestra regi\u00f3n adquirir\u00e1 el VIH, de los cuales, dos beb\u00e9s recibir\u00e1n el VIH de sus madres y 17 ser\u00e1n j\u00f3venes entre 15 y 25 a\u00f1os, y 15 personas m\u00e1s morir\u00e1n a causa de una enfermedad relacionada con el SIDA, seg\u00fan datos de Unicef.<\/p>\n<p>En la actualidad, en la mayor\u00eda de los pa\u00edses de nuestra regi\u00f3n, se observa que el VIH se adquiere cada vez m\u00e1s a trav\u00e9s del sexo heterosexual.<\/p>\n<p>Adem\u00e1s, muchos pa\u00edses de la regi\u00f3n no cuentan siempre con la dosis correcta ni disponen de f\u00f3rmulas pedi\u00e1tricas, lo que limita la calidad del tratamiento y su eficacia.<\/p>\n<p>Mujeres ignoran su situaci\u00f3n<\/p>\n<p>La prevenci\u00f3n de la transmisi\u00f3n madre a hijo es muy eficaz y asequible. Sin embargo, el 41% de las mujeres embarazadas en Am\u00e9rica Latina y el Caribe no se realiza la prueba del VIH, por lo que, al desconocer su situaci\u00f3n, no previene la transmisi\u00f3n a sus beb\u00e9s.<\/p>\n<p>Situaciones sociales y de escasez econ\u00f3mica, as\u00ed como la presi\u00f3n ejercida por sus compa\u00f1eros y adultos cercanos, pueden limitar las opciones de los j\u00f3venes, poni\u00e9ndolos en mayor riesgo de VIH. Los ni\u00f1os y particularmente las ni\u00f1as, corren un riesgo mucho mayor de VIH debido a la pr\u00e1ctica de relaciones sexuales intergeneracionales y comerciales, algunas veces con el fin de adquirir alimentos, libros escolares y otros productos b\u00e1sicos. <\/p>\n<p>Los j\u00f3venes en nuestra regi\u00f3n son tambi\u00e9n a menudo objeto de violencia y abuso, lo que aumenta el riesgo de adquirir el VIH, as\u00ed como la probabilidad de que los j\u00f3venes practiquen comportamientos de riesgo (por ejemplo, las parejas m\u00faltiples) en el transcurso de sus vidas. <\/p>\n<p>Exclusi\u00f3n = aumento de la vulnerabilidad<\/p>\n<p>La reducci\u00f3n del SIDA en la regi\u00f3n es fundamental para el logro de otros Objetivos de Desarrollo del Milenio claves. El SIDA sigue de cerca las l\u00edneas de la disparidad y la desigualdad.<\/p>\n<p>Los pobres y excluidos (por ejemplo, trabajadores sexuales, HSH, adolescentes), y los que se enfrentan al estigma y la discriminaci\u00f3n y por lo tanto tienden a no buscar servicios de prevenci\u00f3n, no conocen su estado, etc., son m\u00e1s vulnerables al VIH y tienen menos probabilidades de beneficiarse de los esfuerzos para lograr el acceso universal a la prevenci\u00f3n, tratamiento y atenci\u00f3n.<\/p>\n<p>Hoy en d\u00eda, contamos con las herramientas b\u00e1sicas para detener la pandemia. Tenemos los medios para prevenir la transmisi\u00f3n sexual del VIH y el acceso a medicamentos antirretrovirales para todas las personas que los necesitan.<br \/>\nActualmente, el acceso a la educaci\u00f3n, los preservativos, los servicios de salud, consejer\u00eda y prueba voluntaria, especialmente para los adolescentes y las mujeres embarazadas &#8211; la Agenda de Prevenci\u00f3n, es nuestro mayor reto.<br \/>\nLa clave del \u00e9xito en esta agenda de prevenci\u00f3n es reducir las desigualdades y promover la equidad.<\/p>\n<p>El drama de los ni\u00f1os y adolescentes<\/p>\n<p>En el 2009 en Centro y Sur Am\u00e9rica hab\u00edan 1.4 millones de adultos, ni\u00f1as y ni\u00f1os viviendo con VIH, 92,000 nuevas infecciones de adultos, ni\u00f1as y ni\u00f1os y 58,000 muertes de adultos, ni\u00f1as y ni\u00f1os debidas al SIDA.<\/p>\n<p>En el Caribe en el 2009, hab\u00eda 240,000 adultos, ni\u00f1as y ni\u00f1os viviendo con VIH, 17,000 nuevas infecciones de adultos, ni\u00f1as y ni\u00f1os y 12,000 muertes de adultos, ni\u00f1as y ni\u00f1os debidas al SIDA.<\/p>\n<p>El n\u00famero reportado de ni\u00f1as y ni\u00f1os (0-14 a\u00f1os) recibiendo terapia antirretroviral hacia diciembre del 2009 en LAC fue de 18,600 (16,300 en Am\u00e9rica Latina y 2,400 en el Caribe).<\/p>\n<p>El n\u00famero estimado de ni\u00f1as y ni\u00f1os que necesitan terapia antirretroviral hacia el 2009 en la regi\u00f3n LAC fue de 32,200. De este total, 24,100 est\u00e1n en Am\u00e9rica Latina y 8,100 en el Caribe.<\/p>\n<p>La cobertura de terapia antirretroviral entre ni\u00f1as y ni\u00f1os en la regi\u00f3n LAC hacia diciembre del 2009 fue de 58%. En Am\u00e9rica Latina fue de 68% y en el Caribe fue de 29%.<\/p>\n<p>Para el 2009, hab\u00eda 58,000 ni\u00f1as y ni\u00f1os menores de 15 a\u00f1os viviendo con VIH en Am\u00e9rica Latina y el Caribe.<\/p>\n","protected":false},"excerpt":{"rendered":"<p>Cada hora, por lo menos 13 personas en nuestra regi\u00f3n adquirir\u00e1n el VIH transmitido principalmente a trav\u00e9s del sexo heterosexual. A pesar de contar con las herramientas b\u00e1sicas para detener la pandemia, el acceso a \u00e9stas es desigual. La clave del \u00e9xito en la agenda de prevenci\u00f3n es la reducci\u00f3n de las disparidades, enfoc\u00e1ndose en [&hellip;]<\/p>\n","protected":false},"author":1,"featured_media":3566,"comment_status":"open","ping_status":"open","sticky":false,"template":"","format":"standard","meta":{"om_disable_all_campaigns":false,"_monsterinsights_skip_tracking":false,"_monsterinsights_sitenote_active":false,"_monsterinsights_sitenote_note":"","_monsterinsights_sitenote_category":0,"footnotes":""},"categories":[3,13],"tags":[],"class_list":["post-3565","post","type-post","status-publish","format-standard","has-post-thumbnail","hentry","category-nacionales","category-portada"],"aioseo_notices":[],"_links":{"self":[{"href":"https:\/\/elcronistadigital.com\/index.php?rest_route=\/wp\/v2\/posts\/3565","targetHints":{"allow":["GET"]}}],"collection":[{"href":"https:\/\/elcronistadigital.com\/index.php?rest_route=\/wp\/v2\/posts"}],"about":[{"href":"https:\/\/elcronistadigital.com\/index.php?rest_route=\/wp\/v2\/types\/post"}],"author":[{"embeddable":true,"href":"https:\/\/elcronistadigital.com\/index.php?rest_route=\/wp\/v2\/users\/1"}],"replies":[{"embeddable":true,"href":"https:\/\/elcronistadigital.com\/index.php?rest_route=%2Fwp%2Fv2%2Fcomments&post=3565"}],"version-history":[{"count":2,"href":"https:\/\/elcronistadigital.com\/index.php?rest_route=\/wp\/v2\/posts\/3565\/revisions"}],"predecessor-version":[{"id":3568,"href":"https:\/\/elcronistadigital.com\/index.php?rest_route=\/wp\/v2\/posts\/3565\/revisions\/3568"}],"wp:featuredmedia":[{"embeddable":true,"href":"https:\/\/elcronistadigital.com\/index.php?rest_route=\/wp\/v2\/media\/3566"}],"wp:attachment":[{"href":"https:\/\/elcronistadigital.com\/index.php?rest_route=%2Fwp%2Fv2%2Fmedia&parent=3565"}],"wp:term":[{"taxonomy":"category","embeddable":true,"href":"https:\/\/elcronistadigital.com\/index.php?rest_route=%2Fwp%2Fv2%2Fcategories&post=3565"},{"taxonomy":"post_tag","embeddable":true,"href":"https:\/\/elcronistadigital.com\/index.php?rest_route=%2Fwp%2Fv2%2Ftags&post=3565"}],"curies":[{"name":"wp","href":"https:\/\/api.w.org\/{rel}","templated":true}]}}