{"id":3586,"date":"2011-08-17T14:30:57","date_gmt":"2011-08-17T20:30:57","guid":{"rendered":"http:\/\/elcronistadigital.com\/?p=3586"},"modified":"2011-08-17T14:30:57","modified_gmt":"2011-08-17T20:30:57","slug":"feria-de-indulgencias-en-espana","status":"publish","type":"post","link":"https:\/\/elcronistadigital.com\/?p=3586","title":{"rendered":"Feria de indulgencias en Espa\u00f1a"},"content":{"rendered":"<p><div id=\"attachment_3587\" style=\"width: 310px\" class=\"wp-caption alignleft\"><a href=\"https:\/\/elcronistadigital.com\/?attachment_id=3587\" rel=\"attachment wp-att-3587\"><img loading=\"lazy\" decoding=\"async\" aria-describedby=\"caption-attachment-3587\" src=\"https:\/\/elcronistadigital.com\/wp-content\/uploads\/2011\/08\/Feria-del-Perd\u00f3n-300x196.jpg\" alt=\"\" title=\"Feria del Perd\u00f3n\" width=\"300\" height=\"196\" class=\"size-medium wp-image-3587\" srcset=\"https:\/\/elcronistadigital.com\/wp-content\/uploads\/2011\/08\/Feria-del-Perd\u00f3n-300x196.jpg 300w, https:\/\/elcronistadigital.com\/wp-content\/uploads\/2011\/08\/Feria-del-Perd\u00f3n-342x224.jpg 342w, https:\/\/elcronistadigital.com\/wp-content\/uploads\/2011\/08\/Feria-del-Perd\u00f3n.jpg 560w\" sizes=\"auto, (max-width: 300px) 100vw, 300px\" \/><\/a><p id=\"caption-attachment-3587\" class=\"wp-caption-text\">Algunos de los sacerdotes que participan en la Feria del Perd\u00f3n, en Madrid. (Tomada de El Pa\u00eds).<\/p><\/div>Sacerdotes que participan en encuentro con el Papa en Madrid, recibieron el sorpresivo permiso de levantar la ex comuni\u00f3n a las mujeres que hayan abortado y que est\u00e9n arrepentidas. Penitencia la decide cada cura y hay algunos que optan \u201cpor no apretar demasiado a la pecadora\u201d.<\/p>\n<p>GLORIA RODR\u00cdGUEZ-PINA<br \/>\nTomado de El Pa\u00eds<\/p>\n<p>La Fiesta del Perd\u00f3n y la Feria de las Vocaciones ocupan estos d\u00edas el paseo del madrile\u00f1o parque de El Retiro, donde suelen instalarse otros cert\u00e1menes como la cita anual con los libros. <\/p>\n<p>Sacerdotes venidos de todo el mundo han recibido el permiso del cardenal Rouco Varela para levantar la excomuni\u00f3n, solo entre el 15 y el 21 de agosto y en Madrid, a las mujeres que confiesen que han abortado y se hayan arrepentido. A cambio, deber\u00e1n asumir \u201cuna penitencia conveniente\u201d.<\/p>\n<p>Como no hay un manual, cada sacerdote impone la que le parece m\u00e1s adecuada. Un cat\u00e1logo que va desde rezar un rosario o hacer una donaci\u00f3n, hasta peregrinar a un santuario mariano o tener hijos.<\/p>\n<p>\u201cYa no es como en la Edad Media\u201d<\/p>\n<p>El padre Roberto, sacerdote mexicano de 35 a\u00f1os, que confesar\u00e1 en la tarde de hoy (el mi\u00e9rcoles), prefiere \u201cver con la persona\u201d qu\u00e9 penitencia imponer y se inclina a prescribir \u201cayudar en servicios sociales\u201d. Miguel Garc\u00eda, de 51 a\u00f1os de Pamplona, explica con una sonrisa ba\u00f1ada en sudor, al salir de su turno de confesi\u00f3n en el parque azotado por el sol, que suele imponer penas como \u201cir un rato a ver al sant\u00edsimo, asistir a una misa, o rezar el rosario\u201d. \u201cNo es como en la edad media\u201d, aclara a quien espere castigos extremos.<\/p>\n<p>Otro cura llamado Atanasio, de 59 a\u00f1os y asentado en Madrid, receta penitencias que tengan que ver con \u201ctodo lo que sea amar la vida y odiar la muerte\u201d. Esto se concreta, seg\u00fan relata, en \u201camar (y ayudar) al pr\u00f3jimo, a los necesitados\u201d, e incluso, aunque asegura que intenta no presionar, en animar a \u201ctener hijos para amarlos a ellos\u201d. <\/p>\n<p>El sacerdote recomienda a las mujeres que le han confesado que han abortado \u201cvivir alegre y festivamente\u201d y asegura que tiene instrucciones para ser positivo, \u201cporque, motivados por nuestra moral, vienen [a confesar] con un sentimiento de culpa excesivo\u201d. Su objetivo es que las abortistas \u201crecuperen la dignidad\u201d, aunque para \u00e9l no la han perdido.<\/p>\n<p> \u201cHay mucha dureza\u201d en el catolicismo hacia quienes abortan, reconoce el cura, pero insiste en que la Iglesia \u201cno cierra la puerta y no pone una losa\u201d sobre quienes han pecado. Admite, sin embargo, que ha tenido discusiones con muchos de sus compa\u00f1eros a costa de la interrupci\u00f3n del embarazo, pero asegura que su obispo, el de Madrid, opina como \u00e9l.<\/p>\n<p>Un misionero espa\u00f1ol que trabaja en Chile, el padre Juan Llorente, de 60 a\u00f1os, opta por \u201cno apretar a la persona si est\u00e1 muy traumatizada\u201d. Sus penitencias para estos casos pueden ser simplemente rezar o ir a misa. Si el pecador es \u201cpudiente\u201d, le pide una donaci\u00f3n econ\u00f3mica \u201cpara ayudar a los necesitados\u201d o \u201cvisitar un santuario mariano\u201d.<\/p>\n<p>\u201cSiempre estamos en oferta\u201d<\/p>\n<p>El Papa Benedicto XVI ha concedido tambi\u00e9n indulgencia plenaria \u201ca todos los fieles que participen devotamente en alguna celebraci\u00f3n sagrada o acto de piedad que tenga lugar en Madrid durante la Jornada Mundial de la Juventud\u201d, e indulgencia parcial a aquellos que \u201cdondequiera que se encuentren, eleven oraciones (\u2026) para que se impulse a los j\u00f3venes a la caridad y les conceda fortaleza para anunciar el evangelio\u201d. La primera, seg\u00fan explican varios sacerdotes, consiste en \u201cborrar todos los pecados, del todo\u201d. La segunda \u201caporta beneficios al alma, como aumentar la fortaleza espiritual en el coraz\u00f3n y las virtudes cristianas\u201d.<\/p>\n<p>Preguntados por la imagen de banalizaci\u00f3n del pecado y de la propia confesi\u00f3n que pueden transmitir estos reclamos, algunos sacerdotes reconocen que puede parecerlo, pero insisten, como Miguel Garc\u00eda, en que \u201cla misericordia de Dios siempre nos est\u00e1 esperando\u201d. \u201cSiempre estamos en oferta\u201d, anuncia Garc\u00eda, que recuerda que \u201cla Iglesia est\u00e1 permanentemente abierta a todo el mundo, a pesar de lo que quieran hacer pensar algunos\u201d.<\/p>\n<p>El misionero Juan Llorente cree que \u201ces muy grande\u201d que se pueda cancelar totalmente la pena por \u201ceste crimen\u201d, como se refiere al aborto. \u201cDios es tan misericordioso que aprovecha estos momentos\u201d para facilitar el acceso al perd\u00f3n. \u201cLa mujer se siente perdonada y ya puede participar en todos los sacramentos\u201d, dice con una sonrisa, y recuerda, eso s\u00ed, que la pena solo se impone a las personas que siendo cat\u00f3licas y conociendo el pecado, lo cometen. <\/p>\n<p>Y a quienes presionan o incitan o ayudan a cometerlo. \u201cLa gente lo hace por ignorancia o porque se siente presionada. No se puede juzgar; eso le corresponde a Dios\u201d, dice, pero enfatiza, para terminar, que en ning\u00fan caso est\u00e1 justificado, ni aunque la madre o el hijo corran peligro, porque seg\u00fan \u00e9l \u201cDios est\u00e1 por encima de la medicina y de todos los c\u00e1lculos\u201d.<br \/>\nEl mexicano padre Roberto explica que algunos sacerdotes, como \u00e9l, tienen la facultad permanentemente para remitir la excomuni\u00f3n, si bien suele estar reservado a los obispos \u201cpor la delicadeza del pecado\u201d. \u201cNo es una cosa normal, es un asesinato\u201d, afirma, y por eso se restringe la capacidad que estos d\u00edas s\u00ed se ha otorgado a los curas rasos.<\/p>\n<p>Para beneficiarse de la revocaci\u00f3n de la excomuni\u00f3n y de las indulgencias, aclaran los sacerdotes, es requisito imprescindible confesarse. Y si alguien tiene dudas de c\u00f3mo se hace, un buen n\u00famero de voluntarios les aguarda en los accesos a los 200 confesionarios con un folleto de 31 p\u00e1ginas que les explica todo el proceso y les gu\u00eda en el examen de conciencia, con un concienzudo repaso a todos los pecados posibles. Uno de los voluntarios, que ya pas\u00f3 por uno de los puestos de dise\u00f1o ayer, confiesa que deber\u00e1 volver a hacerlo hoy porque, como \u201cdice el antiguo testamento, hasta el m\u00e1s piadoso peca siete veces\u201d. Aunque sea por omisi\u00f3n.<\/p>\n","protected":false},"excerpt":{"rendered":"<p>Sacerdotes que participan en encuentro con el Papa en Madrid, recibieron el sorpresivo permiso de levantar la ex comuni\u00f3n a las mujeres que hayan abortado y que est\u00e9n arrepentidas. Penitencia la decide cada cura y hay algunos que optan \u201cpor no apretar demasiado a la pecadora\u201d. GLORIA RODR\u00cdGUEZ-PINA Tomado de El Pa\u00eds La Fiesta del [&hellip;]<\/p>\n","protected":false},"author":1,"featured_media":3587,"comment_status":"open","ping_status":"open","sticky":false,"template":"","format":"standard","meta":{"om_disable_all_campaigns":false,"_monsterinsights_skip_tracking":false,"_monsterinsights_sitenote_active":false,"_monsterinsights_sitenote_note":"","_monsterinsights_sitenote_category":0,"footnotes":""},"categories":[3,13],"tags":[],"class_list":["post-3586","post","type-post","status-publish","format-standard","has-post-thumbnail","hentry","category-nacionales","category-portada"],"aioseo_notices":[],"_links":{"self":[{"href":"https:\/\/elcronistadigital.com\/index.php?rest_route=\/wp\/v2\/posts\/3586","targetHints":{"allow":["GET"]}}],"collection":[{"href":"https:\/\/elcronistadigital.com\/index.php?rest_route=\/wp\/v2\/posts"}],"about":[{"href":"https:\/\/elcronistadigital.com\/index.php?rest_route=\/wp\/v2\/types\/post"}],"author":[{"embeddable":true,"href":"https:\/\/elcronistadigital.com\/index.php?rest_route=\/wp\/v2\/users\/1"}],"replies":[{"embeddable":true,"href":"https:\/\/elcronistadigital.com\/index.php?rest_route=%2Fwp%2Fv2%2Fcomments&post=3586"}],"version-history":[{"count":2,"href":"https:\/\/elcronistadigital.com\/index.php?rest_route=\/wp\/v2\/posts\/3586\/revisions"}],"predecessor-version":[{"id":3589,"href":"https:\/\/elcronistadigital.com\/index.php?rest_route=\/wp\/v2\/posts\/3586\/revisions\/3589"}],"wp:featuredmedia":[{"embeddable":true,"href":"https:\/\/elcronistadigital.com\/index.php?rest_route=\/wp\/v2\/media\/3587"}],"wp:attachment":[{"href":"https:\/\/elcronistadigital.com\/index.php?rest_route=%2Fwp%2Fv2%2Fmedia&parent=3586"}],"wp:term":[{"taxonomy":"category","embeddable":true,"href":"https:\/\/elcronistadigital.com\/index.php?rest_route=%2Fwp%2Fv2%2Fcategories&post=3586"},{"taxonomy":"post_tag","embeddable":true,"href":"https:\/\/elcronistadigital.com\/index.php?rest_route=%2Fwp%2Fv2%2Ftags&post=3586"}],"curies":[{"name":"wp","href":"https:\/\/api.w.org\/{rel}","templated":true}]}}