{"id":3590,"date":"2011-08-17T15:01:13","date_gmt":"2011-08-17T21:01:13","guid":{"rendered":"http:\/\/elcronistadigital.com\/?p=3590"},"modified":"2011-08-17T15:01:13","modified_gmt":"2011-08-17T21:01:13","slug":"chinchilla-nos-vigilara-con-camaras","status":"publish","type":"post","link":"https:\/\/elcronistadigital.com\/?p=3590","title":{"rendered":"Chinchilla nos vigilar\u00e1 con c\u00e1maras"},"content":{"rendered":"<p><div id=\"attachment_3591\" style=\"width: 310px\" class=\"wp-caption alignleft\"><a href=\"https:\/\/elcronistadigital.com\/?attachment_id=3591\" rel=\"attachment wp-att-3591\"><img loading=\"lazy\" decoding=\"async\" aria-describedby=\"caption-attachment-3591\" src=\"https:\/\/elcronistadigital.com\/wp-content\/uploads\/2011\/08\/laura-chinchilla.jpg\" alt=\"\" title=\"laura-chinchilla\" width=\"300\" height=\"242\" class=\"size-full wp-image-3591\" \/><\/a><p id=\"caption-attachment-3591\" class=\"wp-caption-text\">Laura Chinchilla est\u00e1 llevando su paranoia anti Nicaragua a los extremos.<\/p><\/div>El Gobierno de Costa Rica anunci\u00f3 este mi\u00e9rcoles que invertir\u00e1 cerca de tres millones de d\u00f3lares en la instalaci\u00f3n de c\u00e1maras para vigilar la zona de litigio territorial con Nicaragua, caso que estudia la Corte Internacional de Justicia (CIJ) de La Haya (Holanda), seg\u00fan nota de Acan-Efe.<\/p>\n<p>\u00abNecesitamos infraestructura que garantice el monitoreo de (la zona fronteriza) 24 horas los siete d\u00edas de la semana\u00bb, declar\u00f3 la presidenta costarricense, Laura Chinchilla, en una conferencia de prensa posterior a una graduaci\u00f3n de polic\u00edas.<\/p>\n<p>La mandataria dijo que esta infraestructura \u00abb\u00e1sica y nada sofisticada\u00bb, se ubicar\u00e1 en territorio autorizado por la CIJ, que en marzo pasado dict\u00f3 medidas cautelares.<\/p>\n<p>\u00abNecesitamos infraestructura. B\u00e1sicamente equipo de vigilancia electr\u00f3nica y unas bases que permitan la erradicaci\u00f3n permanente de miembros de la Fuerza P\u00fablica\u00bb en el sitio, explic\u00f3 Chinchilla.<\/p>\n<p>El dinero para instalar los equipos de vigilancia provendr\u00e1 de la Comisi\u00f3n Nacional de Emergencias (CNE) porque, seg\u00fan la presidenta, el pa\u00eds no cuenta con \u00abrecursos frescos\u00bb para ese fin.<\/p>\n<p>El litigio territorial surgi\u00f3 en octubre pasado cuando Costa Rica denunci\u00f3 que Nicaragua invadi\u00f3 con militares y civiles su territorio en una porci\u00f3n de Harbour Head o Isla Calero, como le denominan los ticos y que all\u00ed caus\u00f3 da\u00f1os ambientales a un humedal protegido por convenios internacionales.<\/p>\n<p>Costa Rica demand\u00f3 a Nicaragua ante la CIJ, que en marzo pasado orden\u00f3 medidas cautelares que, entre otras cosas, indicaban que ambo<\/p>\n","protected":false},"excerpt":{"rendered":"<p>El Gobierno de Costa Rica anunci\u00f3 este mi\u00e9rcoles que invertir\u00e1 cerca de tres millones de d\u00f3lares en la instalaci\u00f3n de c\u00e1maras para vigilar la zona de litigio territorial con Nicaragua, caso que estudia la Corte Internacional de Justicia (CIJ) de La Haya (Holanda), seg\u00fan nota de Acan-Efe. \u00abNecesitamos infraestructura que garantice el monitoreo de (la [&hellip;]<\/p>\n","protected":false},"author":1,"featured_media":3591,"comment_status":"open","ping_status":"open","sticky":false,"template":"","format":"standard","meta":{"om_disable_all_campaigns":false,"_monsterinsights_skip_tracking":false,"_monsterinsights_sitenote_active":false,"_monsterinsights_sitenote_note":"","_monsterinsights_sitenote_category":0,"footnotes":""},"categories":[3,13],"tags":[],"class_list":["post-3590","post","type-post","status-publish","format-standard","has-post-thumbnail","hentry","category-nacionales","category-portada"],"aioseo_notices":[],"_links":{"self":[{"href":"https:\/\/elcronistadigital.com\/index.php?rest_route=\/wp\/v2\/posts\/3590","targetHints":{"allow":["GET"]}}],"collection":[{"href":"https:\/\/elcronistadigital.com\/index.php?rest_route=\/wp\/v2\/posts"}],"about":[{"href":"https:\/\/elcronistadigital.com\/index.php?rest_route=\/wp\/v2\/types\/post"}],"author":[{"embeddable":true,"href":"https:\/\/elcronistadigital.com\/index.php?rest_route=\/wp\/v2\/users\/1"}],"replies":[{"embeddable":true,"href":"https:\/\/elcronistadigital.com\/index.php?rest_route=%2Fwp%2Fv2%2Fcomments&post=3590"}],"version-history":[{"count":2,"href":"https:\/\/elcronistadigital.com\/index.php?rest_route=\/wp\/v2\/posts\/3590\/revisions"}],"predecessor-version":[{"id":3593,"href":"https:\/\/elcronistadigital.com\/index.php?rest_route=\/wp\/v2\/posts\/3590\/revisions\/3593"}],"wp:featuredmedia":[{"embeddable":true,"href":"https:\/\/elcronistadigital.com\/index.php?rest_route=\/wp\/v2\/media\/3591"}],"wp:attachment":[{"href":"https:\/\/elcronistadigital.com\/index.php?rest_route=%2Fwp%2Fv2%2Fmedia&parent=3590"}],"wp:term":[{"taxonomy":"category","embeddable":true,"href":"https:\/\/elcronistadigital.com\/index.php?rest_route=%2Fwp%2Fv2%2Fcategories&post=3590"},{"taxonomy":"post_tag","embeddable":true,"href":"https:\/\/elcronistadigital.com\/index.php?rest_route=%2Fwp%2Fv2%2Ftags&post=3590"}],"curies":[{"name":"wp","href":"https:\/\/api.w.org\/{rel}","templated":true}]}}