{"id":35961,"date":"2014-10-16T09:56:34","date_gmt":"2014-10-16T15:56:34","guid":{"rendered":"http:\/\/elcronistadigital.com\/?p=35961"},"modified":"2014-10-16T09:57:50","modified_gmt":"2014-10-16T15:57:50","slug":"la-bestia-solitaria-y-migrantes-escondidos-en-el-monte","status":"publish","type":"post","link":"https:\/\/elcronistadigital.com\/?p=35961","title":{"rendered":"La Bestia solitaria y migrantes escondidos en el monte"},"content":{"rendered":"<p><a href=\"https:\/\/elcronistadigital.com\/?attachment_id=35962\" rel=\"attachment wp-att-35962\"><img loading=\"lazy\" decoding=\"async\" class=\"alignleft size-full wp-image-35962\" alt=\"bestia\" src=\"https:\/\/elcronistadigital.com\/wp-content\/uploads\/2014\/10\/bestia.jpg\" width=\"275\" height=\"183\" \/><\/a>Desde hace dos meses, el tren de carga conocido como \u201cLa Bestia\u201d que viaja de Arriaga, Chiapas, a Ixtepec, Oaxaca, se arrastra por los rieles sin migrantes a bordo. \u00abEstamos escondidos en el monte\u00bb, dice un nicarag\u00fcense.<\/p>\n<p>La raz\u00f3n es que la presencia de las Fuerzas Federales y del Instituto Nacional de Migraci\u00f3n (INM), evita que los centroamericanos que llegan hasta Arriaga, Chiapas, suban al lomo de La Bestia.<\/p>\n<p>\u00abEstamos escondidos en el monte porque la migraci\u00f3n est\u00e1 haciendo unos operativos. Comenz\u00f3 hace dos meses, seg\u00fan tenemos entendido, en la estaci\u00f3n donde nos reun\u00edamos antes. Ahora tenemos que avanzar creo que son 2 kil\u00f3metros m\u00e1s o menos para el monte\u00bb, dijo Antonio, migrante de Nicaragua.<\/p>\n<p>El operativo Frontera Sur busca salvaguardar la vida de los migrantes que arriesgan su vida al subir al tren.<\/p>\n<p>Y como es m\u00e1s f\u00e1cil buscar una excusa que justifique el acorralamiento cada vez mayor de los migrantes, la diputada Rosbitha L\u00f3pez Aquino, presidenta de la Comisi\u00f3n de Poblaci\u00f3n y Asuntos Migratorios del Congreso de Chiapas, asegura que los centroamericanas ten\u00edan bandas que extorsionaban a la gente que sub\u00eda al fat\u00eddico tren.<\/p>\n<p>\u00bfNo es que eran Los Zetas y las mismas autoridades policiales de la naci\u00f3n azteca, seg\u00fan lo han denunciado los migrantes y los organismos que en M\u00e9xico que los defienden de los abusos y cr\u00edmenes de que son objeto?<\/p>\n<p>Pese a los operativos cientos de migrantes contin\u00faan intentando cruzar el pa\u00eds y buscan rutas alternas al tren.<\/p>\n<p>En Chiapas, seg\u00fan datos de la Comisi\u00f3n de Poblaci\u00f3n y Asuntos Migratorios del Poder Legislativo local, un mill\u00f3n 500 mil personas cruzan la frontera para buscar llegar a los Estados Unidos, la mayor\u00eda de ellos lo intenta viajando en el tren de carga conocido como La Bestia.<\/p>\n","protected":false},"excerpt":{"rendered":"<p>Desde hace dos meses, el tren de carga conocido como \u201cLa Bestia\u201d que viaja de Arriaga, Chiapas, a Ixtepec, Oaxaca, se arrastra por los rieles sin migrantes a bordo. \u00abEstamos escondidos en el monte\u00bb, dice un nicarag\u00fcense. La raz\u00f3n es que la presencia de las Fuerzas Federales y del Instituto Nacional de Migraci\u00f3n (INM), evita [&hellip;]<\/p>\n","protected":false},"author":1,"featured_media":35962,"comment_status":"open","ping_status":"open","sticky":false,"template":"","format":"standard","meta":{"om_disable_all_campaigns":false,"_monsterinsights_skip_tracking":false,"_monsterinsights_sitenote_active":false,"_monsterinsights_sitenote_note":"","_monsterinsights_sitenote_category":0,"footnotes":""},"categories":[16,3524],"tags":[],"class_list":["post-35961","post","type-post","status-publish","format-standard","has-post-thumbnail","hentry","category-migrante","category-noticas"],"aioseo_notices":[],"_links":{"self":[{"href":"https:\/\/elcronistadigital.com\/index.php?rest_route=\/wp\/v2\/posts\/35961","targetHints":{"allow":["GET"]}}],"collection":[{"href":"https:\/\/elcronistadigital.com\/index.php?rest_route=\/wp\/v2\/posts"}],"about":[{"href":"https:\/\/elcronistadigital.com\/index.php?rest_route=\/wp\/v2\/types\/post"}],"author":[{"embeddable":true,"href":"https:\/\/elcronistadigital.com\/index.php?rest_route=\/wp\/v2\/users\/1"}],"replies":[{"embeddable":true,"href":"https:\/\/elcronistadigital.com\/index.php?rest_route=%2Fwp%2Fv2%2Fcomments&post=35961"}],"version-history":[{"count":2,"href":"https:\/\/elcronistadigital.com\/index.php?rest_route=\/wp\/v2\/posts\/35961\/revisions"}],"predecessor-version":[{"id":35964,"href":"https:\/\/elcronistadigital.com\/index.php?rest_route=\/wp\/v2\/posts\/35961\/revisions\/35964"}],"wp:featuredmedia":[{"embeddable":true,"href":"https:\/\/elcronistadigital.com\/index.php?rest_route=\/wp\/v2\/media\/35962"}],"wp:attachment":[{"href":"https:\/\/elcronistadigital.com\/index.php?rest_route=%2Fwp%2Fv2%2Fmedia&parent=35961"}],"wp:term":[{"taxonomy":"category","embeddable":true,"href":"https:\/\/elcronistadigital.com\/index.php?rest_route=%2Fwp%2Fv2%2Fcategories&post=35961"},{"taxonomy":"post_tag","embeddable":true,"href":"https:\/\/elcronistadigital.com\/index.php?rest_route=%2Fwp%2Fv2%2Ftags&post=35961"}],"curies":[{"name":"wp","href":"https:\/\/api.w.org\/{rel}","templated":true}]}}