{"id":3599,"date":"2011-08-17T16:02:18","date_gmt":"2011-08-17T22:02:18","guid":{"rendered":"http:\/\/elcronistadigital.com\/?p=3599"},"modified":"2011-08-17T16:02:18","modified_gmt":"2011-08-17T22:02:18","slug":"limosna-para-financiar-asaltos","status":"publish","type":"post","link":"https:\/\/elcronistadigital.com\/?p=3599","title":{"rendered":"Limosna para financiar asaltos"},"content":{"rendered":"<p>San Jos\u00e9.- La Fiscal\u00eda de Costa Rica detuvo este mi\u00e9rcoles al cura p\u00e1rroco de la Catedral de Puntarenas, de apellido Montes de Oca, por tener v\u00ednculos con el grupo criminal que fue capturado en esa provincia, seg\u00fan inform\u00f3 La Naci\u00f3n.<\/p>\n<p>Seg\u00fan confirm\u00f3 Tatiana Vargas, vocera del Ministerio P\u00fablico, al sacerdote se le investiga por supuestamente utilizar los dineros obtenidos de las ofrendas de los fieles, para financiar parte de la actividad delictiva de los 17 detenidos esta madrugada.<div id=\"attachment_3600\" style=\"width: 310px\" class=\"wp-caption alignleft\"><a href=\"https:\/\/elcronistadigital.com\/?attachment_id=3600\" rel=\"attachment wp-att-3600\"><img loading=\"lazy\" decoding=\"async\" aria-describedby=\"caption-attachment-3600\" src=\"https:\/\/elcronistadigital.com\/wp-content\/uploads\/2011\/08\/cura-detenido-300x292.jpg\" alt=\"\" title=\"cura detenido\" width=\"300\" height=\"292\" class=\"size-medium wp-image-3600\" srcset=\"https:\/\/elcronistadigital.com\/wp-content\/uploads\/2011\/08\/cura-detenido-300x292.jpg 300w, https:\/\/elcronistadigital.com\/wp-content\/uploads\/2011\/08\/cura-detenido-50x50.jpg 50w, https:\/\/elcronistadigital.com\/wp-content\/uploads\/2011\/08\/cura-detenido-342x333.jpg 342w, https:\/\/elcronistadigital.com\/wp-content\/uploads\/2011\/08\/cura-detenido-55x55.jpg 55w, https:\/\/elcronistadigital.com\/wp-content\/uploads\/2011\/08\/cura-detenido.jpg 571w\" sizes=\"auto, (max-width: 300px) 100vw, 300px\" \/><\/a><p id=\"caption-attachment-3600\" class=\"wp-caption-text\">Momentos en que es detenido el p\u00e1rroco de Puntarenas. (Tomada de La Naci\u00f3n).<\/p><\/div><\/p>\n<p>El Organismo de Investigaci\u00f3n Judicial (OIJ) confirm\u00f3 que se detuvieron adem\u00e1s 12 polic\u00edas de la Fuerza P\u00fablica, dos ex polic\u00edas y tres particulares, quienes se dedicaban presuntamente a asaltar personas, vender droga y extorsionar testigos de procesos penales, entre otros delitos.<\/p>\n<p>Montes de Oca fue capturado minutos antes del mediod\u00eda en Puntarenas, y llevado a la Fiscal\u00eda de Delincuencia Organizada y Narcotr\u00e1fico en San Jos\u00e9 para ser indagado, junto con los otros sospechosos.<\/p>\n<p>La Naci\u00f3n intent\u00f3 conocer la versi\u00f3n de la Conferencia Episcopal, pero el director de comunicaci\u00f3n de la Arquidi\u00f3cesis de San Jos\u00e9, Glen G\u00f3mez, se\u00f1al\u00f3 que el obispo de Puntarenas no se referir\u00e1 al tema antes de las 4 p. m.<\/p>\n<p>Sospechosos. Los polic\u00edas aprehendidos se apellidan Jim\u00e9nez (l\u00edder de la organizaci\u00f3n), Faith, Araya, Mena, Ram\u00edrez, Quesada, Carballo, Montes, Montenegro, Rosales, Boza y Matarrita; los ex polic\u00edas, Barned y Guerrero; y los particulares, Ulate, N\u00fa\u00f1ez y Cordero.<\/p>\n<p>Jorge Rojas, director del OIJ, se\u00f1al\u00f3 que los oficiales de la Fuerza P\u00fablica proteg\u00edan a criminales mientras estos delinqu\u00edan, trasladaban objetos robados en las patrullas, vend\u00edan droga y realizaban asaltos con su uniforme policial.<\/p>\n<p>Los allanamientos se realizaron en Carrizal, Bella Vista, Esparza, El Roble, Jac\u00f3, Isla Chira, Miramar, Fran Casiano y Puntarenas centro. Los agentes judiciales decomisaron cinco armas de fuego, tres chalecos y tres pasamonta\u00f1as.<\/p>\n<p>La mayor\u00eda de los miembros de Fuerza P\u00fablica ten\u00edan antecedentes policiales por asaltos y amenazas a testigos de procesos penales. Seg\u00fan inform\u00f3 el Ministerio de Seguridad, todos ten\u00edan entre 10 y 11 a\u00f1os de laborar para la instituci\u00f3n.<\/p>\n<p>Mario Zamora, ministro de Seguridad, manifest\u00f3: \u00abNinguna polic\u00eda est\u00e1 blindada contra la corrupci\u00f3n. Tenemos la pol\u00edtica de cero tolerancia a la corrupci\u00f3n, por lo que estamos gestionando con el m\u00e1ximo nivel de contundencia, separar a dichos oficiales del cargo\u00bb.<\/p>\n<p>Las autoridades aseguran que, a pesar de que ya hab\u00eda investigaciones administrativas contra los funcionarios, era necesario dejarlos en sus puestos para que la Polic\u00eda Judicial pudiera obtener pruebas y detenerlos hoy.<\/p>\n<p>Colabor\u00f3 el corresponsal Andr\u00e9s Garita<\/p>\n","protected":false},"excerpt":{"rendered":"<p>San Jos\u00e9.- La Fiscal\u00eda de Costa Rica detuvo este mi\u00e9rcoles al cura p\u00e1rroco de la Catedral de Puntarenas, de apellido Montes de Oca, por tener v\u00ednculos con el grupo criminal que fue capturado en esa provincia, seg\u00fan inform\u00f3 La Naci\u00f3n. Seg\u00fan confirm\u00f3 Tatiana Vargas, vocera del Ministerio P\u00fablico, al sacerdote se le investiga por supuestamente [&hellip;]<\/p>\n","protected":false},"author":1,"featured_media":3600,"comment_status":"open","ping_status":"open","sticky":false,"template":"","format":"standard","meta":{"om_disable_all_campaigns":false,"_monsterinsights_skip_tracking":false,"_monsterinsights_sitenote_active":false,"_monsterinsights_sitenote_note":"","_monsterinsights_sitenote_category":0,"footnotes":""},"categories":[3,13],"tags":[],"class_list":["post-3599","post","type-post","status-publish","format-standard","has-post-thumbnail","hentry","category-nacionales","category-portada"],"aioseo_notices":[],"_links":{"self":[{"href":"https:\/\/elcronistadigital.com\/index.php?rest_route=\/wp\/v2\/posts\/3599","targetHints":{"allow":["GET"]}}],"collection":[{"href":"https:\/\/elcronistadigital.com\/index.php?rest_route=\/wp\/v2\/posts"}],"about":[{"href":"https:\/\/elcronistadigital.com\/index.php?rest_route=\/wp\/v2\/types\/post"}],"author":[{"embeddable":true,"href":"https:\/\/elcronistadigital.com\/index.php?rest_route=\/wp\/v2\/users\/1"}],"replies":[{"embeddable":true,"href":"https:\/\/elcronistadigital.com\/index.php?rest_route=%2Fwp%2Fv2%2Fcomments&post=3599"}],"version-history":[{"count":2,"href":"https:\/\/elcronistadigital.com\/index.php?rest_route=\/wp\/v2\/posts\/3599\/revisions"}],"predecessor-version":[{"id":3602,"href":"https:\/\/elcronistadigital.com\/index.php?rest_route=\/wp\/v2\/posts\/3599\/revisions\/3602"}],"wp:featuredmedia":[{"embeddable":true,"href":"https:\/\/elcronistadigital.com\/index.php?rest_route=\/wp\/v2\/media\/3600"}],"wp:attachment":[{"href":"https:\/\/elcronistadigital.com\/index.php?rest_route=%2Fwp%2Fv2%2Fmedia&parent=3599"}],"wp:term":[{"taxonomy":"category","embeddable":true,"href":"https:\/\/elcronistadigital.com\/index.php?rest_route=%2Fwp%2Fv2%2Fcategories&post=3599"},{"taxonomy":"post_tag","embeddable":true,"href":"https:\/\/elcronistadigital.com\/index.php?rest_route=%2Fwp%2Fv2%2Ftags&post=3599"}],"curies":[{"name":"wp","href":"https:\/\/api.w.org\/{rel}","templated":true}]}}