{"id":36010,"date":"2014-10-20T12:57:30","date_gmt":"2014-10-20T18:57:30","guid":{"rendered":"http:\/\/elcronistadigital.com\/?p=36010"},"modified":"2014-10-20T12:57:30","modified_gmt":"2014-10-20T18:57:30","slug":"a-los-desaparecidos-los-mataron","status":"publish","type":"post","link":"https:\/\/elcronistadigital.com\/?p=36010","title":{"rendered":"A los desaparecidos, los mataron"},"content":{"rendered":"<p><a href=\"https:\/\/elcronistadigital.com\/?attachment_id=36011\" rel=\"attachment wp-att-36011\"><img loading=\"lazy\" decoding=\"async\" class=\"alignleft size-medium wp-image-36011\" alt=\"muertos\" src=\"https:\/\/elcronistadigital.com\/wp-content\/uploads\/2014\/10\/muertos1-300x188.jpg\" width=\"300\" height=\"188\" srcset=\"https:\/\/elcronistadigital.com\/wp-content\/uploads\/2014\/10\/muertos1-300x188.jpg 300w, https:\/\/elcronistadigital.com\/wp-content\/uploads\/2014\/10\/muertos1-342x214.jpg 342w, https:\/\/elcronistadigital.com\/wp-content\/uploads\/2014\/10\/muertos1.jpg 764w\" sizes=\"auto, (max-width: 300px) 100vw, 300px\" \/><\/a>Rub\u00e9n Aguilar Valenzuela<\/p>\n<p>El padre Alejandro Solalinde, el pasado 16 de octubre, revel\u00f3 al corresponsal de la agencia N\u00f3vosti en M\u00e9xico, Victor Flores, que los 43 estudiantes de la Escuela Normal de Maestros de Ayotzinapa, Guerrero, secuestrados por la polic\u00eda y los narcos, \u201cest\u00e1n muertos\u201d y que a algunos \u201clos quemaron vivos\u201d.<\/p>\n<p>En el marco del XI Foro de Derechos Humanos del Sistema Universitario Jesuita, en la Universidad Iberoamericana de Puebla, el padre dio una entrevista exclusiva al corresponsal de la agencia rusa y a la corresponsal del diario Der Standard, de Viena.<\/p>\n<p>El sacerdote, Premio Nacional de Derechos Humanos del 2012, que recibi\u00f3 de manos del presidente Pe\u00f1a Nieto, con base en informaci\u00f3n de testigos presenciales, asegura que asesinaron a todos los estudiantes y luego los quemaron y eso incluy\u00f3 a algunos que estaban heridos.<\/p>\n<p>\u201cLa primera informaci\u00f3n directa la tuve el domingo pasado. La segunda la tuve en la ciudad de M\u00e9xico. Lo primero que supe es que hay testigos, pero tienen miedo de hablar, son testigos de los mismos polic\u00edas\u201d, dice Solalinde.<\/p>\n<p>El padre, al referirse a sus informantes, a\u00f1ade que \u201csiempre hay alguien que tiene conciencia; pero si hablan temen que los vayan a matar\u201d y que ahora dan su testimonio a \u201cpersonas muy conocidas en M\u00e9xico, que est\u00e1n investigando y han despertado la confianza de ellos. A m\u00ed me lo contaron y me lo confiaron&#8230;\u201d.<\/p>\n<p>Solalinde dice estar dispuesto a colaborar con las autoridades, para que se conozcan los hechos y que \u201ctodo lo que yo sepa, si es para el esclarecimiento de la verdad, lo voy a decir, salvo que afecte a terceras personas\u201d.<\/p>\n<p>El sacerdote asegura que ha tenido contacto tambi\u00e9n con un sobreviviente de los 80 estudiantes agredidos a balazos la noche del 26 de septiembre y la madrugada siguiente cuando murieron seis de ellos, 20 fueron heridos y otros 43 secuestrados a manos de polic\u00edas e integrantes del grupo Guerreros Unidos.<\/p>\n<p>Solalinde confirma que los testigos del asesinato de los estudiantes son parte de los agresores: \u201cQue tienen mucho miedo y est\u00e1n hablando. Pero saben que si se sabe que hablaron, los van a matar. A los estudiantes los mataron, es lo que esta persona est\u00e1 diciendo. Los calcinaron con di\u00e9sel\u201d.<\/p>\n<p>El padre asegura a N\u00f3vosti que el gobernador de Guerrero y el gobierno federal saben ya que los estudiantes est\u00e1n muertos y sus cuerpos calcinados. No dice que conozcan d\u00f3nde est\u00e1n enterrados. El padre est\u00e1 obligado a proteger a sus informantes y su informaci\u00f3n es clave, para esclarecer los hechos y dar con los desaparecidos.<\/p>\n<p>Llama la atenci\u00f3n que sean corresponsales extranjeros, que trabajan en M\u00e9xico, a quienes se concede esta entrevista y sean ellos los que la den a conocer al pa\u00eds y al mundo. \u00bfEs s\u00f3lo una casualidad? \u00bfLos defensores de los derechos humanos desconf\u00edan de los periodistas nacionales? No es el tema fundamental, pero invita a la reflexi\u00f3n.<\/p>\n","protected":false},"excerpt":{"rendered":"<p>Rub\u00e9n Aguilar Valenzuela El padre Alejandro Solalinde, el pasado 16 de octubre, revel\u00f3 al corresponsal de la agencia N\u00f3vosti en M\u00e9xico, Victor Flores, que los 43 estudiantes de la Escuela Normal de Maestros de Ayotzinapa, Guerrero, secuestrados por la polic\u00eda y los narcos, \u201cest\u00e1n muertos\u201d y que a algunos \u201clos quemaron vivos\u201d. En el marco [&hellip;]<\/p>\n","protected":false},"author":1,"featured_media":36011,"comment_status":"open","ping_status":"open","sticky":false,"template":"","format":"standard","meta":{"om_disable_all_campaigns":false,"_monsterinsights_skip_tracking":false,"_monsterinsights_sitenote_active":false,"_monsterinsights_sitenote_note":"","_monsterinsights_sitenote_category":0,"footnotes":""},"categories":[5,12],"tags":[],"class_list":["post-36010","post","type-post","status-publish","format-standard","has-post-thumbnail","hentry","category-mundo","category-blugs"],"aioseo_notices":[],"_links":{"self":[{"href":"https:\/\/elcronistadigital.com\/index.php?rest_route=\/wp\/v2\/posts\/36010","targetHints":{"allow":["GET"]}}],"collection":[{"href":"https:\/\/elcronistadigital.com\/index.php?rest_route=\/wp\/v2\/posts"}],"about":[{"href":"https:\/\/elcronistadigital.com\/index.php?rest_route=\/wp\/v2\/types\/post"}],"author":[{"embeddable":true,"href":"https:\/\/elcronistadigital.com\/index.php?rest_route=\/wp\/v2\/users\/1"}],"replies":[{"embeddable":true,"href":"https:\/\/elcronistadigital.com\/index.php?rest_route=%2Fwp%2Fv2%2Fcomments&post=36010"}],"version-history":[{"count":1,"href":"https:\/\/elcronistadigital.com\/index.php?rest_route=\/wp\/v2\/posts\/36010\/revisions"}],"predecessor-version":[{"id":36012,"href":"https:\/\/elcronistadigital.com\/index.php?rest_route=\/wp\/v2\/posts\/36010\/revisions\/36012"}],"wp:featuredmedia":[{"embeddable":true,"href":"https:\/\/elcronistadigital.com\/index.php?rest_route=\/wp\/v2\/media\/36011"}],"wp:attachment":[{"href":"https:\/\/elcronistadigital.com\/index.php?rest_route=%2Fwp%2Fv2%2Fmedia&parent=36010"}],"wp:term":[{"taxonomy":"category","embeddable":true,"href":"https:\/\/elcronistadigital.com\/index.php?rest_route=%2Fwp%2Fv2%2Fcategories&post=36010"},{"taxonomy":"post_tag","embeddable":true,"href":"https:\/\/elcronistadigital.com\/index.php?rest_route=%2Fwp%2Fv2%2Ftags&post=36010"}],"curies":[{"name":"wp","href":"https:\/\/api.w.org\/{rel}","templated":true}]}}