{"id":36171,"date":"2014-10-29T08:03:19","date_gmt":"2014-10-29T14:03:19","guid":{"rendered":"http:\/\/elcronistadigital.com\/?p=36171"},"modified":"2014-10-29T08:03:19","modified_gmt":"2014-10-29T14:03:19","slug":"a-buscar-hijos-a-mexico","status":"publish","type":"post","link":"https:\/\/elcronistadigital.com\/?p=36171","title":{"rendered":"A buscar hijos a M\u00e9xico"},"content":{"rendered":"<p><a href=\"https:\/\/elcronistadigital.com\/?attachment_id=36172\" rel=\"attachment wp-att-36172\"><img loading=\"lazy\" decoding=\"async\" class=\"alignleft size-medium wp-image-36172\" alt=\"madres\" src=\"https:\/\/elcronistadigital.com\/wp-content\/uploads\/2014\/10\/madres-300x168.jpg\" width=\"300\" height=\"168\" srcset=\"https:\/\/elcronistadigital.com\/wp-content\/uploads\/2014\/10\/madres-300x168.jpg 300w, https:\/\/elcronistadigital.com\/wp-content\/uploads\/2014\/10\/madres-342x192.jpg 342w, https:\/\/elcronistadigital.com\/wp-content\/uploads\/2014\/10\/madres.jpg 624w\" sizes=\"auto, (max-width: 300px) 100vw, 300px\" \/><\/a>Se\u00f1oras de Nicaragua que buscan a sus hijos, participar\u00e1n en M\u00e9xico en la d\u00e9cima caravana de madres de migrantes desaparecidos denominada \u201cPuentes de esperanzas\u201d, que llegar\u00e1 a Ciudad Ixtepec, en Oaxaca, a finales de noviembre y principios de diciembre.<\/p>\n<p>La misi\u00f3n es recorrer 10 estados de la rep\u00fablica mexicana de los considerados de mayor riesgo para el paso de los migrantes en territorio mexicano.<\/p>\n<p>Esta caravana de madres de migrantes proviene de Guatemala, Honduras, El Salvador y Nicaragua. Recorrer\u00e1n por d\u00e9cima ocasi\u00f3n M\u00e9xico en busca de sus hijos desaparecidos, de quienes perdieron las pistas justo cuando pasaban por territorio azteca.<\/p>\n<p>El recorrido de las madres ser\u00e1 por 10 estados entre los que destacan Oaxaca, Chiapas, Tabasco, Veracruz, Estado de M\u00e9xico, Tamaulipas, Coahuila, entre otros, del 20 de noviembre al 7 de diciembre, destaca el diario El Sol del Istmo.<\/p>\n<p>Cabe precisar que durante las pasadas visitas, las madres de migrantes visitaron hospitales, albergues, estaciones de trenes y centros penitenciarios, confiando en la suerte de encontrar a algunos de sus hijos y activar la esperanza de otras madres de encontrar a sus seres queridos en alg\u00fan punto de M\u00e9xico.<\/p>\n<p>Como cada edici\u00f3n de la marcha, las mujeres han exigido al gobierno federal cese a la persecuci\u00f3n de los migrantes centroamericanos por tren y por carretera, una base de datos de los migrantes localizados en centros penitenciarios y de los que est\u00e1n enterrados en panteones municipales.<\/p>\n<p>De estas peticiones la federaci\u00f3n no ha respondido de manera positiva, por el contrario reforz\u00f3 sus actividades de seguridad en las fronteras con el programa \u201cFrontera Sur\u201d, impidiendo que los migrantes se trepen en los trenes, oblig\u00e1ndolos a utilizar otras v\u00edas de internaci\u00f3n mucho m\u00e1s peligrosas.<\/p>\n<p>La desaparici\u00f3n de migrantes centroamericanos se intensifica en M\u00e9xico, por lo que las madres recorrer\u00e1n los estados m\u00e1s peligrosos en 18 d\u00edas, que es el lapso de tiempo que el gobierno les otorg\u00f3 para buscar a sus hijos desaparecidos.<\/p>\n<p>A su llegada al Istmo de Tehuantepec la pen\u00faltima semana del recorrido, descansando en el refugio \u201cHermanos en el camino\u201d en Ciudad Ixtepec, en donde realizar\u00e1n una serie de actividades. En visitas pasadas las madres organizadas han recorrido panteones, cantinas, burdeles y estaciones migratorias de la regi\u00f3n.<\/p>\n<p>Para los organizadores, las caravanas de madres de migrantes desaparecidos ha sido un \u00e9xito y da esperanza de cientos de mujeres y hombres que tienen un familiar perdido en M\u00e9xico.<\/p>\n<p>Recorrer\u00e1n Oaxaca, Chiapas, Tabasco, Veracruz, Estado de M\u00e9xico, Tamaulipas, Coahuila, entre otros, del 20 de noviembre al 7 de diciembre<\/p>\n","protected":false},"excerpt":{"rendered":"<p>Se\u00f1oras de Nicaragua que buscan a sus hijos, participar\u00e1n en M\u00e9xico en la d\u00e9cima caravana de madres de migrantes desaparecidos denominada \u201cPuentes de esperanzas\u201d, que llegar\u00e1 a Ciudad Ixtepec, en Oaxaca, a finales de noviembre y principios de diciembre. La misi\u00f3n es recorrer 10 estados de la rep\u00fablica mexicana de los considerados de mayor riesgo [&hellip;]<\/p>\n","protected":false},"author":1,"featured_media":36172,"comment_status":"open","ping_status":"open","sticky":false,"template":"","format":"standard","meta":{"om_disable_all_campaigns":false,"_monsterinsights_skip_tracking":false,"_monsterinsights_sitenote_active":false,"_monsterinsights_sitenote_note":"","_monsterinsights_sitenote_category":0,"footnotes":""},"categories":[16,3524],"tags":[],"class_list":["post-36171","post","type-post","status-publish","format-standard","has-post-thumbnail","hentry","category-migrante","category-noticas"],"aioseo_notices":[],"_links":{"self":[{"href":"https:\/\/elcronistadigital.com\/index.php?rest_route=\/wp\/v2\/posts\/36171","targetHints":{"allow":["GET"]}}],"collection":[{"href":"https:\/\/elcronistadigital.com\/index.php?rest_route=\/wp\/v2\/posts"}],"about":[{"href":"https:\/\/elcronistadigital.com\/index.php?rest_route=\/wp\/v2\/types\/post"}],"author":[{"embeddable":true,"href":"https:\/\/elcronistadigital.com\/index.php?rest_route=\/wp\/v2\/users\/1"}],"replies":[{"embeddable":true,"href":"https:\/\/elcronistadigital.com\/index.php?rest_route=%2Fwp%2Fv2%2Fcomments&post=36171"}],"version-history":[{"count":1,"href":"https:\/\/elcronistadigital.com\/index.php?rest_route=\/wp\/v2\/posts\/36171\/revisions"}],"predecessor-version":[{"id":36173,"href":"https:\/\/elcronistadigital.com\/index.php?rest_route=\/wp\/v2\/posts\/36171\/revisions\/36173"}],"wp:featuredmedia":[{"embeddable":true,"href":"https:\/\/elcronistadigital.com\/index.php?rest_route=\/wp\/v2\/media\/36172"}],"wp:attachment":[{"href":"https:\/\/elcronistadigital.com\/index.php?rest_route=%2Fwp%2Fv2%2Fmedia&parent=36171"}],"wp:term":[{"taxonomy":"category","embeddable":true,"href":"https:\/\/elcronistadigital.com\/index.php?rest_route=%2Fwp%2Fv2%2Fcategories&post=36171"},{"taxonomy":"post_tag","embeddable":true,"href":"https:\/\/elcronistadigital.com\/index.php?rest_route=%2Fwp%2Fv2%2Ftags&post=36171"}],"curies":[{"name":"wp","href":"https:\/\/api.w.org\/{rel}","templated":true}]}}