{"id":36230,"date":"2014-11-03T08:13:48","date_gmt":"2014-11-03T14:13:48","guid":{"rendered":"http:\/\/elcronistadigital.com\/?p=36230"},"modified":"2014-11-03T08:15:09","modified_gmt":"2014-11-03T14:15:09","slug":"migrantes-nicas-en-misa-por-dia-de-difuntos","status":"publish","type":"post","link":"https:\/\/elcronistadigital.com\/?p=36230","title":{"rendered":"Migrantes nicas en misa por D\u00eda de Difuntos"},"content":{"rendered":"<p><a href=\"https:\/\/elcronistadigital.com\/?attachment_id=36231\" rel=\"attachment wp-att-36231\"><img loading=\"lazy\" decoding=\"async\" class=\"alignleft size-medium wp-image-36231\" alt=\"misa\" src=\"https:\/\/elcronistadigital.com\/wp-content\/uploads\/2014\/11\/misa-300x300.jpg\" width=\"300\" height=\"300\" srcset=\"https:\/\/elcronistadigital.com\/wp-content\/uploads\/2014\/11\/misa-300x299.jpg 300w, https:\/\/elcronistadigital.com\/wp-content\/uploads\/2014\/11\/misa-150x150.jpg 150w, https:\/\/elcronistadigital.com\/wp-content\/uploads\/2014\/11\/misa-50x50.jpg 50w, https:\/\/elcronistadigital.com\/wp-content\/uploads\/2014\/11\/misa-70x70.jpg 70w, https:\/\/elcronistadigital.com\/wp-content\/uploads\/2014\/11\/misa-55x55.jpg 55w, https:\/\/elcronistadigital.com\/wp-content\/uploads\/2014\/11\/misa.jpg 330w\" sizes=\"auto, (max-width: 300px) 100vw, 300px\" \/><\/a>Nicarag\u00fcenses de paso por M\u00e9xico en su peregrinaje por llegar a Estados Unidos, participaron el domingo en Saltillo, Coahuila, en una misa en el D\u00eda de los Santos Difuntos, por el eterno descanso de los migrantes que murieron durante su tr\u00e1nsito por esa localidad.<\/p>\n<p>Dentro del marco del D\u00eda de los Santos Difuntos, y por el eterno descanso de los migrantes que murieron durante su tr\u00e1nsito por Saltillo, el sacerdote Pedro Pantoja ofici\u00f3 un misa en un altar improvisado en un paraje del fraccionamiento El \u00c1lamo.<\/p>\n<p>El sacerdote Pedro Pantoja, acompa\u00f1ado del Obispo Ra\u00fal Vera, ofici\u00f3 la misa en un altar improvisado, a la que asistieron un grupo de migrantes que portaban las banderas de Nicaragua y Panam\u00e1, seg\u00fan publica Vanguardia.<\/p>\n<p>Los presentes depositaron flores en los lugares donde cayeron dos migrantes en dicho paraje.<\/p>\n<p>El Obispo expuso que los seres queridos movieron a los migrantes a buscar una condici\u00f3n m\u00e1s digna de vida, muchos de ellos expuestos a morir asesinados en las ruedas del tren o por la sed en los desiertos.<\/p>\n<p>\u201cEllos son el referente para nosotros de c\u00f3mo tenemos que construir la historia humana, para modificar este sistema econ\u00f3mico que obliga a la migraci\u00f3n forzada\u201d, dijo.<\/p>\n","protected":false},"excerpt":{"rendered":"<p>Nicarag\u00fcenses de paso por M\u00e9xico en su peregrinaje por llegar a Estados Unidos, participaron el domingo en Saltillo, Coahuila, en una misa en el D\u00eda de los Santos Difuntos, por el eterno descanso de los migrantes que murieron durante su tr\u00e1nsito por esa localidad. Dentro del marco del D\u00eda de los Santos Difuntos, y por [&hellip;]<\/p>\n","protected":false},"author":1,"featured_media":36231,"comment_status":"open","ping_status":"open","sticky":false,"template":"","format":"standard","meta":{"om_disable_all_campaigns":false,"_monsterinsights_skip_tracking":false,"_monsterinsights_sitenote_active":false,"_monsterinsights_sitenote_note":"","_monsterinsights_sitenote_category":0,"footnotes":""},"categories":[16,3524],"tags":[],"class_list":["post-36230","post","type-post","status-publish","format-standard","has-post-thumbnail","hentry","category-migrante","category-noticas"],"aioseo_notices":[],"_links":{"self":[{"href":"https:\/\/elcronistadigital.com\/index.php?rest_route=\/wp\/v2\/posts\/36230","targetHints":{"allow":["GET"]}}],"collection":[{"href":"https:\/\/elcronistadigital.com\/index.php?rest_route=\/wp\/v2\/posts"}],"about":[{"href":"https:\/\/elcronistadigital.com\/index.php?rest_route=\/wp\/v2\/types\/post"}],"author":[{"embeddable":true,"href":"https:\/\/elcronistadigital.com\/index.php?rest_route=\/wp\/v2\/users\/1"}],"replies":[{"embeddable":true,"href":"https:\/\/elcronistadigital.com\/index.php?rest_route=%2Fwp%2Fv2%2Fcomments&post=36230"}],"version-history":[{"count":3,"href":"https:\/\/elcronistadigital.com\/index.php?rest_route=\/wp\/v2\/posts\/36230\/revisions"}],"predecessor-version":[{"id":36234,"href":"https:\/\/elcronistadigital.com\/index.php?rest_route=\/wp\/v2\/posts\/36230\/revisions\/36234"}],"wp:featuredmedia":[{"embeddable":true,"href":"https:\/\/elcronistadigital.com\/index.php?rest_route=\/wp\/v2\/media\/36231"}],"wp:attachment":[{"href":"https:\/\/elcronistadigital.com\/index.php?rest_route=%2Fwp%2Fv2%2Fmedia&parent=36230"}],"wp:term":[{"taxonomy":"category","embeddable":true,"href":"https:\/\/elcronistadigital.com\/index.php?rest_route=%2Fwp%2Fv2%2Fcategories&post=36230"},{"taxonomy":"post_tag","embeddable":true,"href":"https:\/\/elcronistadigital.com\/index.php?rest_route=%2Fwp%2Fv2%2Ftags&post=36230"}],"curies":[{"name":"wp","href":"https:\/\/api.w.org\/{rel}","templated":true}]}}