{"id":36239,"date":"2014-11-03T09:13:43","date_gmt":"2014-11-03T15:13:43","guid":{"rendered":"http:\/\/elcronistadigital.com\/?p=36239"},"modified":"2014-11-03T09:13:43","modified_gmt":"2014-11-03T15:13:43","slug":"redada-en-costa-rica-de-nicas-cortadores-de-cafe","status":"publish","type":"post","link":"https:\/\/elcronistadigital.com\/?p=36239","title":{"rendered":"Redada en Costa Rica de nicas cortadores de caf\u00e9"},"content":{"rendered":"<div id=\"attachment_36240\" style=\"width: 360px\" class=\"wp-caption alignleft\"><a href=\"https:\/\/elcronistadigital.com\/?attachment_id=36240\" rel=\"attachment wp-att-36240\"><img loading=\"lazy\" decoding=\"async\" aria-describedby=\"caption-attachment-36240\" class=\"size-full wp-image-36240\" alt=\"Algunos de los cortadores de caf\u00e9 nicarag\u00fcenses detenidos en Costa Rica.\" src=\"https:\/\/elcronistadigital.com\/wp-content\/uploads\/2014\/11\/caf\u00e9.jpg\" width=\"350\" height=\"262\" srcset=\"https:\/\/elcronistadigital.com\/wp-content\/uploads\/2014\/11\/caf\u00e9.jpg 350w, https:\/\/elcronistadigital.com\/wp-content\/uploads\/2014\/11\/caf\u00e9-300x224.jpg 300w, https:\/\/elcronistadigital.com\/wp-content\/uploads\/2014\/11\/caf\u00e9-342x256.jpg 342w, https:\/\/elcronistadigital.com\/wp-content\/uploads\/2014\/11\/caf\u00e9-60x45.jpg 60w, https:\/\/elcronistadigital.com\/wp-content\/uploads\/2014\/11\/caf\u00e9-150x113.jpg 150w, https:\/\/elcronistadigital.com\/wp-content\/uploads\/2014\/11\/caf\u00e9-269x201.jpg 269w\" sizes=\"auto, (max-width: 350px) 100vw, 350px\" \/><\/a><p id=\"caption-attachment-36240\" class=\"wp-caption-text\">Algunos de los cortadores de caf\u00e9 nicarag\u00fcenses detenidos en Costa Rica.<\/p><\/div>\n<p>Un total de 144 nicarag\u00fcenses, que en su mayor\u00eda buscaban ganarse la vida cortando caf\u00e9 en Costa Rica, fueron detenidos en varios retenes policiales ubicados en el norte y el sur de dicho pa\u00eds.<\/p>\n<p>Desde octubre miles de nicarag\u00fcenses intentan trasladarse al pa\u00eds vecino del sur a fin de integrarse a la recolecta de caf\u00e9, actividad que es mejor pagada que en las haciendas pinoleras.<\/p>\n<p>Seg\u00fan diarios ticos, la Fuerza P\u00fablica ubic\u00f3 retenes en Coto Brus, al sur de Costa Rica y las comunidades de Pav\u00f3n de los Chiles, Santa Rosa de Pocosol y Buenos Aires de Pocosol en la zona norte.<\/p>\n<p>En la zona norte, al menos 18 indocumentados nicarag\u00fcenses fueron interceptados luego de que los traficantes de personas que los trasladaban en veh\u00edculos particulares los dejaran abandonados cuando les alertaron de los retenes policiales.<\/p>\n<p>El grueso de los detenidos fue localizado en Buenos Aires de Pocosol \u2013al norte del pa\u00eds\u2013 donde viajaban en buses de transporte p\u00fablico.<\/p>\n<p>Entre los 115 nicarag\u00fcenses de la zona Norte, hay 15 menores de edad y una joven de 17 a\u00f1os en estado de embarazo, que fue puesta a las \u00f3rdenes del Patronato Nacional de la Infancia. Estos grupos se dirig\u00edan a Naranjo y San Ram\u00f3n de Alajuela, a coger caf\u00e9 seg\u00fan publica el diario La Naci\u00f3n.<\/p>\n<p>Estas personas proven\u00edan de los departamentos de Le\u00f3n, Jinotega y San Juan de Nicaragua.<\/p>\n<p>El comandante Alexis N\u00fa\u00f1ez, jefe de Fuerza P\u00fablica en Los Chiles dijo que el operativo comenz\u00f3 a las 5 a.m. y que se mantendr\u00e1 por lo que queda del a\u00f1o. En esta \u00e9poca es en la que los nicarag\u00fcenses acostumbran venir a Costa Rica a trabajar.<\/p>\n<p>N\u00fa\u00f1ez indic\u00f3 que a partir de octubre y particularmente en los \u00faltimos 15 d\u00edas han detectado un aumento importante en el ingreso clandestino de esos for\u00e1neos por sectores como Tablillas de los Chiles, Cuatro Esquinas de ese mismo cant\u00f3n y San Isidro de Pocosol de San Carlos.<\/p>\n<p>Mar\u00eda T\u00e9llez, una de las nicarag\u00fcenses detenidas cont\u00f3 que pidi\u00f3 prestado \u00a2160.000 y que mensualmente deben pagar un inter\u00e9s del 10% y reintegrar la cancelaci\u00f3n de la deuda una vez que regresen de Costa Rica.<\/p>\n<p>\u00abVenimos por la pobreza, en busca de trabajo y ahora volveremos m\u00e1s pobres porque ni plata tenemos pagar la deuda\u00bb, asegur\u00f3 la mujer, quien explic\u00f3 que los coyotes les cobran por adelantado.<\/p>\n<p>Por su parte, en la zona Sur tica, la Fuerza P\u00fablica intercept\u00f3 el domingo un bus que transportaba a 29 nicarag\u00fcenses indocumentados. La captura se produjo en Sabanilla de Coto Brus luego de que un oficial de Tr\u00e1nsito diera aviso a la Polic\u00eda.<\/p>\n<p>En total, viajaban 34 nicarag\u00fcenses pero solo cinco presentaron documentos al d\u00eda. Dos de los nicarag\u00fcenses eran mujeres.<\/p>\n<p>Los nicarag\u00fcenses fueron trasladados a la oficina de Migraci\u00f3n de Paso Canoas para determinar su estatus migratorio<\/p>\n","protected":false},"excerpt":{"rendered":"<p>Un total de 144 nicarag\u00fcenses, que en su mayor\u00eda buscaban ganarse la vida cortando caf\u00e9 en Costa Rica, fueron detenidos en varios retenes policiales ubicados en el norte y el sur de dicho pa\u00eds. Desde octubre miles de nicarag\u00fcenses intentan trasladarse al pa\u00eds vecino del sur a fin de integrarse a la recolecta de caf\u00e9, [&hellip;]<\/p>\n","protected":false},"author":1,"featured_media":36240,"comment_status":"open","ping_status":"open","sticky":false,"template":"","format":"standard","meta":{"om_disable_all_campaigns":false,"_monsterinsights_skip_tracking":false,"_monsterinsights_sitenote_active":false,"_monsterinsights_sitenote_note":"","_monsterinsights_sitenote_category":0,"footnotes":""},"categories":[16,3524],"tags":[],"class_list":["post-36239","post","type-post","status-publish","format-standard","has-post-thumbnail","hentry","category-migrante","category-noticas"],"aioseo_notices":[],"_links":{"self":[{"href":"https:\/\/elcronistadigital.com\/index.php?rest_route=\/wp\/v2\/posts\/36239","targetHints":{"allow":["GET"]}}],"collection":[{"href":"https:\/\/elcronistadigital.com\/index.php?rest_route=\/wp\/v2\/posts"}],"about":[{"href":"https:\/\/elcronistadigital.com\/index.php?rest_route=\/wp\/v2\/types\/post"}],"author":[{"embeddable":true,"href":"https:\/\/elcronistadigital.com\/index.php?rest_route=\/wp\/v2\/users\/1"}],"replies":[{"embeddable":true,"href":"https:\/\/elcronistadigital.com\/index.php?rest_route=%2Fwp%2Fv2%2Fcomments&post=36239"}],"version-history":[{"count":1,"href":"https:\/\/elcronistadigital.com\/index.php?rest_route=\/wp\/v2\/posts\/36239\/revisions"}],"predecessor-version":[{"id":36241,"href":"https:\/\/elcronistadigital.com\/index.php?rest_route=\/wp\/v2\/posts\/36239\/revisions\/36241"}],"wp:featuredmedia":[{"embeddable":true,"href":"https:\/\/elcronistadigital.com\/index.php?rest_route=\/wp\/v2\/media\/36240"}],"wp:attachment":[{"href":"https:\/\/elcronistadigital.com\/index.php?rest_route=%2Fwp%2Fv2%2Fmedia&parent=36239"}],"wp:term":[{"taxonomy":"category","embeddable":true,"href":"https:\/\/elcronistadigital.com\/index.php?rest_route=%2Fwp%2Fv2%2Fcategories&post=36239"},{"taxonomy":"post_tag","embeddable":true,"href":"https:\/\/elcronistadigital.com\/index.php?rest_route=%2Fwp%2Fv2%2Ftags&post=36239"}],"curies":[{"name":"wp","href":"https:\/\/api.w.org\/{rel}","templated":true}]}}