{"id":3641,"date":"2011-08-25T14:48:43","date_gmt":"2011-08-25T20:48:43","guid":{"rendered":"http:\/\/elcronistadigital.com\/?p=3641"},"modified":"2011-08-25T14:48:43","modified_gmt":"2011-08-25T20:48:43","slug":"el-cartel-del-pacifico","status":"publish","type":"post","link":"https:\/\/elcronistadigital.com\/?p=3641","title":{"rendered":"El C\u00e1rtel del Pac\u00edfico"},"content":{"rendered":"<p><div id=\"attachment_3642\" style=\"width: 272px\" class=\"wp-caption alignleft\"><a href=\"https:\/\/elcronistadigital.com\/?attachment_id=3642\" rel=\"attachment wp-att-3642\"><img loading=\"lazy\" decoding=\"async\" aria-describedby=\"caption-attachment-3642\" src=\"https:\/\/elcronistadigital.com\/wp-content\/uploads\/2011\/08\/C\u00e1rtel-del-Pac\u00edfico.png\" alt=\"\" title=\"C\u00e1rtel del Pac\u00edfico\" width=\"262\" height=\"192\" class=\"size-full wp-image-3642\" srcset=\"https:\/\/elcronistadigital.com\/wp-content\/uploads\/2011\/08\/C\u00e1rtel-del-Pac\u00edfico.png 262w, https:\/\/elcronistadigital.com\/wp-content\/uploads\/2011\/08\/C\u00e1rtel-del-Pac\u00edfico-60x45.png 60w, https:\/\/elcronistadigital.com\/wp-content\/uploads\/2011\/08\/C\u00e1rtel-del-Pac\u00edfico-90x65.png 90w\" sizes=\"auto, (max-width: 262px) 100vw, 262px\" \/><\/a><p id=\"caption-attachment-3642\" class=\"wp-caption-text\">Miembros del c\u00e1rtel del Pac\u00edfico. (Tomado de El Economista).<\/p><\/div>Es tambi\u00e9n conocido como de Sinaloa y sus antecedentes se remontan a los 60, cuando Pedro Avil\u00e9s P\u00e9rez inicia el tr\u00e1fico de marihuana a EU. En los 80 se trasform\u00f3 en el C\u00e1rtel de Guadalajara, con el liderazgo de Miguel \u00c1ngel F\u00e9lix Gallardo El Padrino, Rafael Caro Quintero y Ernesto Fonseca Carrillo Don Neto. Los tres estuvieron implicados en el asesinato de Enrique Camarena Kiki, agente de la DEA, en 1985.<\/p>\n<p>Ese mismo a\u00f1o fueron arrestados Don Neto y Caro Quintero. La conducci\u00f3n qued\u00f3 en manos de El Padrino, quien fue aprendido en 1989. La organizaci\u00f3n se dividi\u00f3 en dos: el C\u00e1rtel de los Arellano F\u00e9lix y el de Guadalajara, que volvi\u00f3 a ser el de Sinaloa. La direcci\u00f3n recay\u00f3 entonces en H\u00e9ctor Luis Palma Salazar El G\u00fcero, Adri\u00e1n G\u00f3mez Gonz\u00e1lez, Ismael Zambada Garc\u00eda El Mayo y Joaqu\u00edn Archivaldo Guzm\u00e1n Loera El Chapo, sobrino de Avil\u00e9s P\u00e9rez.<\/p>\n<p>Particip\u00f3 tambi\u00e9n Juan Jos\u00e9 Esparragoza Moreno El Azul. El Chapo fue detenido en junio de 1993 en Guatemala. Se le extradit\u00f3 a M\u00e9xico y se fug\u00f3 del penal de Puente Grande en enero del 2001.<\/p>\n<p>El liderazgo del grupo fue retomado por El G\u00fcero Palma hasta junio de 1995, cuando fue apresado por el Ej\u00e9rcito. El Mayo, apoyado por su hijo Vicente Zambada Niebla El Vicentillo -capturado en marzo del 2009 y extraditado en febrero del 2010-, asumi\u00f3 la direcci\u00f3n hasta el regreso de El Chapo.<\/p>\n<p>Quienes reclutaron a Javier Torres F\u00e9lix El Chacal e Ignacio Coronel Villarreal Nacho Coronel fueron El Chapo y El Mayo. En el 2006 fue detenido y extraditado Torres F\u00e9lix y Coronel Villarreal fue aniquilado por el Ej\u00e9rcito en julio del 2010. Se incorpor\u00f3 entonces Manuel Torres F\u00e9lix El Ondeado, hermano de El Chacal.<\/p>\n<p>El Chapo contrat\u00f3 a los hermanos<\/p>\n<p>Los Beltr\u00e1n Leyva ingresaron a la organizaci\u00f3n en el 2004 como brazo armado. Con su apoyo, eliminaron la presencia de otros c\u00e1rteles en buena parte de la frontera con EU. En enero del 2008 fue capturado Alfredo Beltr\u00e1n Leyva El Mochomo. Sus hermanos acusaron a El Chapo de traici\u00f3n y rompieron la alianza. El C\u00e1rtel, en la diputa que ahora tienen con los otros grupos, utiliza como brazo armado a Gente Nueva.<\/p>\n<p>La parte central del negocio es el tr\u00e1fico de coca\u00edna, marihuana, metanfetaminas y hero\u00edna procedente del sureste asi\u00e1tico. Tienen presencia en 17 estados de la Rep\u00fablica y c\u00e9lulas de distribuci\u00f3n en Arizona, California, Texas, Georgia, Illinois y Nueva York. Han incursionado en los mercados de Centro y Sudam\u00e9rica y tambi\u00e9n en Europa. En mayo del 2008, sicarios del Cartel de Ju\u00e1rez asesinaron a Edgar Guzm\u00e1n L\u00f3pez, de 22 a\u00f1os, hijo de El Chapo, y a C\u00e9sar Ariel Loera, su sobrino. En diciembre del 2004 mataron a su hermano Arturo Guzm\u00e1n Loera en el penal de La Palma y en febrero del 2008 sentenciaron a 13 a\u00f1os de prisi\u00f3n a su hermano Miguel \u00c1ngel Guzm\u00e1n Loera.<\/p>\n<p>La revista Forbes ha incluido a El Chapo en la lista de las personas m\u00e1s ricas del mundo y est\u00e1 tambi\u00e9n en la de las 10 personas m\u00e1s buscadas. El C\u00e1rtel de Sinaloa tiene ya 40 a\u00f1os de existencia y sigue a la cabeza de dos fundadores. Ya son tres generaciones dedicadas al negocio. (Pr\u00f3ximo: El C\u00e1rtel de los Beltr\u00e1n Leyva).<\/p>\n<p>Rub\u00e9n Aguilar Valenzuela<br \/>\n Twitter: @RubenAguilar<br \/>\nPara El Cronista Digital<\/p>\n","protected":false},"excerpt":{"rendered":"<p>Es tambi\u00e9n conocido como de Sinaloa y sus antecedentes se remontan a los 60, cuando Pedro Avil\u00e9s P\u00e9rez inicia el tr\u00e1fico de marihuana a EU. En los 80 se trasform\u00f3 en el C\u00e1rtel de Guadalajara, con el liderazgo de Miguel \u00c1ngel F\u00e9lix Gallardo El Padrino, Rafael Caro Quintero y Ernesto Fonseca Carrillo Don Neto. Los [&hellip;]<\/p>\n","protected":false},"author":1,"featured_media":3642,"comment_status":"open","ping_status":"open","sticky":false,"template":"","format":"standard","meta":{"om_disable_all_campaigns":false,"_monsterinsights_skip_tracking":false,"_monsterinsights_sitenote_active":false,"_monsterinsights_sitenote_note":"","_monsterinsights_sitenote_category":0,"footnotes":""},"categories":[13],"tags":[],"class_list":["post-3641","post","type-post","status-publish","format-standard","has-post-thumbnail","hentry","category-portada"],"aioseo_notices":[],"_links":{"self":[{"href":"https:\/\/elcronistadigital.com\/index.php?rest_route=\/wp\/v2\/posts\/3641","targetHints":{"allow":["GET"]}}],"collection":[{"href":"https:\/\/elcronistadigital.com\/index.php?rest_route=\/wp\/v2\/posts"}],"about":[{"href":"https:\/\/elcronistadigital.com\/index.php?rest_route=\/wp\/v2\/types\/post"}],"author":[{"embeddable":true,"href":"https:\/\/elcronistadigital.com\/index.php?rest_route=\/wp\/v2\/users\/1"}],"replies":[{"embeddable":true,"href":"https:\/\/elcronistadigital.com\/index.php?rest_route=%2Fwp%2Fv2%2Fcomments&post=3641"}],"version-history":[{"count":2,"href":"https:\/\/elcronistadigital.com\/index.php?rest_route=\/wp\/v2\/posts\/3641\/revisions"}],"predecessor-version":[{"id":3644,"href":"https:\/\/elcronistadigital.com\/index.php?rest_route=\/wp\/v2\/posts\/3641\/revisions\/3644"}],"wp:featuredmedia":[{"embeddable":true,"href":"https:\/\/elcronistadigital.com\/index.php?rest_route=\/wp\/v2\/media\/3642"}],"wp:attachment":[{"href":"https:\/\/elcronistadigital.com\/index.php?rest_route=%2Fwp%2Fv2%2Fmedia&parent=3641"}],"wp:term":[{"taxonomy":"category","embeddable":true,"href":"https:\/\/elcronistadigital.com\/index.php?rest_route=%2Fwp%2Fv2%2Fcategories&post=3641"},{"taxonomy":"post_tag","embeddable":true,"href":"https:\/\/elcronistadigital.com\/index.php?rest_route=%2Fwp%2Fv2%2Ftags&post=3641"}],"curies":[{"name":"wp","href":"https:\/\/api.w.org\/{rel}","templated":true}]}}