{"id":36475,"date":"2014-11-17T07:21:16","date_gmt":"2014-11-17T13:21:16","guid":{"rendered":"http:\/\/elcronistadigital.com\/?p=36475"},"modified":"2014-11-17T07:21:16","modified_gmt":"2014-11-17T13:21:16","slug":"luis-enrique-pide-cese-de-deportaciones","status":"publish","type":"post","link":"https:\/\/elcronistadigital.com\/?p=36475","title":{"rendered":"Luis Enrique pide cese de deportaciones"},"content":{"rendered":"<p><a href=\"https:\/\/elcronistadigital.com\/?attachment_id=36476\" rel=\"attachment wp-att-36476\"><img loading=\"lazy\" decoding=\"async\" class=\"alignleft size-medium wp-image-36476\" alt=\"Mejia_Godoy\" src=\"https:\/\/elcronistadigital.com\/wp-content\/uploads\/2014\/11\/Mejia_Godoy-240x300.jpg\" width=\"240\" height=\"300\" srcset=\"https:\/\/elcronistadigital.com\/wp-content\/uploads\/2014\/11\/Mejia_Godoy-240x300.jpg 240w, https:\/\/elcronistadigital.com\/wp-content\/uploads\/2014\/11\/Mejia_Godoy-342x427.jpg 342w, https:\/\/elcronistadigital.com\/wp-content\/uploads\/2014\/11\/Mejia_Godoy-300x375.jpg 300w, https:\/\/elcronistadigital.com\/wp-content\/uploads\/2014\/11\/Mejia_Godoy.jpg 400w\" sizes=\"auto, (max-width: 240px) 100vw, 240px\" \/><\/a>Silver Spring, Maryland &#8211; El cantautor nicarag\u00fcense, Luis Enrique Mej\u00eda Godoy, inst\u00f3 al presidente Barack Obama a que \u201cpiense\u201d en el quebranto de las familias migrantes centroamericanas y cese ya las deportaciones, a la vez que expres\u00f3 solidaridad con los 43 normalistas desparecidos en M\u00e9xico.<\/p>\n<p>\u201c\u00a1Ni un deportado m\u00e1s!\u201d, dijo el m\u00fasico arrancando una ovaci\u00f3n del p\u00fablico durante un concierto la noche del s\u00e1bado en Silver Spring, Maryland, en las afueras de Washington, seg\u00fan publica la periodista Mar\u00eda Pe\u00f1a.<\/p>\n<p>Mej\u00eda Godoy, de 69 a\u00f1os, es uno de los m\u00e1s importantes cantautores del pa\u00eds centroamericano, compositor e int\u00e9rprete de temas de alto contenido social.<\/p>\n<p>En entrevista con El Diario, afirm\u00f3 que Obama tiene la obligaci\u00f3n de proteger a los inmigrantes que, como ha reconocido, son parte importante de la columna vertebral de la econom\u00eda en Estados Unidos.<\/p>\n<p>\u201cDesde lo m\u00e1s profundo de mi honestidad y de la humildad de mi pueblo, le pedimos al presidente Obama que no haga ninguna deportaci\u00f3n m\u00e1s, que piense en los miles de ni\u00f1os migrantes, de las deportaciones que han desmembrado a sus familias. Sabemos que se ha hecho un esfuerzo, pero no es suficiente\u201d, afirm\u00f3.<\/p>\n<p>\u201cGracias presidente Obama porque s\u00e9 que usted lo va a lograr\u201d, enfatiz\u00f3 el artista.<\/p>\n<p>Durante su \u00fanica presentaci\u00f3n en el \u00e1rea de Washington, Mej\u00eda Godoy dedic\u00f3 uno de sus temas a los 43 normalistas de Ayotzinapa, desaparecidos en Iguala (M\u00e9xico), el pasado 26 de septiembre.<\/p>\n<p>\u201cNo me puedo ir de este concierto sin decir que no podemos absolutamente permitir que siga habiendo injusticia en M\u00e9xico, y esos 43 j\u00f3venes normalistas de Ayotzinapa tienen que aparecer. No s\u00f3lo ellos sino los otros miles de desaparecidos\u201d, se\u00f1al\u00f3.<\/p>\n<p>\u201cComo nicarag\u00fcenses le debemos mucho al pueblo mexicano, la solidaridad inmensa que tuvo con Nicaragua a finales de los 70 y en los 80. No podemos permitir un minuto m\u00e1s de violencia ni en M\u00e9xico ni en ning\u00fan otro rinc\u00f3n del mundo\u201d, puntualiz\u00f3.<\/p>\n<p>El artista fue invitado por la Red Nacional de Salvadore\u00f1os en el exterior (Renase), un grupo abocado a la promoci\u00f3n de las artes y cultura de El Salvador y Centroam\u00e9rica.<\/p>\n<p>Se calcula que hay cerca de dos millones de salvadore\u00f1os en EEUU, y en la capital estadounidense constituyen el principal grupo latino.<\/p>\n","protected":false},"excerpt":{"rendered":"<p>Silver Spring, Maryland &#8211; El cantautor nicarag\u00fcense, Luis Enrique Mej\u00eda Godoy, inst\u00f3 al presidente Barack Obama a que \u201cpiense\u201d en el quebranto de las familias migrantes centroamericanas y cese ya las deportaciones, a la vez que expres\u00f3 solidaridad con los 43 normalistas desparecidos en M\u00e9xico. \u201c\u00a1Ni un deportado m\u00e1s!\u201d, dijo el m\u00fasico arrancando una ovaci\u00f3n [&hellip;]<\/p>\n","protected":false},"author":1,"featured_media":36476,"comment_status":"open","ping_status":"open","sticky":false,"template":"","format":"standard","meta":{"om_disable_all_campaigns":false,"_monsterinsights_skip_tracking":false,"_monsterinsights_sitenote_active":false,"_monsterinsights_sitenote_note":"","_monsterinsights_sitenote_category":0,"footnotes":""},"categories":[16,3524],"tags":[],"class_list":["post-36475","post","type-post","status-publish","format-standard","has-post-thumbnail","hentry","category-migrante","category-noticas"],"aioseo_notices":[],"_links":{"self":[{"href":"https:\/\/elcronistadigital.com\/index.php?rest_route=\/wp\/v2\/posts\/36475","targetHints":{"allow":["GET"]}}],"collection":[{"href":"https:\/\/elcronistadigital.com\/index.php?rest_route=\/wp\/v2\/posts"}],"about":[{"href":"https:\/\/elcronistadigital.com\/index.php?rest_route=\/wp\/v2\/types\/post"}],"author":[{"embeddable":true,"href":"https:\/\/elcronistadigital.com\/index.php?rest_route=\/wp\/v2\/users\/1"}],"replies":[{"embeddable":true,"href":"https:\/\/elcronistadigital.com\/index.php?rest_route=%2Fwp%2Fv2%2Fcomments&post=36475"}],"version-history":[{"count":1,"href":"https:\/\/elcronistadigital.com\/index.php?rest_route=\/wp\/v2\/posts\/36475\/revisions"}],"predecessor-version":[{"id":36477,"href":"https:\/\/elcronistadigital.com\/index.php?rest_route=\/wp\/v2\/posts\/36475\/revisions\/36477"}],"wp:featuredmedia":[{"embeddable":true,"href":"https:\/\/elcronistadigital.com\/index.php?rest_route=\/wp\/v2\/media\/36476"}],"wp:attachment":[{"href":"https:\/\/elcronistadigital.com\/index.php?rest_route=%2Fwp%2Fv2%2Fmedia&parent=36475"}],"wp:term":[{"taxonomy":"category","embeddable":true,"href":"https:\/\/elcronistadigital.com\/index.php?rest_route=%2Fwp%2Fv2%2Fcategories&post=36475"},{"taxonomy":"post_tag","embeddable":true,"href":"https:\/\/elcronistadigital.com\/index.php?rest_route=%2Fwp%2Fv2%2Ftags&post=36475"}],"curies":[{"name":"wp","href":"https:\/\/api.w.org\/{rel}","templated":true}]}}