{"id":3666,"date":"2011-08-28T13:02:34","date_gmt":"2011-08-28T19:02:34","guid":{"rendered":"http:\/\/elcronistadigital.com\/?p=3666"},"modified":"2011-08-28T13:02:34","modified_gmt":"2011-08-28T19:02:34","slug":"regresan-las-carey-al-golfo-de-fonseca","status":"publish","type":"post","link":"https:\/\/elcronistadigital.com\/?p=3666","title":{"rendered":"Regresan las Carey al Golfo de Fonseca"},"content":{"rendered":"<p><a href=\"https:\/\/elcronistadigital.com\/?attachment_id=3667\" rel=\"attachment wp-att-3667\"><img loading=\"lazy\" decoding=\"async\" src=\"https:\/\/elcronistadigital.com\/wp-content\/uploads\/2011\/08\/carey02-300x234.jpg\" alt=\"\" title=\"carey02\" width=\"300\" height=\"234\" class=\"alignright size-medium wp-image-3667\" srcset=\"https:\/\/elcronistadigital.com\/wp-content\/uploads\/2011\/08\/carey02-300x234.jpg 300w, https:\/\/elcronistadigital.com\/wp-content\/uploads\/2011\/08\/carey02-342x266.jpg 342w, https:\/\/elcronistadigital.com\/wp-content\/uploads\/2011\/08\/carey02.jpg 350w\" sizes=\"auto, (max-width: 300px) 100vw, 300px\" \/><\/a>Despu\u00e9s de varias d\u00e9cadas de consider\u00e1rseles como una especie \u201c virtualmente extinta\u201d en el Golfo de Fonseca, compartido por Nicaragua, Honduras y El Salvador, las tortugas carey, Eretmochely simbricata, reaparecieron en los a\u00f1os recientes.<\/p>\n<p>Con la participaci\u00f3n activa de comunidades de pescadores, organismos privados y gubernamentales, se impulsa una iniciativa para monitorearlas  y coordinar su protecci\u00f3n sostenible, con el uso de tecnolog\u00eda innovadora que incluye el sat\u00e9lite y dispositivos GPS colocados en sus caparazones.<\/p>\n<p>Los avances y pormenores de este proyecto, se dieron a conocer el pasado 12 agosto en el Primer Encuentro Trinacional de la Tortuga Carey, celebrado en Isla del Tigre, Municipio de Amapala, Departamento de Valle, Honduras.<\/p>\n<p>Enfoque Trinacional<\/p>\n<p>En el evento se present\u00f3  lo que es la Iniciativa de Carey del Pac\u00edfico Oriental  ( ICAPO ) y todo el trabajo previo que se ha venido haciendo. Estas actividades, cuentan con el patrocinio t\u00e9cnico y financiero del programa Regional para el Manejo de Recursos Acu\u00e1ticos y Alternativas Econ\u00f3micas de la Agencia de Estados Unidos para el Desarrollo Internacional(USAID) y la Fundaci\u00f3n National Fish and Wildlife de USA.<\/p>\n<p>Los expositores fueron Alexander Gaos ,coordinador regional del  ICAPO ; por El Salvador Michael Liles, Georgina Nariones y Wilfredo L\u00f3pez,; por Nicaragua  Perla Torres y Jos\u00e9 Urteaga; y por Honduras Lidia Salinas Rivera del equipo de la ONG ProTECTOR,  Samaria Castellanos, Nela Mar\u00eda Flores, el personal t\u00e9cnico y directivo de Biodiversidad  (DIBIO) de la Secretar\u00eda de Recursos Naturales y Ambiente (SERNA ) Rafael Amaro Garc\u00eda, Marnie Portillo y David Jaen .<\/p>\n<p>Representantes de la Unidad Municipal Ambiental(UMA) de la Alcald\u00eda de Amapala as\u00ed como l\u00edderes de algunos grupos y comunidades de pescadores de varias zonas costeras del Golfo de Fonseca, tambi\u00e9n tuvieron participaci\u00f3n en este evento.<\/p>\n<p>Monitoreadas por sat\u00e9lites<\/p>\n<p>Uno de los temas tratados en este encuentro de especialistas, es que mediante la metodolog\u00eda de telemetr\u00eda satelital  y los trasmisores satelitales colocados en varias tortugas carey , se ha logrado como resultado  monitorear que algunos de estos quelonios hicieron un  recorrido hacia el Golfo de Fonseca en la parte de Honduras, exactamente por los manglares, playones, canales  y esteros de la Bah\u00eda de Chismuyo, departamento de Valle.<\/p>\n<p>Esto es lo que da inicio al proyecto de la b\u00fasqueda de carey en la zona de Honduras y se une la ICAPO junto con ProTECTORONG  ,en coordinaci\u00f3n con la Direcci\u00f3n de Biodiversidad de la SERNA y otros entes gubernamentales y no gubernamentales  que  se dedican a la investigaci\u00f3n y conservaci\u00f3n  de  las  tortugas marinas a nivel nacional.<\/p>\n<p>Alexander R. Gaos, coordinador regional del proyecto Iniciativa Carey del Pac\u00edfico Oriental ( ICAPO),durante su presentaci\u00f3n en este evento indic\u00f3 que  de las siete especies de tortuga marinas , cinco se encuentra en el Pac\u00edfico Oriental, siendo una de ellas la Tortuga Carey<\/p>\n<p>De estas tortugas 1 de 3 est\u00e1n \u201ccr\u00edticamente amenazadas\u201c,  seg\u00fan los reportajes de la Uni\u00f3n Internacional para la Conservaci\u00f3n de la Naturaleza (IUCN ) elaborados el 2008. Las principales amenazas son el consumo de sus huevos y carne, la pesca incidental, la p\u00e9rdida masiva de sus h\u00e1bitat y la comercializaci\u00f3n de la concha<\/p>\n<p>Seg\u00fan explica Caos, a la tortuga carey en el Pacifico Oriental antes del 2007, se les consideraba  poblaci\u00f3n virtualmente extinta, pero gracias a la participaci\u00f3n de la poblaci\u00f3n y de las  autoridades locales, se est\u00e1n impulsando  esfuerzos exitosos para su protecci\u00f3n y recuperaci\u00f3n.<\/p>\n<p>Tambi\u00e9n se present\u00f3 un informe sobre  la Conservaci\u00f3n de la Tortuga Carey en El Salvador:  Los C\u00f3banos, Bah\u00eda de Jiquilisco y Punta Amapala, por parte de la delegaci\u00f3n salvadore\u00f1a, con todos los logros alcanzados hasta la fecha.<\/p>\n<p>Conciencia y acci\u00f3n comunitaria<\/p>\n<p>Amaro Garc\u00eda D\u00edaz, director de DIBIO de la SERNA, por su parte comenta que desde hace m\u00e1s de 10 a\u00f1os se consideraba que ya no se presentaban avistamientos ni anidamiento de las tortugas Carey en las costas hondure\u00f1as del Golfo de Fonseca, inclusive en toda la costa del Pac\u00edfico desde Per\u00fa hasta los Estados Unidos de Am\u00e9rica.<\/p>\n<p>Hace cinco a\u00f1os se empezaron a realizar investigaciones con los pescadores y pobladores de esas zona costeras. Las Ong y entes gubernamentales han detectado que s\u00ed hay bastante presencia de esta tortuga y en la regi\u00f3n centroamericana sobresale en el Golfo de Fonseca.<\/p>\n<p>La participaci\u00f3n de los pobladores con sus conocimientos y costumbres, son fundamentales para promover la protecci\u00f3n de estas especies.<\/p>\n<p>Actualmente se planifican y realizan los avistamientos  y dem\u00e1s investigaciones para determinar estad\u00edsticas sobre desoves, anidamientos y rutas migratorias de estas tortugas.<\/p>\n<p>\u201cEn los bosques de mangle de la Bah\u00eda de Chismuyo se han detectado varios espec\u00edmenes de la tortugas  Carey  que son portadoras de los dispositivos de GPS. Hasta ahora, los cient\u00edficos aseguraban que estas tortugas anidaban en las playas naturales costeras, pero no en  los manglares\u2026.Todo esto se est\u00e1 investigando para garantizar la protecci\u00f3n de esta especie, incorporando a las comunidades de pescadores y pobladores, con todos los conocimientos que ellos tienen\u2026Y por supuesto su elevada conciencia ambiental \u201c,asegura el jefe de DIBIO<\/p>\n<p>Garc\u00eda D\u00edaz tambi\u00e9n inform\u00f3, que actualmente en Honduras se aplica una veda de 25 d\u00edas para proteger a las tortugas en el Golfo de Fonseca. Esta actividad es socializada con los pescadores  e implica algunos problemas ya que un nido de huevos de tortuga, significa cerca de 400 lempiras de ingresos al comercializarlos. Esto es un sustento familiar b\u00e1sico, pero  la cultura conservacionista est\u00e1 cambiando ,ya que los mismos pescadores impulsan acciones para manejar sosteniblemente este recurso.<\/p>\n<p>Adem\u00e1s, el Estado hondure\u00f1o, las autoridades locales, las ONG\u00b4s y las mismas comunidades deben impulsar proyectos socioecon\u00f3micos alternativos-como los de ecoturismo y otros de gran valor agregado y de  bajo impacto ambiental, concluye Garc\u00eda D\u00edaz.<\/p>\n<p>Ram\u00f3n WilbertoNuila Coto, Msc.<br \/>\nramonnuila@yahoo.es<\/p>\n","protected":false},"excerpt":{"rendered":"<p>Despu\u00e9s de varias d\u00e9cadas de consider\u00e1rseles como una especie \u201c virtualmente extinta\u201d en el Golfo de Fonseca, compartido por Nicaragua, Honduras y El Salvador, las tortugas carey, Eretmochely simbricata, reaparecieron en los a\u00f1os recientes. Con la participaci\u00f3n activa de comunidades de pescadores, organismos privados y gubernamentales, se impulsa una iniciativa para monitorearlas y coordinar su [&hellip;]<\/p>\n","protected":false},"author":1,"featured_media":3667,"comment_status":"open","ping_status":"open","sticky":false,"template":"","format":"standard","meta":{"om_disable_all_campaigns":false,"_monsterinsights_skip_tracking":false,"_monsterinsights_sitenote_active":false,"_monsterinsights_sitenote_note":"","_monsterinsights_sitenote_category":0,"footnotes":""},"categories":[3,13],"tags":[],"class_list":["post-3666","post","type-post","status-publish","format-standard","has-post-thumbnail","hentry","category-nacionales","category-portada"],"aioseo_notices":[],"_links":{"self":[{"href":"https:\/\/elcronistadigital.com\/index.php?rest_route=\/wp\/v2\/posts\/3666","targetHints":{"allow":["GET"]}}],"collection":[{"href":"https:\/\/elcronistadigital.com\/index.php?rest_route=\/wp\/v2\/posts"}],"about":[{"href":"https:\/\/elcronistadigital.com\/index.php?rest_route=\/wp\/v2\/types\/post"}],"author":[{"embeddable":true,"href":"https:\/\/elcronistadigital.com\/index.php?rest_route=\/wp\/v2\/users\/1"}],"replies":[{"embeddable":true,"href":"https:\/\/elcronistadigital.com\/index.php?rest_route=%2Fwp%2Fv2%2Fcomments&post=3666"}],"version-history":[{"count":2,"href":"https:\/\/elcronistadigital.com\/index.php?rest_route=\/wp\/v2\/posts\/3666\/revisions"}],"predecessor-version":[{"id":3669,"href":"https:\/\/elcronistadigital.com\/index.php?rest_route=\/wp\/v2\/posts\/3666\/revisions\/3669"}],"wp:featuredmedia":[{"embeddable":true,"href":"https:\/\/elcronistadigital.com\/index.php?rest_route=\/wp\/v2\/media\/3667"}],"wp:attachment":[{"href":"https:\/\/elcronistadigital.com\/index.php?rest_route=%2Fwp%2Fv2%2Fmedia&parent=3666"}],"wp:term":[{"taxonomy":"category","embeddable":true,"href":"https:\/\/elcronistadigital.com\/index.php?rest_route=%2Fwp%2Fv2%2Fcategories&post=3666"},{"taxonomy":"post_tag","embeddable":true,"href":"https:\/\/elcronistadigital.com\/index.php?rest_route=%2Fwp%2Fv2%2Ftags&post=3666"}],"curies":[{"name":"wp","href":"https:\/\/api.w.org\/{rel}","templated":true}]}}