{"id":36667,"date":"2014-11-25T14:37:54","date_gmt":"2014-11-25T20:37:54","guid":{"rendered":"http:\/\/elcronistadigital.com\/?p=36667"},"modified":"2014-11-25T14:37:54","modified_gmt":"2014-11-25T20:37:54","slug":"taiwan-en-la-accion-climatica-mundial","status":"publish","type":"post","link":"https:\/\/elcronistadigital.com\/?p=36667","title":{"rendered":"Taiw\u00e1n en la acci\u00f3n clim\u00e1tica mundial"},"content":{"rendered":"<div id=\"attachment_36668\" style=\"width: 224px\" class=\"wp-caption alignleft\"><a href=\"https:\/\/elcronistadigital.com\/?attachment_id=36668\" rel=\"attachment wp-att-36668\"><img loading=\"lazy\" decoding=\"async\" aria-describedby=\"caption-attachment-36668\" class=\"size-medium wp-image-36668\" alt=\"Dr. Kuo-Yen Wei, ministro para la Protecci\u00f3n Medioambiental de la Rep\u00fablica de China.\" src=\"https:\/\/elcronistadigital.com\/wp-content\/uploads\/2014\/11\/Dr.-Kuo-Yen-Wei-214x300.jpg\" width=\"214\" height=\"300\" srcset=\"https:\/\/elcronistadigital.com\/wp-content\/uploads\/2014\/11\/Dr.-Kuo-Yen-Wei-214x300.jpg 214w, https:\/\/elcronistadigital.com\/wp-content\/uploads\/2014\/11\/Dr.-Kuo-Yen-Wei.jpg 215w\" sizes=\"auto, (max-width: 214px) 100vw, 214px\" \/><\/a><p id=\"caption-attachment-36668\" class=\"wp-caption-text\">Dr. Kuo-Yen Wei, ministro para la Protecci\u00f3n Medioambiental de la Rep\u00fablica de China.<\/p><\/div>\n<p>Dr. Kuo-Yen Wei*<\/p>\n<p>Los cient\u00edficos nos informan que el desarrollo industrial moderno ha causado concentraciones de di\u00f3xido de carbono en todo el mundo, que han excedido la capacidad de aguante de los ecosistemas naturales. No obstante, ello nos ha permitido ser testigos de lo que Adam Smith expon\u00eda en su Teor\u00eda de los Sentimientos Morales, que los seres humanos tenemos una tendencia natural a ser comprensivos y a tener, en realidad, cuidado con la sostenibilidad del mundo natural.<\/p>\n<p>El 23 de septiembre de 2014, los l\u00edderes mundiales se reunieron en la Cumbre de Naciones Unidas sobre el Clima, en Nueva York, con la esperanza de romper el punto muerto en las negociaciones sobre el clima y de instar a las partes implicadas a ser m\u00e1s agresivas en sus acciones. Las negociaciones a nivel internacional sobre el cambio clim\u00e1tico han entrado ahora en un punto cr\u00edtico en el periodo previo a la firma de un nuevo acuerdo global en la Conferencia sobre el Clima de Par\u00eds, que se celebrar\u00e1 en diciembre de 2015.<\/p>\n<p>La respuesta al cambio clim\u00e1tico es una larga y dif\u00edcil tarea, repleta de desaf\u00edos y oportunidades. En Taiw\u00e1n, gracias a una ambiciosa pol\u00edtica del Gobierno para promover la conservaci\u00f3n de la energ\u00eda y la reducci\u00f3n del carbono, las emisiones di\u00f3xido de carbono procedente de combustibles f\u00f3siles registraron un crecimiento negativo en 2008, por primera vez desde 1990, y se han mantenido m\u00e1s o menos estables durante estos \u00faltimos a\u00f1os.<\/p>\n<p>La intensidad de las emisiones de Taiw\u00e1n contin\u00faa descendiendo, pasando de los 0,0197 kg de CO2 por d\u00f3lar a los 0,0163 kg de CO2 por d\u00f3lar en 2013. Ello subraya el efecto positivo que la pol\u00edtica del Gobierno y la educaci\u00f3n est\u00e1n teniendo sobre la desvinculaci\u00f3n de las emisiones de gases de efecto invernadero del crecimiento econ\u00f3mico.<\/p>\n<p>El cambio clim\u00e1tico se ha convertido en uno de los enfoques econ\u00f3micos y pol\u00edticos m\u00e1s importantes de este siglo, una cuesti\u00f3n central que afecta a la pol\u00edtica internacional, al comercio y a la sociedad. No obstante, dada la influencia tan directa que tiene el cambio clim\u00e1tico sobre el desarrollo nacional, la competitividad y la igualdad intergeneracional de todos los pa\u00edses del mundo, las acciones de mitigaci\u00f3n que se est\u00e1n adoptando est\u00e1n muy por debajo de aquello que realmente se requiere.<br \/>\nEn lo que respecta a Taiw\u00e1n, el c\u00f3mo insistir en la reducci\u00f3n del carbono basandose en el concepto moral de solidaridad, se ha convertido en la tarea primordial para un pa\u00eds con escasez de autosuficiencia energ\u00e9tica y limitada capacidad para sobrellevar por s\u00ed mismo el cuidado del medioambiente.<\/p>\n<p>A trav\u00e9s de una restructuraci\u00f3n gubernamental, Taiw\u00e1n ha creado un Ministerio de Medioambiente y Recursos Naturales para enfocar mejor sus esfuerzos en la prevenci\u00f3n de la poluci\u00f3n, el ajuste del cambio clim\u00e1tico, la administraci\u00f3n de las cuencas hidrogr\u00e1ficas, la prevenci\u00f3n de desastres y la conservaci\u00f3n de la naturaleza, marcando el comienzo de una nueva era para la protecci\u00f3n medioambiental.<\/p>\n<p>Por ejemplo, mediante la aplicaci\u00f3n del concepto de \u201cminer\u00eda urbana\u201d, se puede transformar los residuos en recursos, promoviendo el reciclaje y la reutilizaci\u00f3n de recursos, haciendo provechosa la oportunidad de desarrollar una econom\u00eda verde. En el mismo modo, se integra en ello la pol\u00edtica gubernamental y la legislaci\u00f3n, la participaci\u00f3n de los sectores p\u00fablico y privado, las fuerzas del mercado y la innovaci\u00f3n tecnol\u00f3gica, para ayudar a Taiw\u00e1n a reducir emisiones del carbono, transformando su econom\u00eda hacia una de bajo carbono y alcanzar sus objetivos en materia de protecci\u00f3n medioambiental.<\/p>\n<p>Durante mucho tiempo, Taiw\u00e1n ha hecho todo lo que estaba para dar pasos pr\u00e1cticos que reflejen las iniciativas y esfuerzos del Convenio Marco de Naciones Unidas sobre el Cambio Clim\u00e1tico (UNFCCC, siglas en ingl\u00e9s). Lamentablemente, nuestro pa\u00eds permanece excluido del UNFCCC hasta la fecha. Es nuestro deseo el involucrarnos significativamente en sus encuentros y actividades, para que seamos incluidos en el sistema de mutua cooperaci\u00f3n mundial, recibiendo el apoyo y la asistencia necesarios de la comunidad internacional.<\/p>\n<p>Asimismo, a trav\u00e9s de la integraci\u00f3n en ella, formaremos parte de la trayectoria de desarrollo internacional. Ello tambi\u00e9n nos permitir\u00eda contribuir a la sociedad internacional compartiendo nuestra experiencia en protecci\u00f3n medioambiental con la comunidad internacional y con otros pa\u00edses en necesidades, integrando de este modo la fortaleza de Taiw\u00e1n en la acci\u00f3n clim\u00e1tica global.<\/p>\n<p>* Ministro para la Protecci\u00f3n Medioambiental de la Rep\u00fablica de China.<\/p>\n","protected":false},"excerpt":{"rendered":"<p>Dr. Kuo-Yen Wei* Los cient\u00edficos nos informan que el desarrollo industrial moderno ha causado concentraciones de di\u00f3xido de carbono en todo el mundo, que han excedido la capacidad de aguante de los ecosistemas naturales. No obstante, ello nos ha permitido ser testigos de lo que Adam Smith expon\u00eda en su Teor\u00eda de los Sentimientos Morales, [&hellip;]<\/p>\n","protected":false},"author":1,"featured_media":36668,"comment_status":"open","ping_status":"open","sticky":false,"template":"","format":"standard","meta":{"om_disable_all_campaigns":false,"_monsterinsights_skip_tracking":false,"_monsterinsights_sitenote_active":false,"_monsterinsights_sitenote_note":"","_monsterinsights_sitenote_category":0,"footnotes":""},"categories":[5,12],"tags":[],"class_list":["post-36667","post","type-post","status-publish","format-standard","has-post-thumbnail","hentry","category-mundo","category-blugs"],"aioseo_notices":[],"_links":{"self":[{"href":"https:\/\/elcronistadigital.com\/index.php?rest_route=\/wp\/v2\/posts\/36667","targetHints":{"allow":["GET"]}}],"collection":[{"href":"https:\/\/elcronistadigital.com\/index.php?rest_route=\/wp\/v2\/posts"}],"about":[{"href":"https:\/\/elcronistadigital.com\/index.php?rest_route=\/wp\/v2\/types\/post"}],"author":[{"embeddable":true,"href":"https:\/\/elcronistadigital.com\/index.php?rest_route=\/wp\/v2\/users\/1"}],"replies":[{"embeddable":true,"href":"https:\/\/elcronistadigital.com\/index.php?rest_route=%2Fwp%2Fv2%2Fcomments&post=36667"}],"version-history":[{"count":1,"href":"https:\/\/elcronistadigital.com\/index.php?rest_route=\/wp\/v2\/posts\/36667\/revisions"}],"predecessor-version":[{"id":36669,"href":"https:\/\/elcronistadigital.com\/index.php?rest_route=\/wp\/v2\/posts\/36667\/revisions\/36669"}],"wp:featuredmedia":[{"embeddable":true,"href":"https:\/\/elcronistadigital.com\/index.php?rest_route=\/wp\/v2\/media\/36668"}],"wp:attachment":[{"href":"https:\/\/elcronistadigital.com\/index.php?rest_route=%2Fwp%2Fv2%2Fmedia&parent=36667"}],"wp:term":[{"taxonomy":"category","embeddable":true,"href":"https:\/\/elcronistadigital.com\/index.php?rest_route=%2Fwp%2Fv2%2Fcategories&post=36667"},{"taxonomy":"post_tag","embeddable":true,"href":"https:\/\/elcronistadigital.com\/index.php?rest_route=%2Fwp%2Fv2%2Ftags&post=36667"}],"curies":[{"name":"wp","href":"https:\/\/api.w.org\/{rel}","templated":true}]}}