{"id":3670,"date":"2011-08-28T13:11:03","date_gmt":"2011-08-28T19:11:03","guid":{"rendered":"http:\/\/elcronistadigital.com\/?p=3670"},"modified":"2011-08-28T13:11:03","modified_gmt":"2011-08-28T19:11:03","slug":"%e2%80%9cdejen-de-mimar-a-los-ricos%e2%80%9d","status":"publish","type":"post","link":"https:\/\/elcronistadigital.com\/?p=3670","title":{"rendered":"\u201cDejen de mimar a los ricos\u201d"},"content":{"rendered":"<p><div id=\"attachment_3671\" style=\"width: 310px\" class=\"wp-caption alignright\"><a href=\"https:\/\/elcronistadigital.com\/?attachment_id=3671\" rel=\"attachment wp-att-3671\"><img loading=\"lazy\" decoding=\"async\" aria-describedby=\"caption-attachment-3671\" src=\"https:\/\/elcronistadigital.com\/wp-content\/uploads\/2011\/08\/Warren-Buffett-300x210.jpg\" alt=\"\" title=\"Warren-Buffett\" width=\"300\" height=\"210\" class=\"size-medium wp-image-3671\" srcset=\"https:\/\/elcronistadigital.com\/wp-content\/uploads\/2011\/08\/Warren-Buffett-300x210.jpg 300w, https:\/\/elcronistadigital.com\/wp-content\/uploads\/2011\/08\/Warren-Buffett-342x239.jpg 342w, https:\/\/elcronistadigital.com\/wp-content\/uploads\/2011\/08\/Warren-Buffett.jpg 400w\" sizes=\"auto, (max-width: 300px) 100vw, 300px\" \/><\/a><p id=\"caption-attachment-3671\" class=\"wp-caption-text\">Warren Buffett, el multimillonario estadunidense. <\/p><\/div>Todo empez\u00f3 el 14 de agosto cuando el multimillonario estadunidense Warren Buffett public\u00f3 en The New York Times el art\u00edculo Stop Coddling the Super-Rich, donde reiteraba su peculiar punto de vista sobre la riqueza.<\/p>\n<p>Ah\u00ed, el tercer hombre m\u00e1s rico del mundo, increp\u00f3 al Congreso de su pa\u00eds pidi\u00e9ndole, palabras m\u00e1s, palabras menos, que dejara \u201cde mimar a los s\u00faper ricos\u201d y les aumentaran los impuestos. Warren no es un guerrillero trasnochado, ni un profesor izquierdista mimetizado. Tampoco un \u201cviejo amigo\u201d de Fidel, Daniel Ortega o Ch\u00e1vez. Warren tiene, de acuerdo a Forbes, una fortuna de 50 mil millones de d\u00f3lares.<\/p>\n<p>No critica al otro, al ajeno, sino al que le mira de frente en su propio espejo: \u201cMientras los pobres y la gente de la clase media combaten por nosotros en Afganist\u00e1n, mientras la mayor\u00eda de los estadunidenses luchan para sobrevivir mes a mes, nosotros, los mega ricos, continuamos teniendo nuestras extraordinarias exenciones fiscales\u201d.<\/p>\n<p>Buffett da n\u00fameros para dimensionar su propia indignaci\u00f3n: el a\u00f1o pasado pag\u00f3 el equivalente a 17.4 % en impuesto sobre la renta en comparaci\u00f3n con muchos de sus empleados (que jam\u00e1s alcanzar\u00edan el t\u00edtulo de millonarios) que pagaron, en promedio, 36%.<\/p>\n<p>El art\u00edculo de Buffett no tuvo mucho eco en EU pero si en Francia.<\/p>\n<p>Encabezados por la mujer m\u00e1s rica de Francia, Liliane Bettencourt, 16 directores generales y los principales accionistas de las firmas m\u00e1s importantes del pa\u00eds europeo le han ofrecido al gobierno de Nicolas Sarkozy pagar m\u00e1s impuestos.<\/p>\n<p>En una carta publicada en el sitio de internet de Le Nouvel Observateur, las grandes fortunas afirman: \u201cNosotros, presidentes y directivos de empresas, hombres y mujeres de negocios, financieros, profesionales o ricos, pedimos la instauraci\u00f3n de una contribuci\u00f3n especial que afectar\u00e1 a los contribuyentes franceses m\u00e1s favorecidos\u201d.<\/p>\n<p>Ah\u00ed, firmando, est\u00e1n los grandes que dirigen L\u2019Or\u00e9al, Total, Soci\u00e9t\u00e9 G\u00e9n\u00e9rale, Peugeot Citro\u00ebn, Danone, AstraZeneca y Air France-KLM, entre las empresas m\u00e1s reconocidas.<\/p>\n<p>\u00bfC\u00f3mo responder\u00e1n el Tea Party y el El\u00edseo?<\/p>\n<p>De T\u00e1cticas y Estrategias<br \/>\nHoracio Besson<\/p>\n","protected":false},"excerpt":{"rendered":"<p>Todo empez\u00f3 el 14 de agosto cuando el multimillonario estadunidense Warren Buffett public\u00f3 en The New York Times el art\u00edculo Stop Coddling the Super-Rich, donde reiteraba su peculiar punto de vista sobre la riqueza. Ah\u00ed, el tercer hombre m\u00e1s rico del mundo, increp\u00f3 al Congreso de su pa\u00eds pidi\u00e9ndole, palabras m\u00e1s, palabras menos, que dejara [&hellip;]<\/p>\n","protected":false},"author":1,"featured_media":3671,"comment_status":"open","ping_status":"open","sticky":false,"template":"","format":"standard","meta":{"om_disable_all_campaigns":false,"_monsterinsights_skip_tracking":false,"_monsterinsights_sitenote_active":false,"_monsterinsights_sitenote_note":"","_monsterinsights_sitenote_category":0,"footnotes":""},"categories":[3,13],"tags":[],"class_list":["post-3670","post","type-post","status-publish","format-standard","has-post-thumbnail","hentry","category-nacionales","category-portada"],"aioseo_notices":[],"_links":{"self":[{"href":"https:\/\/elcronistadigital.com\/index.php?rest_route=\/wp\/v2\/posts\/3670","targetHints":{"allow":["GET"]}}],"collection":[{"href":"https:\/\/elcronistadigital.com\/index.php?rest_route=\/wp\/v2\/posts"}],"about":[{"href":"https:\/\/elcronistadigital.com\/index.php?rest_route=\/wp\/v2\/types\/post"}],"author":[{"embeddable":true,"href":"https:\/\/elcronistadigital.com\/index.php?rest_route=\/wp\/v2\/users\/1"}],"replies":[{"embeddable":true,"href":"https:\/\/elcronistadigital.com\/index.php?rest_route=%2Fwp%2Fv2%2Fcomments&post=3670"}],"version-history":[{"count":2,"href":"https:\/\/elcronistadigital.com\/index.php?rest_route=\/wp\/v2\/posts\/3670\/revisions"}],"predecessor-version":[{"id":3673,"href":"https:\/\/elcronistadigital.com\/index.php?rest_route=\/wp\/v2\/posts\/3670\/revisions\/3673"}],"wp:featuredmedia":[{"embeddable":true,"href":"https:\/\/elcronistadigital.com\/index.php?rest_route=\/wp\/v2\/media\/3671"}],"wp:attachment":[{"href":"https:\/\/elcronistadigital.com\/index.php?rest_route=%2Fwp%2Fv2%2Fmedia&parent=3670"}],"wp:term":[{"taxonomy":"category","embeddable":true,"href":"https:\/\/elcronistadigital.com\/index.php?rest_route=%2Fwp%2Fv2%2Fcategories&post=3670"},{"taxonomy":"post_tag","embeddable":true,"href":"https:\/\/elcronistadigital.com\/index.php?rest_route=%2Fwp%2Fv2%2Ftags&post=3670"}],"curies":[{"name":"wp","href":"https:\/\/api.w.org\/{rel}","templated":true}]}}