{"id":36748,"date":"2014-12-01T06:27:13","date_gmt":"2014-12-01T12:27:13","guid":{"rendered":"http:\/\/elcronistadigital.com\/?p=36748"},"modified":"2014-12-01T06:27:13","modified_gmt":"2014-12-01T12:27:13","slug":"mexico-recomienda-migracion-ordenada","status":"publish","type":"post","link":"https:\/\/elcronistadigital.com\/?p=36748","title":{"rendered":"M\u00e9xico recomienda migraci\u00f3n ordenada"},"content":{"rendered":"<p><strong><a href=\"https:\/\/elcronistadigital.com\/?attachment_id=36749\" rel=\"attachment wp-att-36749\"><img loading=\"lazy\" decoding=\"async\" class=\"alignleft size-medium wp-image-36749\" alt=\"migrantes\" src=\"https:\/\/elcronistadigital.com\/wp-content\/uploads\/2014\/12\/migrantes-300x185.jpg\" width=\"300\" height=\"185\" srcset=\"https:\/\/elcronistadigital.com\/wp-content\/uploads\/2014\/12\/migrantes-300x185.jpg 300w, https:\/\/elcronistadigital.com\/wp-content\/uploads\/2014\/12\/migrantes-342x211.jpg 342w, https:\/\/elcronistadigital.com\/wp-content\/uploads\/2014\/12\/migrantes.jpg 630w\" sizes=\"auto, (max-width: 300px) 100vw, 300px\" \/><\/a>* Desde Managua, nueva presidenta de organismo regional se pronunci\u00f3 por un desplazamiento en condiciones de absoluta dignidad para extranjeros que transitan por la naci\u00f3n azteca<\/strong><\/p>\n<p>Al recibir la Presidencia Pro T\u00e9mpore de la Conferencia Regional sobre Migraci\u00f3n (CRM), la subsecretaria de Poblaci\u00f3n, Migraci\u00f3n y Asuntos Religiosos de la Secretar\u00eda de Gobernaci\u00f3n, Mercedes del Carmen Guill\u00e9n Vicente, asent\u00f3 la necesidad de trabajar por una migraci\u00f3n ordenada que genere condiciones de absoluta dignidad para los extranjeros que transitan por M\u00e9xico.<\/p>\n<p>Ante representantes de la Conferencia Regional sobre Migraci\u00f3n (Belice, Canad\u00e1, Costa Rica, El Salvador, Estados Unidos, Guatemala, Honduras, M\u00e9xico, Nicaragua, Panam\u00e1 y Rep\u00fablica Dominicana), coment\u00f3 que con la puesta en marcha del programa Frontera Sur se ha avanzado en la instrumentaci\u00f3n de esquemas efectivos de movilidad documentada y legal de personas en el pa\u00eds, seg\u00fan publica El Universal.<\/p>\n<p>\u00abAs\u00ed como en el reforzamiento en la emisi\u00f3n de Tarjetas de Visitante Regional (TVR) y Trabajador Fronterizo para que los nacionales de los pa\u00edses vecinos puedan visitar los estados de la frontera sur de M\u00e9xico de forma documentada, ordenada y gratuita\u00bb, agreg\u00f3.<\/p>\n<p>En la ceremonia celebrada en la ciudad de Managua, Nicaragua, Mercedes Guill\u00e9n resalt\u00f3 el apoyo que reciben los mexicanos que retornan a su pa\u00eds a trav\u00e9s del programa Somos Mexicanos, el cual les brinda opciones de trabajo, la posibilidad de obtener un documento de identidad, un seguro de salud, traslados a albergues y boletos de transporte para retornar a sus lugares de destino.<\/p>\n<p>Una de las tareas a cargo de la Presidencia Pro T\u00e9mpore consiste en capacitar a funcionarios de los pa\u00edses miembros de la Conferencia Regional en materia migratoria; acci\u00f3n que se llevar\u00e1 a cabo en enero del 2015, tras el anuncio de las medidas contenidas en la denominada \u00abAcci\u00f3n Ejecutiva de Responsabilidad por la Inmigraci\u00f3n\u00bb presentadas por el presidente de Estados Unidos, Barack Obama.<\/p>\n","protected":false},"excerpt":{"rendered":"<p>* Desde Managua, nueva presidenta de organismo regional se pronunci\u00f3 por un desplazamiento en condiciones de absoluta dignidad para extranjeros que transitan por la naci\u00f3n azteca Al recibir la Presidencia Pro T\u00e9mpore de la Conferencia Regional sobre Migraci\u00f3n (CRM), la subsecretaria de Poblaci\u00f3n, Migraci\u00f3n y Asuntos Religiosos de la Secretar\u00eda de Gobernaci\u00f3n, Mercedes del Carmen [&hellip;]<\/p>\n","protected":false},"author":1,"featured_media":36749,"comment_status":"open","ping_status":"open","sticky":false,"template":"","format":"standard","meta":{"om_disable_all_campaigns":false,"_monsterinsights_skip_tracking":false,"_monsterinsights_sitenote_active":false,"_monsterinsights_sitenote_note":"","_monsterinsights_sitenote_category":0,"footnotes":""},"categories":[16,3524],"tags":[],"class_list":["post-36748","post","type-post","status-publish","format-standard","has-post-thumbnail","hentry","category-migrante","category-noticas"],"aioseo_notices":[],"_links":{"self":[{"href":"https:\/\/elcronistadigital.com\/index.php?rest_route=\/wp\/v2\/posts\/36748","targetHints":{"allow":["GET"]}}],"collection":[{"href":"https:\/\/elcronistadigital.com\/index.php?rest_route=\/wp\/v2\/posts"}],"about":[{"href":"https:\/\/elcronistadigital.com\/index.php?rest_route=\/wp\/v2\/types\/post"}],"author":[{"embeddable":true,"href":"https:\/\/elcronistadigital.com\/index.php?rest_route=\/wp\/v2\/users\/1"}],"replies":[{"embeddable":true,"href":"https:\/\/elcronistadigital.com\/index.php?rest_route=%2Fwp%2Fv2%2Fcomments&post=36748"}],"version-history":[{"count":1,"href":"https:\/\/elcronistadigital.com\/index.php?rest_route=\/wp\/v2\/posts\/36748\/revisions"}],"predecessor-version":[{"id":36750,"href":"https:\/\/elcronistadigital.com\/index.php?rest_route=\/wp\/v2\/posts\/36748\/revisions\/36750"}],"wp:featuredmedia":[{"embeddable":true,"href":"https:\/\/elcronistadigital.com\/index.php?rest_route=\/wp\/v2\/media\/36749"}],"wp:attachment":[{"href":"https:\/\/elcronistadigital.com\/index.php?rest_route=%2Fwp%2Fv2%2Fmedia&parent=36748"}],"wp:term":[{"taxonomy":"category","embeddable":true,"href":"https:\/\/elcronistadigital.com\/index.php?rest_route=%2Fwp%2Fv2%2Fcategories&post=36748"},{"taxonomy":"post_tag","embeddable":true,"href":"https:\/\/elcronistadigital.com\/index.php?rest_route=%2Fwp%2Fv2%2Ftags&post=36748"}],"curies":[{"name":"wp","href":"https:\/\/api.w.org\/{rel}","templated":true}]}}