{"id":3687,"date":"2011-08-30T08:55:10","date_gmt":"2011-08-30T14:55:10","guid":{"rendered":"http:\/\/elcronistadigital.com\/?p=3687"},"modified":"2011-08-30T08:55:10","modified_gmt":"2011-08-30T14:55:10","slug":"el-cartel-de-los-beltran-leyva","status":"publish","type":"post","link":"https:\/\/elcronistadigital.com\/?p=3687","title":{"rendered":"El C\u00e1rtel de los Beltr\u00e1n Leyva"},"content":{"rendered":"<p><a href=\"https:\/\/elcronistadigital.com\/?attachment_id=3689\" rel=\"attachment wp-att-3689\"><img loading=\"lazy\" decoding=\"async\" src=\"https:\/\/elcronistadigital.com\/wp-content\/uploads\/2011\/08\/Los-Beltr\u00e1n-Leyva1.png\" alt=\"\" title=\"Los Beltr\u00e1n Leyva\" width=\"208\" height=\"243\" class=\"alignright size-full wp-image-3689\" \/><\/a>Se conoce tambi\u00e9n como C\u00e1rtel del Pac\u00edfico Sur. Lo fundaron en el 2008, ya como un grupo independiente, los hermanos Alfredo, H\u00e9ctor, Marcos Arturo, Mario Alberto y Carlos Beltr\u00e1n Leyva, nacidos en La Palma, municipio de Badiraguato, Sinaloa, e hijos de Carlos Beltr\u00e1n Araujo y Ramona Leyva G\u00e1mez, padres de ocho hijos. Al negocio de las drogas entraron al final de los 80.<\/p>\n<p>En sus inicios, los Beltr\u00e1n Leyva trabajaron para el C\u00e1rtel de Ju\u00e1rez, pero al escapar Joaqu\u00edn Guzm\u00e1n Loera El Chapo de la c\u00e1rcel en el 2001 se relacionaron con \u00e9l. En el 2004 establecieron una alianza formal con el C\u00e1rtel del Pac\u00edfico. Quien ha analizado al grupo, dice que aunque trabajaban para otros, siempre \u201csumaban para su causa\u201d. El acuerdo se rompi\u00f3 en enero del 2008, cuando fue arrestado Alfredo Beltr\u00e1n Leyva El Mochomo. Sus hermanos acusaron a El Chapo, l\u00edder del c\u00e1rtel, de traici\u00f3n.<\/p>\n<p>En s\u00f3lo tres a\u00f1os como c\u00e1rtel aut\u00f3nomo, cuatro de los cinco fundadores han perdido la vida o han sido arrestados por fuerzas federales. En diciembre del 2009 fue abatido Marcos Arturo Beltr\u00e1n Leyva El Barbas en Cuernavaca por la Marina. En enero del 2010, Carlos fue arrestado por la Polic\u00eda Federal en Culiac\u00e1n y en agosto de ese mismo a\u00f1o fue detenido H\u00e9ctor El H en Puebla por la Marina. A la ca\u00edda de El Barbas, se hizo cargo del liderazgo del c\u00e1rtel H\u00e9ctor Beltr\u00e1n Leyva El H. En ese momento, Edgar Valdez Villarreal, La Barbie, nacido en Estados Unidos y responsable de los sicarios del grupo, rompi\u00f3 con El H y actu\u00f3 por cuenta propia con apoyo de Gerardo \u00c1lvarez V\u00e1zquez El Indio y Jorge Balderas Garza El JJ en lo que llamaron el C\u00e1rtel Independiente del Pac\u00edfico. El Indio fue apresado en abril del 2010 y La Barbie en agosto. Hay dudas de si se entreg\u00f3 o fue detenido. El JJ, quien agredi\u00f3 al futbolista Salvador Caba\u00f1as, fue arrestado en enero del 2011.<\/p>\n<p>La Polic\u00eda del Estado de M\u00e9xico detuvo a \u00d3scar Oswaldo Garc\u00eda Montoya El Compayito, quien dirig\u00eda al grupo armado La Mano con Ojos en agosto del 2011. En su versi\u00f3n, cuando apresan a El Indio y La Barbie, se qued\u00f3 con el control de parte del Estado de M\u00e9xico, que le intent\u00f3 arrebatar El JJ.<\/p>\n<p>En septiembre del 2010 la Marina captur\u00f3 a Sergio Villarreal Barrag\u00e1n, El Grande, quien seg\u00fan las autoridades se desempe\u00f1aba como la mano derecha de El H y el segundo al mando tras el rompimiento de La Barbie con \u00e9ste. El Grande siempre dijo que La Barbie traicion\u00f3 a El Barbas y que eso lo llev\u00f3 a la muerte.<\/p>\n<p>El \u00fanico de los Beltr\u00e1n Leyva en libertad es Mario Alberto El General, quien ahora dirige al C\u00e1rtel. Las autoridades reconocen que tienen poca informaci\u00f3n de \u00e9l porque siempre ha mantenido un bajo perfil. En mayo del 2011 fue detenido Julio de Jes\u00fas Radilla Hern\u00e1ndez El Negro, quien seg\u00fan las autoridades federales era responsable en Morelos del C\u00e1rtel del Pac\u00edfico Sur. Sus hombres asesinaron al hijo de Javier Sicilia.<\/p>\n<p>El director t\u00e9cnico del Consejo Nacional de Seguridad, Alejandro Poir\u00e9, declar\u00f3 en agosto del 2011 que el C\u00e1rtel de los Beltr\u00e1n Leyva ya no era poderoso y estaba debilitado. En todo caso sigue actuando en un marco de divisiones y fraccionamientos que son los que le han permitido seguir existiendo. (Pr\u00f3ximo: El C\u00e1rtel del Milenio)<\/p>\n<p>Rub\u00e9n Aguilar Valenzuela<\/p>\n","protected":false},"excerpt":{"rendered":"<p>Se conoce tambi\u00e9n como C\u00e1rtel del Pac\u00edfico Sur. Lo fundaron en el 2008, ya como un grupo independiente, los hermanos Alfredo, H\u00e9ctor, Marcos Arturo, Mario Alberto y Carlos Beltr\u00e1n Leyva, nacidos en La Palma, municipio de Badiraguato, Sinaloa, e hijos de Carlos Beltr\u00e1n Araujo y Ramona Leyva G\u00e1mez, padres de ocho hijos. Al negocio de [&hellip;]<\/p>\n","protected":false},"author":1,"featured_media":3689,"comment_status":"open","ping_status":"open","sticky":false,"template":"","format":"standard","meta":{"om_disable_all_campaigns":false,"_monsterinsights_skip_tracking":false,"_monsterinsights_sitenote_active":false,"_monsterinsights_sitenote_note":"","_monsterinsights_sitenote_category":0,"footnotes":""},"categories":[3,13],"tags":[],"class_list":["post-3687","post","type-post","status-publish","format-standard","has-post-thumbnail","hentry","category-nacionales","category-portada"],"aioseo_notices":[],"_links":{"self":[{"href":"https:\/\/elcronistadigital.com\/index.php?rest_route=\/wp\/v2\/posts\/3687","targetHints":{"allow":["GET"]}}],"collection":[{"href":"https:\/\/elcronistadigital.com\/index.php?rest_route=\/wp\/v2\/posts"}],"about":[{"href":"https:\/\/elcronistadigital.com\/index.php?rest_route=\/wp\/v2\/types\/post"}],"author":[{"embeddable":true,"href":"https:\/\/elcronistadigital.com\/index.php?rest_route=\/wp\/v2\/users\/1"}],"replies":[{"embeddable":true,"href":"https:\/\/elcronistadigital.com\/index.php?rest_route=%2Fwp%2Fv2%2Fcomments&post=3687"}],"version-history":[{"count":2,"href":"https:\/\/elcronistadigital.com\/index.php?rest_route=\/wp\/v2\/posts\/3687\/revisions"}],"predecessor-version":[{"id":3691,"href":"https:\/\/elcronistadigital.com\/index.php?rest_route=\/wp\/v2\/posts\/3687\/revisions\/3691"}],"wp:featuredmedia":[{"embeddable":true,"href":"https:\/\/elcronistadigital.com\/index.php?rest_route=\/wp\/v2\/media\/3689"}],"wp:attachment":[{"href":"https:\/\/elcronistadigital.com\/index.php?rest_route=%2Fwp%2Fv2%2Fmedia&parent=3687"}],"wp:term":[{"taxonomy":"category","embeddable":true,"href":"https:\/\/elcronistadigital.com\/index.php?rest_route=%2Fwp%2Fv2%2Fcategories&post=3687"},{"taxonomy":"post_tag","embeddable":true,"href":"https:\/\/elcronistadigital.com\/index.php?rest_route=%2Fwp%2Fv2%2Ftags&post=3687"}],"curies":[{"name":"wp","href":"https:\/\/api.w.org\/{rel}","templated":true}]}}