{"id":3692,"date":"2011-08-30T12:23:47","date_gmt":"2011-08-30T18:23:47","guid":{"rendered":"http:\/\/elcronistadigital.com\/?p=3692"},"modified":"2011-08-30T12:23:47","modified_gmt":"2011-08-30T18:23:47","slug":"cambio-climatico-amenaza-diezmarnos","status":"publish","type":"post","link":"https:\/\/elcronistadigital.com\/?p=3692","title":{"rendered":"Cambio clim\u00e1tico amenaza diezmarnos"},"content":{"rendered":"<p><a href=\"https:\/\/elcronistadigital.com\/?attachment_id=3693\" rel=\"attachment wp-att-3693\"><img loading=\"lazy\" decoding=\"async\" src=\"https:\/\/elcronistadigital.com\/wp-content\/uploads\/2011\/08\/inundaciones-300x300.jpg\" alt=\"\" title=\"inundaciones\" width=\"300\" height=\"300\" class=\"alignright size-medium wp-image-3693\" srcset=\"https:\/\/elcronistadigital.com\/wp-content\/uploads\/2011\/08\/inundaciones-300x300.jpg 300w, https:\/\/elcronistadigital.com\/wp-content\/uploads\/2011\/08\/inundaciones-150x150.jpg 150w, https:\/\/elcronistadigital.com\/wp-content\/uploads\/2011\/08\/inundaciones-50x50.jpg 50w, https:\/\/elcronistadigital.com\/wp-content\/uploads\/2011\/08\/inundaciones-342x342.jpg 342w, https:\/\/elcronistadigital.com\/wp-content\/uploads\/2011\/08\/inundaciones-70x70.jpg 70w, https:\/\/elcronistadigital.com\/wp-content\/uploads\/2011\/08\/inundaciones-55x55.jpg 55w, https:\/\/elcronistadigital.com\/wp-content\/uploads\/2011\/08\/inundaciones.jpg 500w\" sizes=\"auto, (max-width: 300px) 100vw, 300px\" \/><\/a>El cambio clim\u00e1tico constituye una \u00abseria amenaza\u00bb para los pa\u00edses centroamericanos y hay que actuar de inmediato para reducir la pobreza y la vulnerabilidad de la mayor\u00eda de los 40 millones de habitantes, asegur\u00f3 este lunes un estudio presentado en San Salvador.<\/p>\n<p>Las onerosas proyecciones en p\u00e9rdidas y el impredecible saldo de v\u00edctimas si no se act\u00faa a tiempo, est\u00e1n contenidos en el estudio \u00abLa econom\u00eda del cambio clim\u00e1tico en Centroam\u00e9rica. Reporte t\u00e9cnico 2011\u00bb, que fue coordinado por la Comisi\u00f3n Econ\u00f3mica para Am\u00e9rica Latina (Cepal).<\/p>\n<p>\u00abEl cambio clim\u00e1tico es una seria amenaza para las sociedades centroamericanas por sus m\u00faltiples impactos previstos en la poblaci\u00f3n y en los sectores productivos\u00bb, dice la primera conclusi\u00f3n del estudio presentado por Julie Lennox, de la secci\u00f3n de Cambio Clim\u00e1tico de la Cepal en M\u00e9xico, y por el ministro salvadore\u00f1o de Medio Ambiente, Herman Rosa Ch\u00e1vez.<\/p>\n<p>Mitad de poblaci\u00f3n del Istmo en pobreza<\/p>\n<p>Seg\u00fan la investigaci\u00f3n, el reto de adaptaci\u00f3n al cambio clim\u00e1tico para Centroam\u00e9rica \u00abes altamente preocupante\u00bb porque exige \u00abredoblar esfuerzos para reducir la pobreza, la desigualdad y la vulnerabilidad socioecon\u00f3mica y ambiental\u00bb. Cerca de la mitad de la poblaci\u00f3n de Centroam\u00e9rica vive en condiciones de pobreza.<\/p>\n<p>En t\u00e9rminos fiscales, el impacto del cambio clim\u00e1tico constituye un pasivo que \u00abafectar\u00e1 las finanzas p\u00fablicas por varias generaciones\u00bb, advierte el informe. El estimado del costo acumulado al a\u00f1o 2100 \u00abequivale a 73.000 millones de d\u00f3lares corrientes o 52.000 millones de d\u00f3lares a precios de 2002, aproximadamente el 54% del PIB regional de 2008\u00bb, precisa el estudio.<\/p>\n<p>En las tres \u00faltimas d\u00e9cadas los desastres registran un crecimiento anual estimado de 5% respecto a la d\u00e9cada de los setenta. Hay consenso de que el aumento de la intensidad de los huracanes y las tormentas tropicales est\u00e1n asociados al cambio clim\u00e1tico.<\/p>\n<p>Proteger frijoles, ma\u00edz y tomates<\/p>\n<p>Los efectos ya observados \u00abconfirman que el cambio clim\u00e1tico es el mayor fracaso del mercado jam\u00e1s visto por no internalizar el valor del clima como bien p\u00fablico global\u00bb. \u00abTenemos alta vulnerabilidad, no podemos quedarnos de brazos cruzados y tenemos que actuar ya\u00bb, declar\u00f3 Lennox, a la AFP.<\/p>\n<p>La regi\u00f3n, seg\u00fan Lennox, debe adoptar medidas para lograr la seguridad alimentaria basada en la cultura agr\u00edcola ancestral del ma\u00edz, el frijol y el tomate. Esos productos, de acuerdo a la experta, se \u00abdeben proteger\u00bb para responder a los m\u00faltiples cambios que vienen de precipitaciones y temperaturas\u00bb.<\/p>\n<p>Responder a los efectos del cambio clim\u00e1tico, seg\u00fan el ministro Rosa Ch\u00e1vez, no se puede hacer con los precarios presupuestos corrientes de los Estados centroamericanos. \u00abPara nosotros el tema del financiamiento clim\u00e1tico es cr\u00edtico, porque necesitamos que comience un flujo significativo de recursos para catalizar esas transformaciones\u00bb, enfatiz\u00f3.<\/p>\n","protected":false},"excerpt":{"rendered":"<p>El cambio clim\u00e1tico constituye una \u00abseria amenaza\u00bb para los pa\u00edses centroamericanos y hay que actuar de inmediato para reducir la pobreza y la vulnerabilidad de la mayor\u00eda de los 40 millones de habitantes, asegur\u00f3 este lunes un estudio presentado en San Salvador. Las onerosas proyecciones en p\u00e9rdidas y el impredecible saldo de v\u00edctimas si no [&hellip;]<\/p>\n","protected":false},"author":1,"featured_media":3693,"comment_status":"open","ping_status":"open","sticky":false,"template":"","format":"standard","meta":{"om_disable_all_campaigns":false,"_monsterinsights_skip_tracking":false,"_monsterinsights_sitenote_active":false,"_monsterinsights_sitenote_note":"","_monsterinsights_sitenote_category":0,"footnotes":""},"categories":[3,13],"tags":[],"class_list":["post-3692","post","type-post","status-publish","format-standard","has-post-thumbnail","hentry","category-nacionales","category-portada"],"aioseo_notices":[],"_links":{"self":[{"href":"https:\/\/elcronistadigital.com\/index.php?rest_route=\/wp\/v2\/posts\/3692","targetHints":{"allow":["GET"]}}],"collection":[{"href":"https:\/\/elcronistadigital.com\/index.php?rest_route=\/wp\/v2\/posts"}],"about":[{"href":"https:\/\/elcronistadigital.com\/index.php?rest_route=\/wp\/v2\/types\/post"}],"author":[{"embeddable":true,"href":"https:\/\/elcronistadigital.com\/index.php?rest_route=\/wp\/v2\/users\/1"}],"replies":[{"embeddable":true,"href":"https:\/\/elcronistadigital.com\/index.php?rest_route=%2Fwp%2Fv2%2Fcomments&post=3692"}],"version-history":[{"count":2,"href":"https:\/\/elcronistadigital.com\/index.php?rest_route=\/wp\/v2\/posts\/3692\/revisions"}],"predecessor-version":[{"id":3695,"href":"https:\/\/elcronistadigital.com\/index.php?rest_route=\/wp\/v2\/posts\/3692\/revisions\/3695"}],"wp:featuredmedia":[{"embeddable":true,"href":"https:\/\/elcronistadigital.com\/index.php?rest_route=\/wp\/v2\/media\/3693"}],"wp:attachment":[{"href":"https:\/\/elcronistadigital.com\/index.php?rest_route=%2Fwp%2Fv2%2Fmedia&parent=3692"}],"wp:term":[{"taxonomy":"category","embeddable":true,"href":"https:\/\/elcronistadigital.com\/index.php?rest_route=%2Fwp%2Fv2%2Fcategories&post=3692"},{"taxonomy":"post_tag","embeddable":true,"href":"https:\/\/elcronistadigital.com\/index.php?rest_route=%2Fwp%2Fv2%2Ftags&post=3692"}],"curies":[{"name":"wp","href":"https:\/\/api.w.org\/{rel}","templated":true}]}}