{"id":3696,"date":"2011-08-30T12:54:51","date_gmt":"2011-08-30T18:54:51","guid":{"rendered":"http:\/\/elcronistadigital.com\/?p=3696"},"modified":"2011-08-30T12:54:51","modified_gmt":"2011-08-30T18:54:51","slug":"%e2%80%9cchamarrazo%e2%80%9d-de-pastora-en-caso-la-penca","status":"publish","type":"post","link":"https:\/\/elcronistadigital.com\/?p=3696","title":{"rendered":"\u201cChamarrazo\u201d de Pastora en caso La Penca"},"content":{"rendered":"<p><div id=\"attachment_3697\" style=\"width: 310px\" class=\"wp-caption alignright\"><a href=\"https:\/\/elcronistadigital.com\/?attachment_id=3697\" rel=\"attachment wp-att-3697\"><img loading=\"lazy\" decoding=\"async\" aria-describedby=\"caption-attachment-3697\" src=\"https:\/\/elcronistadigital.com\/wp-content\/uploads\/2011\/08\/TOMAS-BORGE-Y-EDEN-PASTORA.jpg\" alt=\"\" title=\"TOMAS BORGE Y EDEN PASTORA\" width=\"300\" height=\"258\" class=\"size-full wp-image-3697\" srcset=\"https:\/\/elcronistadigital.com\/wp-content\/uploads\/2011\/08\/TOMAS-BORGE-Y-EDEN-PASTORA.jpg 300w, https:\/\/elcronistadigital.com\/wp-content\/uploads\/2011\/08\/TOMAS-BORGE-Y-EDEN-PASTORA-234x200.jpg 234w\" sizes=\"auto, (max-width: 300px) 100vw, 300px\" \/><\/a><p id=\"caption-attachment-3697\" class=\"wp-caption-text\">Tom\u00e1s Borge y Ed\u00e9n Pastora, dos pol\u00e9micos sandinistas.<\/p><\/div>Est\u00e1 delirando Ed\u00e9n Pastora si cree que sus \u201chermanos\u201d del FSLN lo van a dejar enjuiciar al cineasta sueco Peter Torbi\u00f6rnsson por sus denuncias en el caso de La Penca. Peor a\u00fan que toque en un a\u00f1o electoral a Luis Carri\u00f3n Cruz, uno de los nueve comandantes de la revoluci\u00f3n de los a\u00f1os 80.<\/p>\n<p>Entre las atribuciones de Carri\u00f3n como viceministro del Interior en los a\u00f1os 80, estuvo la de atender la Seguridad del Estado, es decir, sabe demasiado. Es por eso que su dicho sobre el bombazo de La Penca tiene mucho peso.<\/p>\n<p>Con sabor a profilaxis<\/p>\n<p>Y si ahora afirma que su error fue no enfrentar a los que planificaron eliminar a Pastora, sugiere que aunque le informaron lo que ocurrir\u00eda, no le confiaron la direcci\u00f3n del atentado. Si llegaran a sentarlo en un juzgado, Carri\u00f3n Cruz, ahora dedicado a negocios privados podr\u00eda convertirse en un boomerang para sus ex compa\u00f1eros de lucha.<\/p>\n<p>Las amenazas de Pastora vertidas el lunes en una conferencia de prensa, tienen m\u00e1s de profilaxis que de cualquier otra cosa. Ni siquiera puso fecha a su acusaci\u00f3n ni dio a conocer el tribunal donde las evacuar\u00e1. <\/p>\n<p>El ex guerrillero nicarag\u00fcense dijo que acusar\u00e1 ante la justicia por \u201cterrorismo\u201d al periodista sueco por colaborar en un atentado perpetrado en su contra en 1984, cuando combat\u00eda al sandinismo, en el que murieron siete personas, entre ellos tres periodistas.<\/p>\n<p>\u201cYo no lo perdono nunca\u201d, dijo sobre el periodista y cineasta sueco Peter Torbi\u00f6rnsson, a quien calific\u00f3 como el \u201c\u00fanico sobreviviente\u201d entre los autores del atentado perpetrado durante una rueda de prensa el 30 de mayo de 1984 en La Penca, en la frontera entre Nicaragua y Costa Rica.<\/p>\n<p>\u00bfCu\u00e1l tribunal internacional?<\/p>\n<p>Pastora afirm\u00f3 que interpondr\u00e1 una acusaci\u00f3n contra Torbi\u00f6rnsson el martes o el mi\u00e9rcoles ante la Direcci\u00f3n de Auxilio Judicial de la Polic\u00eda nicarag\u00fcense y en un tribunal internacional, sin precisar cual, por \u201cterrorismo y lesa humanidad\u201d.<br \/>\nEl caso del atentado, perpetrado mientras Pastora combat\u00eda por las armas al gobierno revolucionario sandinista al que hab\u00eda ayudado a llegar al poder en 1979, cobr\u00f3 actualidad con la exhibici\u00f3n en cines de Managua del documental \u201cGoodbye Nicaragua\u201d (\u201cAdi\u00f3s Nicaragua\u201d), dirigido por Torbi\u00f6rnsson.<\/p>\n<p>\u201cTorbi\u00f6rnsson y el que puso la bomba (el fallecido argentino Roberto Vital Gaguines) son la misma cosa. \u00c9l es el que planea junto a Vital poner la bomba (\u2026), ahora viene a Nicaragua como que fuera confesionario: \u2018Me arrepiento\u2019; y pidiendo perd\u00f3n\u201d, declar\u00f3 Pastora a la AFP.<\/p>\n","protected":false},"excerpt":{"rendered":"<p>Est\u00e1 delirando Ed\u00e9n Pastora si cree que sus \u201chermanos\u201d del FSLN lo van a dejar enjuiciar al cineasta sueco Peter Torbi\u00f6rnsson por sus denuncias en el caso de La Penca. Peor a\u00fan que toque en un a\u00f1o electoral a Luis Carri\u00f3n Cruz, uno de los nueve comandantes de la revoluci\u00f3n de los a\u00f1os 80. Entre [&hellip;]<\/p>\n","protected":false},"author":1,"featured_media":3697,"comment_status":"open","ping_status":"open","sticky":false,"template":"","format":"standard","meta":{"om_disable_all_campaigns":false,"_monsterinsights_skip_tracking":false,"_monsterinsights_sitenote_active":false,"_monsterinsights_sitenote_note":"","_monsterinsights_sitenote_category":0,"footnotes":""},"categories":[3,13],"tags":[],"class_list":["post-3696","post","type-post","status-publish","format-standard","has-post-thumbnail","hentry","category-nacionales","category-portada"],"aioseo_notices":[],"_links":{"self":[{"href":"https:\/\/elcronistadigital.com\/index.php?rest_route=\/wp\/v2\/posts\/3696","targetHints":{"allow":["GET"]}}],"collection":[{"href":"https:\/\/elcronistadigital.com\/index.php?rest_route=\/wp\/v2\/posts"}],"about":[{"href":"https:\/\/elcronistadigital.com\/index.php?rest_route=\/wp\/v2\/types\/post"}],"author":[{"embeddable":true,"href":"https:\/\/elcronistadigital.com\/index.php?rest_route=\/wp\/v2\/users\/1"}],"replies":[{"embeddable":true,"href":"https:\/\/elcronistadigital.com\/index.php?rest_route=%2Fwp%2Fv2%2Fcomments&post=3696"}],"version-history":[{"count":2,"href":"https:\/\/elcronistadigital.com\/index.php?rest_route=\/wp\/v2\/posts\/3696\/revisions"}],"predecessor-version":[{"id":3699,"href":"https:\/\/elcronistadigital.com\/index.php?rest_route=\/wp\/v2\/posts\/3696\/revisions\/3699"}],"wp:featuredmedia":[{"embeddable":true,"href":"https:\/\/elcronistadigital.com\/index.php?rest_route=\/wp\/v2\/media\/3697"}],"wp:attachment":[{"href":"https:\/\/elcronistadigital.com\/index.php?rest_route=%2Fwp%2Fv2%2Fmedia&parent=3696"}],"wp:term":[{"taxonomy":"category","embeddable":true,"href":"https:\/\/elcronistadigital.com\/index.php?rest_route=%2Fwp%2Fv2%2Fcategories&post=3696"},{"taxonomy":"post_tag","embeddable":true,"href":"https:\/\/elcronistadigital.com\/index.php?rest_route=%2Fwp%2Fv2%2Ftags&post=3696"}],"curies":[{"name":"wp","href":"https:\/\/api.w.org\/{rel}","templated":true}]}}