{"id":3708,"date":"2011-08-30T16:24:35","date_gmt":"2011-08-30T22:24:35","guid":{"rendered":"http:\/\/elcronistadigital.com\/?p=3708"},"modified":"2011-08-30T16:24:35","modified_gmt":"2011-08-30T22:24:35","slug":"armas-pequenas-peligro-grande","status":"publish","type":"post","link":"https:\/\/elcronistadigital.com\/?p=3708","title":{"rendered":"Armas peque\u00f1as, peligro grande"},"content":{"rendered":"<p>La Organizaci\u00f3n de las Naciones Unidas (ONU) en su informe emitido en abril de este a\u00f1o,<a href=\"https:\/\/elcronistadigital.com\/?attachment_id=3709\" rel=\"attachment wp-att-3709\"><img loading=\"lazy\" decoding=\"async\" src=\"https:\/\/elcronistadigital.com\/wp-content\/uploads\/2011\/08\/armas-ligeras-300x216.jpg\" alt=\"\" title=\"armas ligeras\" width=\"300\" height=\"216\" class=\"alignright size-medium wp-image-3709\" srcset=\"https:\/\/elcronistadigital.com\/wp-content\/uploads\/2011\/08\/armas-ligeras-300x216.jpg 300w, https:\/\/elcronistadigital.com\/wp-content\/uploads\/2011\/08\/armas-ligeras-342x246.jpg 342w, https:\/\/elcronistadigital.com\/wp-content\/uploads\/2011\/08\/armas-ligeras-90x65.jpg 90w, https:\/\/elcronistadigital.com\/wp-content\/uploads\/2011\/08\/armas-ligeras.jpg 400w\" sizes=\"auto, (max-width: 300px) 100vw, 300px\" \/><\/a> recomend\u00f3 a sus miembros tener un control del uso de armas livianas en zonas conflictivas o propensas a convertirse en aquello.<\/p>\n<p>Para el secretario general de la ONU, Ban Ki-moon, el control de armas livianas en \u00e1reas de conflicto, post conflicto y propensas al conflicto es importante para identificar el origen del desv\u00edo de armas y municiones para fines il\u00edcitos. Alert\u00f3 que la violencia puede asumir \u00abproporciones asustadoras\u00bb en comunidades en que la circulaci\u00f3n de armas es grande.<\/p>\n<p>El secretario record\u00f3 que el informe de Pinheiro (Sergio), emitido en 2006, recomendaba que los pa\u00edses desarrollasen una amplia pol\u00edtica de prevenci\u00f3n para reducir la demanda y el acceso a las armas.<\/p>\n<p>De acuerdo con el informe del secretario, el control de arsenales de municiones convencionales es tambi\u00e9n un grave problema ya que el deficiente trabajo de supervisi\u00f3n hace que se abastezcan de los mercados ilegales.<\/p>\n<p>F\u00e1cil acceso a municiones<\/p>\n<p>El f\u00e1cil acceso a municiones es \u00abun factor clave\u00bb para permitir todas las maneras de violencia armada, incluyendo la delincuencia. Adem\u00e1s, en las \u00faltimas d\u00e9cadas, explosiones accidentales provocadas por el almacenaje o manejo inadecuado de arsenales de municiones ocurrieron en m\u00e1s de 50 pa\u00edses, lo que dej\u00f3 un elevado n\u00famero de v\u00edctimas y provoc\u00f3 la destrucci\u00f3n de la infraestructura y afect\u00f3 el medio ambiente.<\/p>\n<p>Seg\u00fan el experto mexicano Marco Lara Klahr, el crimen organizado utiliza las rutas (transfronterizas) para enviar droga, armas y municiones, personas, dinero y veh\u00edculos. En muchas ocasiones, la utilizaci\u00f3n y seguridad de las rutas son pagadas con armas a los grupos locales.<\/p>\n<p>Otra fuente de armas. A mediados de julio, la agencia de noticias EFE difundi\u00f3 el informe del Instituto de Estudios Internacionales y de Desarrollo (Ginebra), en el que se se\u00f1ala que los agentes de seguridad privada de Am\u00e9rica Latina son los m\u00e1s armados del mundo, con una tasa de posesi\u00f3n de armas por empleado 10 veces superior a la de Europa occidental.<\/p>\n<p>Expansi\u00f3n de seguridad privada<\/p>\n<p>El estudio refleja la expansi\u00f3n que ha tenido la seguridad privada en los \u00faltimos 20 a\u00f1os hasta que existen en la actualidad alrededor 20 millones de personas, casi el doble de los polic\u00edas en servicio activo, involucradas en ese sector.<\/p>\n<p>El director de la investigaci\u00f3n, Robert Muggah, afirm\u00f3: \u00abLatinoam\u00e9rica y, en particular, Centroam\u00e9rica tienen los niveles de violencia m\u00e1s altos del mundo, con unas tasas que multiplican por seis la media mundial\u00bb.<\/p>\n<p>Muggah dijo que en la regi\u00f3n \u00abexiste la tradici\u00f3n de potenciar la seguridad privada para sustituir a la Polic\u00eda en la protecci\u00f3n de bancos, barrios e individuos, con un amplio abanico de actividades\u00bb.<\/p>\n<p>El Ecuador no se encuentra ajeno a esta realidad de la regi\u00f3n, donde se ha incrementado la violencia, y las empresas de seguridad privada ten\u00edan 40 380 agentes y hab\u00eda 42 600 polic\u00edas.<\/p>\n<p>Guatemala es el pa\u00eds con m\u00e1s altos \u00edndices de este fen\u00f3meno. Hab\u00eda 120 mil agentes privados frente a 19 900 polic\u00edas para velar por la seguridad de 12,7 millones de habitantes, seg\u00fan datos del a\u00f1o 2008. Es decir, por cada seis agentes privados, hay un polic\u00eda, y fue la mayor desproporci\u00f3n de los 70 pa\u00edses analizados en el informe.<\/p>\n<p>En la lista, siguen Honduras, donde hay 60 mil agentes privados y 12 300 polic\u00edas; Nicaragua, que cuenta con 19 700 agentes y 9 200 polic\u00edas. Les siguen Panam\u00e1 y Costa Rica.<\/p>\n<p>En Sudam\u00e9rica el orden es Argentina, Colombia Chile, etc.<\/p>\n<p>ONU: la prevenci\u00f3n es la mejor v\u00eda<\/p>\n<p>Seg\u00fan el resumen del informe emitido por la Organizaci\u00f3n de las Naciones Unidas (ONU) de 2008 sobre el tema de la seguridad, se se\u00f1ala que en la mayor\u00eda de los conflictos actuales se utilizan armas peque\u00f1as y ligeras.<\/p>\n<p>Estas armas se usan ampliamente en conflictos entre Estados, y son las armas preferidas en las guerras civiles y en el terrorismo, la delincuencia organizada y la guerra entre bandas.<\/p>\n<p>Las l\u00edneas divisorias entre el subdesarrollo, la inestabilidad, la fragilidad, el conflicto y la guerra se desdibuja cada vez m\u00e1s; por tanto, la prevenci\u00f3n de conflictos, la soluci\u00f3n de los mismos y la consolidaci\u00f3n de la paz requieren respuestas multidimensionales.<\/p>\n","protected":false},"excerpt":{"rendered":"<p>La Organizaci\u00f3n de las Naciones Unidas (ONU) en su informe emitido en abril de este a\u00f1o, recomend\u00f3 a sus miembros tener un control del uso de armas livianas en zonas conflictivas o propensas a convertirse en aquello. Para el secretario general de la ONU, Ban Ki-moon, el control de armas livianas en \u00e1reas de conflicto, [&hellip;]<\/p>\n","protected":false},"author":1,"featured_media":3709,"comment_status":"open","ping_status":"open","sticky":false,"template":"","format":"standard","meta":{"om_disable_all_campaigns":false,"_monsterinsights_skip_tracking":false,"_monsterinsights_sitenote_active":false,"_monsterinsights_sitenote_note":"","_monsterinsights_sitenote_category":0,"footnotes":""},"categories":[13],"tags":[],"class_list":["post-3708","post","type-post","status-publish","format-standard","has-post-thumbnail","hentry","category-portada"],"aioseo_notices":[],"_links":{"self":[{"href":"https:\/\/elcronistadigital.com\/index.php?rest_route=\/wp\/v2\/posts\/3708","targetHints":{"allow":["GET"]}}],"collection":[{"href":"https:\/\/elcronistadigital.com\/index.php?rest_route=\/wp\/v2\/posts"}],"about":[{"href":"https:\/\/elcronistadigital.com\/index.php?rest_route=\/wp\/v2\/types\/post"}],"author":[{"embeddable":true,"href":"https:\/\/elcronistadigital.com\/index.php?rest_route=\/wp\/v2\/users\/1"}],"replies":[{"embeddable":true,"href":"https:\/\/elcronistadigital.com\/index.php?rest_route=%2Fwp%2Fv2%2Fcomments&post=3708"}],"version-history":[{"count":2,"href":"https:\/\/elcronistadigital.com\/index.php?rest_route=\/wp\/v2\/posts\/3708\/revisions"}],"predecessor-version":[{"id":3711,"href":"https:\/\/elcronistadigital.com\/index.php?rest_route=\/wp\/v2\/posts\/3708\/revisions\/3711"}],"wp:featuredmedia":[{"embeddable":true,"href":"https:\/\/elcronistadigital.com\/index.php?rest_route=\/wp\/v2\/media\/3709"}],"wp:attachment":[{"href":"https:\/\/elcronistadigital.com\/index.php?rest_route=%2Fwp%2Fv2%2Fmedia&parent=3708"}],"wp:term":[{"taxonomy":"category","embeddable":true,"href":"https:\/\/elcronistadigital.com\/index.php?rest_route=%2Fwp%2Fv2%2Fcategories&post=3708"},{"taxonomy":"post_tag","embeddable":true,"href":"https:\/\/elcronistadigital.com\/index.php?rest_route=%2Fwp%2Fv2%2Ftags&post=3708"}],"curies":[{"name":"wp","href":"https:\/\/api.w.org\/{rel}","templated":true}]}}