{"id":37182,"date":"2014-12-30T13:02:36","date_gmt":"2014-12-30T19:02:36","guid":{"rendered":"http:\/\/elcronistadigital.com\/?p=37182"},"modified":"2014-12-30T13:02:36","modified_gmt":"2014-12-30T19:02:36","slug":"trampas-en-test-para-obtener-nacionalidad-espanola","status":"publish","type":"post","link":"https:\/\/elcronistadigital.com\/?p=37182","title":{"rendered":"Trampas en test para obtener nacionalidad espa\u00f1ola"},"content":{"rendered":"<p><a href=\"https:\/\/elcronistadigital.com\/?attachment_id=37183\" rel=\"attachment wp-att-37183\"><img loading=\"lazy\" decoding=\"async\" class=\"alignleft size-medium wp-image-37183\" alt=\"test\" src=\"https:\/\/elcronistadigital.com\/wp-content\/uploads\/2014\/12\/test-300x161.jpg\" width=\"300\" height=\"161\" srcset=\"https:\/\/elcronistadigital.com\/wp-content\/uploads\/2014\/12\/test-300x161.jpg 300w, https:\/\/elcronistadigital.com\/wp-content\/uploads\/2014\/12\/test-342x183.jpg 342w, https:\/\/elcronistadigital.com\/wp-content\/uploads\/2014\/12\/test.jpg 646w\" sizes=\"auto, (max-width: 300px) 100vw, 300px\" \/><\/a>* \u00ab\u00bfCu\u00e1l es el m\u00e1ximo exponente del modernismo espa\u00f1ol?\u00bb (\u2026) \u00bfSer\u00e1 Antonio Machado o Antoni Gaud\u00ed? \u00bfO tal vez hay un error de redacci\u00f3n en la prueba y se trata del nicarag\u00fcense Rub\u00e9n Dar\u00edo, considerado como el m\u00e1ximo representante del modernismo en espa\u00f1ol?<\/p>\n<p>David Placer<br \/>\nEconom\u00eda Digital<\/p>\n<p>\u00ab\u00bfCu\u00e1l es el m\u00e1ximo exponente del modernismo espa\u00f1ol?\u00bb As\u00ed, sin mayor detalle, sin especificar si se trata de literatura, pintura o arquitectura, los chinos, ecuatorianos y paquistan\u00edes que se han presentado en los \u00faltimos ex\u00e1menes para obtener la nacionalidad espa\u00f1ola tuvieron m\u00e1s dudas de las normales. \u00bfSer\u00e1 Antonio Machado o Antoni Gaud\u00ed? \u00bfO tal vez hay un error de redacci\u00f3n en la prueba y se trata del nicarag\u00fcense Rub\u00e9n Dar\u00edo, considerado como el m\u00e1ximo representante del modernismo en espa\u00f1ol?<\/p>\n<p>Los nuevos ex\u00e1menes para obtener la nacionalidad espa\u00f1ola generan pol\u00e9mica en cada presentaci\u00f3n. Contienen preguntas amplias y gen\u00e9ricas en las que caben muchas respuestas. \u00ab\u00bfEn qu\u00e9 a\u00f1o muri\u00f3 Franco y qu\u00e9 pas\u00f3 despu\u00e9s?\u00bb, fue una de las \u00faltimas preguntas en las pruebas a las que ha tenido acceso este medio.<\/p>\n<p>Alta conflictividad<\/p>\n<p>Hasta ahora, ninguna norma regula la prueba para obtener la nacionalidad espa\u00f1ola. Aunque el examen tampoco est\u00e1 prohibido, los abogados y expertos en extranjer\u00eda se quejan de que no existe una normativa clara para desarrollar este examen vital para miles de inmigrantes que aspiran ser ciudadanos de pleno derecho.<\/p>\n<p>En la prueba no se especifica la cantidad de puntos que debe obtener el aspirante, ni la cantidad de preguntas que puede fallar ni si quiera cu\u00e1nto vale cada respuesta. Algunas de las preguntas, que llegan a inducir a error, han terminado en los juzgados. \u00ab\u00bfQu\u00e9 r\u00edo atraviesa Zaragoza y Barcelona?\u00bb, ha sido una de las \u00faltimas preguntas que sugiere una respuesta falsa.<\/p>\n<p>Muchos aspirantes que no han pasado la prueba han llevado el nuevo requisito a los juzgados. El Tribunal Supremo ya ha dictado jurisprudencia al advertir que un aspirante a la nacionalidad analfabeto no puede ser discriminado por esta raz\u00f3n. Es decir, el hecho de que desconozca buena parte de las preguntas y que sea incapaz de realizar la prueba escrita no es motivo suficiente para la denegaci\u00f3n de la nacionalidad.<\/p>\n<p>El examen ha dejado una alta conflictividad que el Gobierno intentar\u00e1 reducir con un Real Decreto a trav\u00e9s del cual se prev\u00e9 que el Instituto Cervantes se haga cargo de unos criterios claros y homog\u00e9neos en las pruebas que a veces preguntan por los postres de una comunidad aut\u00f3noma y otras por los afluentes de los principales r\u00edos.<\/p>\n<p>El ejemplo del norte<\/p>\n<p>El Consejo General del Poder Judicial ha instado al Gobierno a \u00abconcretar los elementos esenciales\u00bb de conocimientos de lengua y cultura espa\u00f1ola que deben contener las pruebas. El \u00f3rgano de gobierno de los jueces espa\u00f1oles reclama una regulaci\u00f3n concreta como la que se aplica en pa\u00edses con m\u00e1s tradici\u00f3n migratoria como Estados Unidos, Reino Unido y Francia.<\/p>\n<p>Los aspirantes a la nacionalidad se quejan de falta de gu\u00edas, de manuales y de criterios como en esos pa\u00edses de mayor experiencia en inmigraci\u00f3n.<\/p>\n","protected":false},"excerpt":{"rendered":"<p>* \u00ab\u00bfCu\u00e1l es el m\u00e1ximo exponente del modernismo espa\u00f1ol?\u00bb (\u2026) \u00bfSer\u00e1 Antonio Machado o Antoni Gaud\u00ed? \u00bfO tal vez hay un error de redacci\u00f3n en la prueba y se trata del nicarag\u00fcense Rub\u00e9n Dar\u00edo, considerado como el m\u00e1ximo representante del modernismo en espa\u00f1ol? David Placer Econom\u00eda Digital \u00ab\u00bfCu\u00e1l es el m\u00e1ximo exponente del modernismo espa\u00f1ol?\u00bb [&hellip;]<\/p>\n","protected":false},"author":1,"featured_media":37183,"comment_status":"open","ping_status":"open","sticky":false,"template":"","format":"standard","meta":{"om_disable_all_campaigns":false,"_monsterinsights_skip_tracking":false,"_monsterinsights_sitenote_active":false,"_monsterinsights_sitenote_note":"","_monsterinsights_sitenote_category":0,"footnotes":""},"categories":[12],"tags":[],"class_list":["post-37182","post","type-post","status-publish","format-standard","has-post-thumbnail","hentry","category-blugs"],"aioseo_notices":[],"_links":{"self":[{"href":"https:\/\/elcronistadigital.com\/index.php?rest_route=\/wp\/v2\/posts\/37182","targetHints":{"allow":["GET"]}}],"collection":[{"href":"https:\/\/elcronistadigital.com\/index.php?rest_route=\/wp\/v2\/posts"}],"about":[{"href":"https:\/\/elcronistadigital.com\/index.php?rest_route=\/wp\/v2\/types\/post"}],"author":[{"embeddable":true,"href":"https:\/\/elcronistadigital.com\/index.php?rest_route=\/wp\/v2\/users\/1"}],"replies":[{"embeddable":true,"href":"https:\/\/elcronistadigital.com\/index.php?rest_route=%2Fwp%2Fv2%2Fcomments&post=37182"}],"version-history":[{"count":1,"href":"https:\/\/elcronistadigital.com\/index.php?rest_route=\/wp\/v2\/posts\/37182\/revisions"}],"predecessor-version":[{"id":37184,"href":"https:\/\/elcronistadigital.com\/index.php?rest_route=\/wp\/v2\/posts\/37182\/revisions\/37184"}],"wp:featuredmedia":[{"embeddable":true,"href":"https:\/\/elcronistadigital.com\/index.php?rest_route=\/wp\/v2\/media\/37183"}],"wp:attachment":[{"href":"https:\/\/elcronistadigital.com\/index.php?rest_route=%2Fwp%2Fv2%2Fmedia&parent=37182"}],"wp:term":[{"taxonomy":"category","embeddable":true,"href":"https:\/\/elcronistadigital.com\/index.php?rest_route=%2Fwp%2Fv2%2Fcategories&post=37182"},{"taxonomy":"post_tag","embeddable":true,"href":"https:\/\/elcronistadigital.com\/index.php?rest_route=%2Fwp%2Fv2%2Ftags&post=37182"}],"curies":[{"name":"wp","href":"https:\/\/api.w.org\/{rel}","templated":true}]}}