{"id":37239,"date":"2015-01-06T16:06:04","date_gmt":"2015-01-06T22:06:04","guid":{"rendered":"http:\/\/elcronistadigital.com\/?p=37239"},"modified":"2015-01-06T16:06:04","modified_gmt":"2015-01-06T22:06:04","slug":"la-disputa-del-papa-con-la-curia-romana","status":"publish","type":"post","link":"https:\/\/elcronistadigital.com\/?p=37239","title":{"rendered":"La disputa del Papa con la curia romana"},"content":{"rendered":"<p><a href=\"https:\/\/elcronistadigital.com\/?attachment_id=37240\" rel=\"attachment wp-att-37240\"><img loading=\"lazy\" decoding=\"async\" class=\"alignleft size-medium wp-image-37240\" alt=\"papa-curia\" src=\"https:\/\/elcronistadigital.com\/wp-content\/uploads\/2015\/01\/papa-curia-300x168.jpg\" width=\"300\" height=\"168\" srcset=\"https:\/\/elcronistadigital.com\/wp-content\/uploads\/2015\/01\/papa-curia-300x168.jpg 300w, https:\/\/elcronistadigital.com\/wp-content\/uploads\/2015\/01\/papa-curia-342x192.jpg 342w, https:\/\/elcronistadigital.com\/wp-content\/uploads\/2015\/01\/papa-curia.jpg 400w\" sizes=\"auto, (max-width: 300px) 100vw, 300px\" \/><\/a>Rub\u00e9n Aguilar Valenzuela<\/p>\n<p>Es evidente que existe una disputa entre el Papa y los integrantes de la curia romana en torno a \u00bfc\u00f3mo tiene que dirigirse a la Iglesia?, \u00bfcu\u00e1les son las formas que deben imperar en el Vaticano?, \u00bfcu\u00e1l es el papel de la jerarqu\u00eda, en particular de la curia?, y m\u00e1s de fondo \u00bfc\u00f3mo hay que entender el ministerio sacerdotal y el Evangelio?<\/p>\n<p>En el mensaje de Navidad el pasado 22 de diciembre, el Papa, de manera intencional, despu\u00e9s de afianzarse en su cargo, consider\u00f3 que pod\u00eda elevar el tono de su disputa con los integrantes del anquilosado aparato de la curia, que por siglos ha mantenido el control de la Iglesia y ahora temen perderlo.<\/p>\n<p>El Papa mencion\u00f3 15 \u201cenfermedades\u201d que acechan a los integrantes de la curia. Las primeras siete son: 1) sentirse inmortales, inmunes e indispensables; 2) trabajo excesivo, sin pensar; 3) endurecimiento mental y espiritual, ya que \u201cuna curia que no se autocritica, que no se pone al d\u00eda, que no busca mejorar, es un cuerpo enfermo\u201d; 4) abuso de la planificaci\u00f3n y la funcionalidad; 5) deficiente trabajo en equipo; 6) \u201cAlzheimer espiritual de quienes han perdido la memoria de su encuentro con el Se\u00f1or y dependen s\u00f3lo de sus propias pasiones, caprichos y man\u00edas y construyen a su alrededor muros y costumbres\u201d; 7) la rivalidad y la vanagloria.<\/p>\n<p>Las otras ocho: 8) la \u201cesquizofrenia asistencial\u201d de quienes \u201cse crean un mundo paralelo y viven una vida escondida y a menudo disoluta\u201d; 9) el chisme que transforma la persona en \u201csembradora de ciza\u00f1a\u201d; 10) adular y divinizar a los jefes; 11) \u201cindiferencia hacia los otros, que es cuando cada uno piensa en s\u00ed mismo y pierde el calor de las relaciones humanas\u201d; 12) ser hombres tristes cuando el religioso debe ser \u201cuna persona alegre, que transmite alegr\u00eda\u201d; 13) acumular bienes materiales y riqueza; 14) actuar en c\u00edrculos cerrados que favorecen a los amigos; 15) transformar el servicio en poder y \u00e9ste en mercanc\u00eda, que deriva en \u201cla patolog\u00eda del poder\u201d.<\/p>\n<p>El Papa en su intervenci\u00f3n dijo a los asistentes que pretend\u00eda que sus palabras \u201cprovocaran atenci\u00f3n y arrepentimiento\u201d. A las personas que laboran en el Vaticano les pidi\u00f3 perd\u00f3n \u201cpor las faltas m\u00edas y de mis colaboradores, y tambi\u00e9n por algunos esc\u00e1ndalos que hacen tanto mal\u201d. El mensaje del Papa s\u00f3lo se puede entender como parte de su proyecto de transformar a la iglesia y para eso es necesario, es condici\u00f3n sine qua non, cambiar de manera radical a la curia romana.<\/p>\n<p>Periodistas que estuvieron presentes cuando el Papa dijo este mensaje, destinado a convertirse en hist\u00f3rico, registran que fue recibido con frialdad por los integrantes de la curia y que muy pocos aplaudieron. El Papa sabe con precisi\u00f3n el estado que guarda la curia romana y tambi\u00e9n cu\u00e1l es su correlaci\u00f3n de fuerza. Todo indica que se siente fuerte y ha decidido dar un paso m\u00e1s en su proyecto de cambio. \u00bfHabr\u00e1 reacci\u00f3n de los integrantes de la curia? Pronto lo sabremos.<\/p>\n","protected":false},"excerpt":{"rendered":"<p>Rub\u00e9n Aguilar Valenzuela Es evidente que existe una disputa entre el Papa y los integrantes de la curia romana en torno a \u00bfc\u00f3mo tiene que dirigirse a la Iglesia?, \u00bfcu\u00e1les son las formas que deben imperar en el Vaticano?, \u00bfcu\u00e1l es el papel de la jerarqu\u00eda, en particular de la curia?, y m\u00e1s de fondo [&hellip;]<\/p>\n","protected":false},"author":1,"featured_media":37240,"comment_status":"open","ping_status":"open","sticky":false,"template":"","format":"standard","meta":{"om_disable_all_campaigns":false,"_monsterinsights_skip_tracking":false,"_monsterinsights_sitenote_active":false,"_monsterinsights_sitenote_note":"","_monsterinsights_sitenote_category":0,"footnotes":""},"categories":[12],"tags":[],"class_list":["post-37239","post","type-post","status-publish","format-standard","has-post-thumbnail","hentry","category-blugs"],"aioseo_notices":[],"_links":{"self":[{"href":"https:\/\/elcronistadigital.com\/index.php?rest_route=\/wp\/v2\/posts\/37239","targetHints":{"allow":["GET"]}}],"collection":[{"href":"https:\/\/elcronistadigital.com\/index.php?rest_route=\/wp\/v2\/posts"}],"about":[{"href":"https:\/\/elcronistadigital.com\/index.php?rest_route=\/wp\/v2\/types\/post"}],"author":[{"embeddable":true,"href":"https:\/\/elcronistadigital.com\/index.php?rest_route=\/wp\/v2\/users\/1"}],"replies":[{"embeddable":true,"href":"https:\/\/elcronistadigital.com\/index.php?rest_route=%2Fwp%2Fv2%2Fcomments&post=37239"}],"version-history":[{"count":1,"href":"https:\/\/elcronistadigital.com\/index.php?rest_route=\/wp\/v2\/posts\/37239\/revisions"}],"predecessor-version":[{"id":37241,"href":"https:\/\/elcronistadigital.com\/index.php?rest_route=\/wp\/v2\/posts\/37239\/revisions\/37241"}],"wp:featuredmedia":[{"embeddable":true,"href":"https:\/\/elcronistadigital.com\/index.php?rest_route=\/wp\/v2\/media\/37240"}],"wp:attachment":[{"href":"https:\/\/elcronistadigital.com\/index.php?rest_route=%2Fwp%2Fv2%2Fmedia&parent=37239"}],"wp:term":[{"taxonomy":"category","embeddable":true,"href":"https:\/\/elcronistadigital.com\/index.php?rest_route=%2Fwp%2Fv2%2Fcategories&post=37239"},{"taxonomy":"post_tag","embeddable":true,"href":"https:\/\/elcronistadigital.com\/index.php?rest_route=%2Fwp%2Fv2%2Ftags&post=37239"}],"curies":[{"name":"wp","href":"https:\/\/api.w.org\/{rel}","templated":true}]}}