{"id":37242,"date":"2015-01-06T16:37:35","date_gmt":"2015-01-06T22:37:35","guid":{"rendered":"http:\/\/elcronistadigital.com\/?p=37242"},"modified":"2015-01-06T16:37:35","modified_gmt":"2015-01-06T22:37:35","slug":"el-papa-y-el-terrorismo-islamico","status":"publish","type":"post","link":"https:\/\/elcronistadigital.com\/?p=37242","title":{"rendered":"El Papa y el terrorismo isl\u00e1mico"},"content":{"rendered":"<div id=\"attachment_37243\" style=\"width: 310px\" class=\"wp-caption alignleft\"><a href=\"https:\/\/elcronistadigital.com\/?attachment_id=37243\" rel=\"attachment wp-att-37243\"><img loading=\"lazy\" decoding=\"async\" aria-describedby=\"caption-attachment-37243\" class=\"size-medium wp-image-37243\" alt=\"(Foto de referencia).\" src=\"https:\/\/elcronistadigital.com\/wp-content\/uploads\/2015\/01\/papa-francisco-300x200.jpg\" width=\"300\" height=\"200\" srcset=\"https:\/\/elcronistadigital.com\/wp-content\/uploads\/2015\/01\/papa-francisco-300x200.jpg 300w, https:\/\/elcronistadigital.com\/wp-content\/uploads\/2015\/01\/papa-francisco-342x227.jpg 342w, https:\/\/elcronistadigital.com\/wp-content\/uploads\/2015\/01\/papa-francisco.jpg 645w\" sizes=\"auto, (max-width: 300px) 100vw, 300px\" \/><\/a><p id=\"caption-attachment-37243\" class=\"wp-caption-text\">(Foto de referencia).<\/p><\/div>\n<p><em><strong>En su visita a Turqu\u00eda, el Papa Francisco aval\u00f3 que la comunidad internacional use la fuerza para detener a los terroristas del Estado Isl\u00e1mico y sostuvo que es l\u00edcito, siempre que se respete la ley internacional, detener una agresi\u00f3n injusta.<\/strong><\/em><\/p>\n<p>Rub\u00e9n Aguilar Valenzuela<\/p>\n<p>El Papa Francisco en el vuelo de regreso a Roma, despu\u00e9s de la visita a Turqu\u00eda el pasado noviembre, revel\u00f3 a los periodistas que al presidente turco Recep Tayyip Erdogan le hab\u00eda dicho que \u201clos l\u00edderes acad\u00e9micos, religiosos, intelectuales y pol\u00edticos del islam deben condenar claramente el terrorismo fundamentalista. Tenemos necesidad de una condena mundial por parte del islam que diga: \u00a1No, el Cor\u00e1n no es esto!\u201d<\/p>\n<p>La condena al terrorismo del autoproclamado Estado Isl\u00e1mico (EI) fue un tema central de la visita del Papa a Turqu\u00eda, pa\u00eds que ahora acoge a dos millones de refugiados sirios, miles de ellos cristianos. Los fundamentalistas del EI en Siria e Irak han asesinado y obligado a huir de su tierra, que habitan desde hace cientos de a\u00f1os, a los cristianos, a los yazid\u00edes y tambi\u00e9n a los musulmanes chi\u00edtas que no comparten las posiciones extremistas del islamismo sunita, que ellos dicen profesar.<\/p>\n<p>El Papa en su vista a Turqu\u00eda dijo que \u201carrebatar la paz a la gente, cometer cualquier acto de violencia, o consentir esos actos, especialmente cuando van dirigidos contra los m\u00e1s d\u00e9biles e indefensos, es un pecado profundamente grave contra Dios\u201d y a\u00f1adi\u00f3 que \u201cla terrible situaci\u00f3n de los cristianos y de todos los que sufren en Medio Oriente no s\u00f3lo requiere de la oraci\u00f3n constante, sino tambi\u00e9n de una reacci\u00f3n apropiada de la comunidad internacional\u201d.<\/p>\n<p>De forma inusual y muy clara, el Papa aval\u00f3 que la comunidad internacional use la fuerza para detener a los terroristas del EI y sostuvo que es l\u00edcito, siempre que se respete la ley internacional, detener una agresi\u00f3n injusta. Pero a\u00f1adi\u00f3 que es necesario un compromiso concertado por parte de todos para activar recursos destinados no a la guerra, sino a \u201clas otras batallas de la humanidad: la lucha contra el hambre y la enfermedad\u201d y censur\u00f3 \u201cla mera respuesta militar\u201d.<\/p>\n<p>En su intervenci\u00f3n ante el presidente turco, el Papa dijo que \u201ces particularmente preocupante que, sobre todo a causa de un grupo extremista y fundamentalista, comunidades enteras, especialmente, aunque no solo, cristianos y yazid\u00edes, hayan sufrido y sigan sufriendo violencia inhumana a causa de su identidad \u00e9tnica y religiosa. Se los ha sacado a la fuerza de sus hogares, tuvieron que abandonar todo para salvar sus vidas y no renegar de la fe. La violencia ha llegado tambi\u00e9n a edificios sagrados, monumentos simb\u00f3licos religiosos y al patrimonio cultural, como queriendo borrar toda huella, toda memoria del otro\u201d.<\/p>\n<p>El presidente turco, sunita moderado, coincidi\u00f3 con el Papa y sostuvo que \u201cel terrorismo es una rebeli\u00f3n contra Dios y, como musulmanes, rechazamos el extremismo y los ba\u00f1os de sangre\u201d y Mehmet Goremez, responsable de la Diayanet, la m\u00e1xima autoridad religiosa de Turqu\u00eda, dijo que si bien \u201clos fundamentalistas que hablan en nombre de Dios son parte del problema\u201d hay tambi\u00e9n otros responsables.<\/p>\n<p>El Papa dej\u00f3 en claro \u201cque no se puede decir que todos los musulmanes son terroristas como tampoco se puede decir que todos los cristianos son fundamentalistas. En todas las religiones hay grupos\u201d. El presidente turco y el l\u00edder de la Diayanet dijeron, su vez, que en el mundo hay una campa\u00f1a contra el islam y que la identificaci\u00f3n de su religi\u00f3n con el terrorismo \u201cprovoca islamofobia\u201d.<\/p>\n","protected":false},"excerpt":{"rendered":"<p>En su visita a Turqu\u00eda, el Papa Francisco aval\u00f3 que la comunidad internacional use la fuerza para detener a los terroristas del Estado Isl\u00e1mico y sostuvo que es l\u00edcito, siempre que se respete la ley internacional, detener una agresi\u00f3n injusta. Rub\u00e9n Aguilar Valenzuela El Papa Francisco en el vuelo de regreso a Roma, despu\u00e9s de [&hellip;]<\/p>\n","protected":false},"author":1,"featured_media":37243,"comment_status":"open","ping_status":"open","sticky":false,"template":"","format":"standard","meta":{"om_disable_all_campaigns":false,"_monsterinsights_skip_tracking":false,"_monsterinsights_sitenote_active":false,"_monsterinsights_sitenote_note":"","_monsterinsights_sitenote_category":0,"footnotes":""},"categories":[12],"tags":[],"class_list":["post-37242","post","type-post","status-publish","format-standard","has-post-thumbnail","hentry","category-blugs"],"aioseo_notices":[],"_links":{"self":[{"href":"https:\/\/elcronistadigital.com\/index.php?rest_route=\/wp\/v2\/posts\/37242","targetHints":{"allow":["GET"]}}],"collection":[{"href":"https:\/\/elcronistadigital.com\/index.php?rest_route=\/wp\/v2\/posts"}],"about":[{"href":"https:\/\/elcronistadigital.com\/index.php?rest_route=\/wp\/v2\/types\/post"}],"author":[{"embeddable":true,"href":"https:\/\/elcronistadigital.com\/index.php?rest_route=\/wp\/v2\/users\/1"}],"replies":[{"embeddable":true,"href":"https:\/\/elcronistadigital.com\/index.php?rest_route=%2Fwp%2Fv2%2Fcomments&post=37242"}],"version-history":[{"count":1,"href":"https:\/\/elcronistadigital.com\/index.php?rest_route=\/wp\/v2\/posts\/37242\/revisions"}],"predecessor-version":[{"id":37244,"href":"https:\/\/elcronistadigital.com\/index.php?rest_route=\/wp\/v2\/posts\/37242\/revisions\/37244"}],"wp:featuredmedia":[{"embeddable":true,"href":"https:\/\/elcronistadigital.com\/index.php?rest_route=\/wp\/v2\/media\/37243"}],"wp:attachment":[{"href":"https:\/\/elcronistadigital.com\/index.php?rest_route=%2Fwp%2Fv2%2Fmedia&parent=37242"}],"wp:term":[{"taxonomy":"category","embeddable":true,"href":"https:\/\/elcronistadigital.com\/index.php?rest_route=%2Fwp%2Fv2%2Fcategories&post=37242"},{"taxonomy":"post_tag","embeddable":true,"href":"https:\/\/elcronistadigital.com\/index.php?rest_route=%2Fwp%2Fv2%2Ftags&post=37242"}],"curies":[{"name":"wp","href":"https:\/\/api.w.org\/{rel}","templated":true}]}}