{"id":37388,"date":"2015-01-13T17:26:24","date_gmt":"2015-01-13T23:26:24","guid":{"rendered":"http:\/\/elcronistadigital.com\/?p=37388"},"modified":"2015-01-13T17:26:24","modified_gmt":"2015-01-13T23:26:24","slug":"la-organizacion-de-los-jesuitas","status":"publish","type":"post","link":"https:\/\/elcronistadigital.com\/?p=37388","title":{"rendered":"La organizaci\u00f3n de los jesuitas"},"content":{"rendered":"<p><em><strong><a href=\"https:\/\/elcronistadigital.com\/?attachment_id=37389\" rel=\"attachment wp-att-37389\"><img loading=\"lazy\" decoding=\"async\" class=\"alignleft size-medium wp-image-37389\" alt=\"jesuitas\" src=\"https:\/\/elcronistadigital.com\/wp-content\/uploads\/2015\/01\/jesuitas-300x198.jpg\" width=\"300\" height=\"198\" srcset=\"https:\/\/elcronistadigital.com\/wp-content\/uploads\/2015\/01\/jesuitas-300x198.jpg 300w, https:\/\/elcronistadigital.com\/wp-content\/uploads\/2015\/01\/jesuitas-342x225.jpg 342w, https:\/\/elcronistadigital.com\/wp-content\/uploads\/2015\/01\/jesuitas.jpg 350w\" sizes=\"auto, (max-width: 300px) 100vw, 300px\" \/><\/a>* El \u00e9xito de la organizaci\u00f3n de los jesuitas es que \u201cdesarrollaron una estructura muy simple basada en redes y con ella se diseminaron r\u00e1pidamente por el mundo, en una manera que en que muy pocas organizaciones pueden hacerlo\u201d, de acuerdo con un an\u00e1lisis de Bento da Silva, profesor de Estudios Organizacionales en la Warwick Business School (WBS), de la Gran Breta\u00f1a.<\/strong><\/em><\/p>\n<p>Rub\u00e9n Aguilar Valenzuela<\/p>\n<p>El profesor de Estudios Organizacionales, Bento da Silva, en la Warwick Business School (WBS), de la Gran Breta\u00f1a, realiza una investigaci\u00f3n sobre c\u00f3mo la Compa\u00f1\u00eda de Jes\u00fas, que est\u00e1 presente en m\u00e1s de 100 pa\u00edses en todos los continentes, se estructura y organiza su gesti\u00f3n. Ahora el trabajo se conoce por el art\u00edculo Jesuits Inc, escrito por Ashley Potter, tambi\u00e9n de la WBS.<\/p>\n<p>\u00c9ste plantea que \u201cla relevancia de los jesuitas para el entendimiento de nuestra propia cultura va m\u00e1s all\u00e1 de lo que reconocemos o incluso comprendemos\u201d y que el trabajo que realiza da Silva descubre lo influyentes que han sido y siguen siendo.<\/p>\n<p>Y para ubicar la importancia de los jesuitas recuerda que \u201clos primeros europeos en cruzar el R\u00edo Mississippi fueron jesuitas; los primeros en atravesar \u00c1frica de costa a costa fueron jesuitas; la ciudad brasile\u00f1a de Sao Paulo fue fundada por jesuitas\u2026 18 cr\u00e1teres de la Luna tienen nombre de jesuitas; nuestro calendario fue creado por los jesuitas. Y as\u00ed podr\u00eda seguir y seguir\u201d.<\/p>\n<p>El estudio que desarrolla da Silva se centra en la estructura organizacional de los jesuitas, una instituci\u00f3n que tiene 500 a\u00f1os de existencia y, que seg\u00fan \u00e9l, es la que explica su \u00e9xito. Su trabajo profundiza en una de las estrategias de acci\u00f3n particular de los jesuitas, el servicio a refugiados que realiza en todo el mundo.<\/p>\n<p>Da Silva plantea que \u201cel Servicio Jesuita a Refugiados es, como los mismos jesuitas, una organizaci\u00f3n verdaderamente global (\u2026) la sede de la organizaci\u00f3n (\u2026) est\u00e1 en Roma; los campamentos de refugiados se encuentran en \u00c1frica y Asia principalmente, pero una de sus principales actividades ah\u00ed es la ense\u00f1anza. Tienen un programa de aprendizaje a distancia y en el 2013 tuvieron sus primeros graduados de un curso de artes de tres a\u00f1os, impartido en los campamentos por su red de universidades en Estados Unidos\u201d.<\/p>\n<p>Y a\u00f1ade que \u201cesto es muy interesante porque su sede est\u00e1 en Roma, sus clientes en \u00c1frica y Asia, y las personas que imparten la ense\u00f1anza y otorgan t\u00edtulos son de una universidad de Estados Unidos. Aunque esto parece muy sencillo, no es tan f\u00e1cil de ser repetido por las corporaciones empresariales\u201d.<\/p>\n<p>En su an\u00e1lisis da Silva concluye que el \u00e9xito de la organizaci\u00f3n de los jesuitas es que \u201cdesarrollaron una estructura muy simple basada en redes y con ella se diseminaron r\u00e1pidamente por el mundo, en una manera que en que muy pocas organizaciones pueden hacerlo: es bastante impresionante\u201d.<\/p>\n<p>A\u00f1ade que \u201clos jesuitas podr\u00e1n tener 200,000 empleados, pero no bajo una estructura jer\u00e1rquica (\u2026) Tienen su sede en Roma y luego tienen personas que administran varias \u201cprovincias\u201d (\u2026) El papa Francisco estuvo a cargo de una de estas provincias, Argentina\u2026\u201d y \u201clas provincias tienen mucha autonom\u00eda en t\u00e9rminos de manejar las operaciones diarias en cada regi\u00f3n geogr\u00e1fica, pero la estrategia es concebida en la sede, siguiendo los procedimientos de la Congregaci\u00f3n General (\u2026) debajo de todas estas regiones se pueden tener muchos negocios diferentes porque tienen una manera muy sencilla de enfocar la estrategia\u201d.<\/p>\n","protected":false},"excerpt":{"rendered":"<p>* El \u00e9xito de la organizaci\u00f3n de los jesuitas es que \u201cdesarrollaron una estructura muy simple basada en redes y con ella se diseminaron r\u00e1pidamente por el mundo, en una manera que en que muy pocas organizaciones pueden hacerlo\u201d, de acuerdo con un an\u00e1lisis de Bento da Silva, profesor de Estudios Organizacionales en la Warwick [&hellip;]<\/p>\n","protected":false},"author":1,"featured_media":37389,"comment_status":"open","ping_status":"open","sticky":false,"template":"","format":"standard","meta":{"om_disable_all_campaigns":false,"_monsterinsights_skip_tracking":false,"_monsterinsights_sitenote_active":false,"_monsterinsights_sitenote_note":"","_monsterinsights_sitenote_category":0,"footnotes":""},"categories":[12],"tags":[],"class_list":["post-37388","post","type-post","status-publish","format-standard","has-post-thumbnail","hentry","category-blugs"],"aioseo_notices":[],"_links":{"self":[{"href":"https:\/\/elcronistadigital.com\/index.php?rest_route=\/wp\/v2\/posts\/37388","targetHints":{"allow":["GET"]}}],"collection":[{"href":"https:\/\/elcronistadigital.com\/index.php?rest_route=\/wp\/v2\/posts"}],"about":[{"href":"https:\/\/elcronistadigital.com\/index.php?rest_route=\/wp\/v2\/types\/post"}],"author":[{"embeddable":true,"href":"https:\/\/elcronistadigital.com\/index.php?rest_route=\/wp\/v2\/users\/1"}],"replies":[{"embeddable":true,"href":"https:\/\/elcronistadigital.com\/index.php?rest_route=%2Fwp%2Fv2%2Fcomments&post=37388"}],"version-history":[{"count":1,"href":"https:\/\/elcronistadigital.com\/index.php?rest_route=\/wp\/v2\/posts\/37388\/revisions"}],"predecessor-version":[{"id":37390,"href":"https:\/\/elcronistadigital.com\/index.php?rest_route=\/wp\/v2\/posts\/37388\/revisions\/37390"}],"wp:featuredmedia":[{"embeddable":true,"href":"https:\/\/elcronistadigital.com\/index.php?rest_route=\/wp\/v2\/media\/37389"}],"wp:attachment":[{"href":"https:\/\/elcronistadigital.com\/index.php?rest_route=%2Fwp%2Fv2%2Fmedia&parent=37388"}],"wp:term":[{"taxonomy":"category","embeddable":true,"href":"https:\/\/elcronistadigital.com\/index.php?rest_route=%2Fwp%2Fv2%2Fcategories&post=37388"},{"taxonomy":"post_tag","embeddable":true,"href":"https:\/\/elcronistadigital.com\/index.php?rest_route=%2Fwp%2Fv2%2Ftags&post=37388"}],"curies":[{"name":"wp","href":"https:\/\/api.w.org\/{rel}","templated":true}]}}