{"id":37550,"date":"2015-01-22T08:22:14","date_gmt":"2015-01-22T14:22:14","guid":{"rendered":"http:\/\/elcronistadigital.com\/?p=37550"},"modified":"2015-01-22T08:22:14","modified_gmt":"2015-01-22T14:22:14","slug":"que-ha-hecho-embajador-tico-por-la-unidad-con-nicaragua","status":"publish","type":"post","link":"https:\/\/elcronistadigital.com\/?p=37550","title":{"rendered":"\u00bfQu\u00e9 ha hecho embajador tico por la unidad con Nicaragua?"},"content":{"rendered":"<p><em><strong>* <a href=\"https:\/\/elcronistadigital.com\/?attachment_id=37551\" rel=\"attachment wp-att-37551\"><img loading=\"lazy\" decoding=\"async\" class=\"alignleft size-full wp-image-37551\" alt=\"Centroam\u00e9rica\" src=\"https:\/\/elcronistadigital.com\/wp-content\/uploads\/2015\/01\/Centroam\u00e9rica.png\" width=\"220\" height=\"269\" \/><\/a>Preguntan ciudadanos costarricenses que habitan en nuestro pa\u00eds y para quienes Centroam\u00e9rica deber\u00eda ser una sola naci\u00f3n.<\/strong><\/em><\/p>\n<p>En el a\u00f1o 2012, el Cuerpo de Bomberos de Nandaime (Nicaragua ) y la Fundaci\u00f3n Mundial D\u00e9jame Vivir en Paz (con sede principal en Costa Rica), como organizaciones apol\u00edticas festejamos que se nombrara por fin el Embajador de Costa Rica en Nicaragua.<\/p>\n<p>Despu\u00e9s de su nombramiento, nos preguntamos: \u00bfQu\u00e9 ha hecho para apoyar la uni\u00f3n de nuestros pa\u00edses? \u00bfHa convocado acaso a alguna reuni\u00f3n a los costarricenses viviendo en Nicaragua para explicarles la situaci\u00f3n en que se encuentra el proceso de di\u00e1logo entre ambas naciones? Anhelamos la hermandad entre Centroam\u00e9rica, pues existen muchos lazos de amistad, tradiciones y costumbres que nos enlazan.<\/p>\n<p>Se\u00f1or Embajador de Costa Rica en Nicaragua, esperamos que se sienta c\u00f3modo en las tierras nicarag\u00fcenses, le recomendamos visitar las Isletas de Granada, el Museo de Chag\u00fcitillo en S\u00e9baco, el volc\u00e1n Momotombo. Creemos que realizar\u00e1 su trabajo de la mejor manera, podr\u00eda llegar a hacer un buen legado, no siendo el primer costarricense que ha aportado desde Nicaragua al proceso de ese pa\u00eds.<\/p>\n<p>Hoy recordamos a Rigoberto Cabezas Figueroa (quien naci\u00f3 en 1860 en Cartago y muri\u00f3 en 1896 en Masaya, Nicaragua). Hijo primog\u00e9nito del matrimonio conformado por el nicarag\u00fcense don Diego Cabezas Alvarado y la costarricense Josefa Figueroa Oreamuno.<\/p>\n<p>Fue periodista, militar y pol\u00edtico; se reconoci\u00f3 como el fundador del Diarismo Nicarag\u00fcense, porque el 1 de marzo de 1884, en la Ciudad de Granada, fund\u00f3 el \u201cDiario de Nicaragua\u201d, el primero en la historia de ese pa\u00eds.<\/p>\n<p>Es honrado como H\u00e9roe Nacional de Nicaragua porque siendo Inspector General de Armas en la Reserva Mosquita, durante el Gobierno de Jos\u00e9 Santos Zelaya, mediante un paso audaz, trascendental y patri\u00f3tico, por s\u00ed y ante s\u00ed decret\u00f3 la reincorporaci\u00f3n de la Mosquita (Costa Caribe de Nicaragua) el 12 de febrero de 1894.<\/p>\n<p>As\u00ed, desconoci\u00f3 a Robert Henry Clarence como rey mosco al servicio de los intereses brit\u00e1nicos y engrandeci\u00f3 el territorio nacional de Nicaragua al legarle m\u00e1s de 50 mil kil\u00f3metros cuadrados.<\/p>\n<p>A partir del a\u00f1o 1964 en Nicaragua se celebra el 1 de Marzo como: \u201cD\u00eda Nacional de Periodismo\u201d, declarado as\u00ed en recordaci\u00f3n de la fecha de aparici\u00f3n del primer diario impreso en ese pa\u00eds, bajo la direcci\u00f3n de Rigoberto Cabezas, glorioso reincorporador de la Mosquita.<\/p>\n<p>Se cre\u00f3 la Orden \u201cRigoberto Cabezas Figueroa\u201d como el reconocimiento m\u00e1s distinguido que otorga la Asamblea Nacional de la Rep\u00fablica de Nicaragua a los comunicadores sociales nacionales y extranjeros.<\/p>\n<p>Por decreto legislativo se nombra el municipio de Puerto Cabezas como la cabecera departamental en la ciudad de Bilwi en la Regi\u00f3n Aut\u00f3noma Atl\u00e1ntica Norte (RAAN). La terminal a\u00e9rea de esa ciudad lleva su nombre. En la ciudad de Managua, existe la Rotonda del Periodista que lleva su nombre.<\/p>\n","protected":false},"excerpt":{"rendered":"<p>* Preguntan ciudadanos costarricenses que habitan en nuestro pa\u00eds y para quienes Centroam\u00e9rica deber\u00eda ser una sola naci\u00f3n. En el a\u00f1o 2012, el Cuerpo de Bomberos de Nandaime (Nicaragua ) y la Fundaci\u00f3n Mundial D\u00e9jame Vivir en Paz (con sede principal en Costa Rica), como organizaciones apol\u00edticas festejamos que se nombrara por fin el Embajador [&hellip;]<\/p>\n","protected":false},"author":1,"featured_media":0,"comment_status":"open","ping_status":"open","sticky":false,"template":"","format":"standard","meta":{"om_disable_all_campaigns":false,"_monsterinsights_skip_tracking":false,"_monsterinsights_sitenote_active":false,"_monsterinsights_sitenote_note":"","_monsterinsights_sitenote_category":0,"footnotes":""},"categories":[3,1],"tags":[],"class_list":["post-37550","post","type-post","status-publish","format-standard","hentry","category-nacionales","category-opinion"],"aioseo_notices":[],"_links":{"self":[{"href":"https:\/\/elcronistadigital.com\/index.php?rest_route=\/wp\/v2\/posts\/37550","targetHints":{"allow":["GET"]}}],"collection":[{"href":"https:\/\/elcronistadigital.com\/index.php?rest_route=\/wp\/v2\/posts"}],"about":[{"href":"https:\/\/elcronistadigital.com\/index.php?rest_route=\/wp\/v2\/types\/post"}],"author":[{"embeddable":true,"href":"https:\/\/elcronistadigital.com\/index.php?rest_route=\/wp\/v2\/users\/1"}],"replies":[{"embeddable":true,"href":"https:\/\/elcronistadigital.com\/index.php?rest_route=%2Fwp%2Fv2%2Fcomments&post=37550"}],"version-history":[{"count":1,"href":"https:\/\/elcronistadigital.com\/index.php?rest_route=\/wp\/v2\/posts\/37550\/revisions"}],"predecessor-version":[{"id":37552,"href":"https:\/\/elcronistadigital.com\/index.php?rest_route=\/wp\/v2\/posts\/37550\/revisions\/37552"}],"wp:attachment":[{"href":"https:\/\/elcronistadigital.com\/index.php?rest_route=%2Fwp%2Fv2%2Fmedia&parent=37550"}],"wp:term":[{"taxonomy":"category","embeddable":true,"href":"https:\/\/elcronistadigital.com\/index.php?rest_route=%2Fwp%2Fv2%2Fcategories&post=37550"},{"taxonomy":"post_tag","embeddable":true,"href":"https:\/\/elcronistadigital.com\/index.php?rest_route=%2Fwp%2Fv2%2Ftags&post=37550"}],"curies":[{"name":"wp","href":"https:\/\/api.w.org\/{rel}","templated":true}]}}