{"id":37615,"date":"2015-01-27T11:51:19","date_gmt":"2015-01-27T17:51:19","guid":{"rendered":"http:\/\/elcronistadigital.com\/?p=37615"},"modified":"2015-01-27T11:51:19","modified_gmt":"2015-01-27T17:51:19","slug":"ciudadania-informada","status":"publish","type":"post","link":"https:\/\/elcronistadigital.com\/?p=37615","title":{"rendered":"Ciudadan\u00eda informada"},"content":{"rendered":"<div id=\"attachment_37616\" style=\"width: 230px\" class=\"wp-caption alignleft\"><a href=\"https:\/\/elcronistadigital.com\/?attachment_id=37616\" rel=\"attachment wp-att-37616\"><img loading=\"lazy\" decoding=\"async\" aria-describedby=\"caption-attachment-37616\" class=\"size-full wp-image-37616\" alt=\"Rub\u00e9n Aguilar Valenzuela.\" src=\"https:\/\/elcronistadigital.com\/wp-content\/uploads\/2015\/01\/Rub\u00e9n-Aguilar-Valenzuela1.jpg\" width=\"220\" height=\"200\" \/><\/a><p id=\"caption-attachment-37616\" class=\"wp-caption-text\">Rub\u00e9n Aguilar Valenzuela.<\/p><\/div>\n<p>Rub\u00e9n Aguilar Valenzuela<\/p>\n<p>En el tiempo que me desempe\u00f1\u00e9 como funcionario en Los Pinos (2002-2006), durante la presidencia de Vicente Fox (2000-2006), en la encuesta semanal para valorar la percepci\u00f3n ciudadana del gobierno y los problemas que ocurren en el pa\u00eds, nunca ning\u00fan hecho, a no ser desastres naturales y temas relacionados con la far\u00e1ndula, ten\u00edan un conocimiento y recordaci\u00f3n de m\u00e1s de 30 por ciento.<\/p>\n<p>La encuesta semanal se estableci\u00f3 en el gobierno del presidente Carlos Salinas (1988-1994) y es un instrumento poderoso con el que cuenta la Presidencia de la Rep\u00fablica, para palpar c\u00f3mo la ciudadan\u00eda valora al gobierno y tambi\u00e9n los problemas del pa\u00eds. A partir de esa informaci\u00f3n, se pueden y deben tomar decisiones relevantes, para evitar o reducir el distanciamiento entre el presidente, su gobierno y la ciudadan\u00eda.<\/p>\n<p>La \u00faltima encuesta de GEA-ISA refiere que 93% de los encuestados reconoce el evento de Ayotzinapa; 81% el de la Casa Blanca y 42% el de Tlatlaya. Hace ocho o 10 a\u00f1os, eso no se hubiera dado. Lo que da cuenta de un cambio fundamental en el conocimiento que la ciudadan\u00eda, en general, tiene de lo que ocurre en el pa\u00eds. \u00bfQu\u00e9 lo explica?<\/p>\n<p>Pienso que no es la radio y la televisi\u00f3n, que siempre han estado ah\u00ed y ahora incluso tienen menos audiencia que antes, sobre todo entre los j\u00f3venes. Lo nuevo son las redes sociales, producto de las nuevas tecnolog\u00edas y mecanismo de comunicaci\u00f3n, como Facebook y Twitter. Es cierto que a estas posibilidades no todos tienen acceso, pero los que s\u00ed pueden hacerlo ahora se informan como nunca antes. Eso implica la mitad de la poblaci\u00f3n.<\/p>\n<p>Los que s\u00ed tienen acceso, los m\u00e1s j\u00f3venes, comunican esos eventos a los que no lo tienen, sus padres o abuelos, lo que provoca que la ciudadan\u00eda est\u00e9 mejor informada que nunca en la historia del pa\u00eds. Para los pol\u00edticos y quienes tienen cargos p\u00fablicos eso supone una nueva y muy distinta realidad. Es tan simple como actuar frente a una ciudadan\u00eda que no est\u00e1 informada de otra que s\u00ed lo est\u00e1.<\/p>\n<p>En la ciudadan\u00eda, el estar enterado provoca tres cosas muy b\u00e1sicas, pero fundamentales: saber lo que pasa a su alrededor; saber lo que hacen o dejan de hacer los pol\u00edticos; tener una opini\u00f3n sobre lo que sucede. Eso se traduce, a su vez, en una ciudadan\u00eda m\u00e1s exigente y definitivamente menos tolerante con quienes ejercen el poder.<\/p>\n<p>Los pol\u00edticos, de los distintos niveles de gobierno, pueden intentar controlar lo que dicen los medios, v\u00eda los \u201cconvenios de publicidad\u201d, pero con las nuevas tecnolog\u00edas es imposible evitar que la informaci\u00f3n llegue a cada vez m\u00e1s gente. El que un peri\u00f3dico o un noticiero de radio y televisi\u00f3n \u201cdifunda\u201d la versi\u00f3n oficial no garantiza influir en la opini\u00f3n p\u00fablica. En la realidad de lo que s\u00ed es seguro es que, las m\u00e1s de las veces, sea una mala inversi\u00f3n por parte del gobierno, para obtener lo que pretende.<\/p>\n","protected":false},"excerpt":{"rendered":"<p>Rub\u00e9n Aguilar Valenzuela En el tiempo que me desempe\u00f1\u00e9 como funcionario en Los Pinos (2002-2006), durante la presidencia de Vicente Fox (2000-2006), en la encuesta semanal para valorar la percepci\u00f3n ciudadana del gobierno y los problemas que ocurren en el pa\u00eds, nunca ning\u00fan hecho, a no ser desastres naturales y temas relacionados con la far\u00e1ndula, [&hellip;]<\/p>\n","protected":false},"author":1,"featured_media":37616,"comment_status":"open","ping_status":"open","sticky":false,"template":"","format":"standard","meta":{"om_disable_all_campaigns":false,"_monsterinsights_skip_tracking":false,"_monsterinsights_sitenote_active":false,"_monsterinsights_sitenote_note":"","_monsterinsights_sitenote_category":0,"footnotes":""},"categories":[12],"tags":[],"class_list":["post-37615","post","type-post","status-publish","format-standard","has-post-thumbnail","hentry","category-blugs"],"aioseo_notices":[],"_links":{"self":[{"href":"https:\/\/elcronistadigital.com\/index.php?rest_route=\/wp\/v2\/posts\/37615","targetHints":{"allow":["GET"]}}],"collection":[{"href":"https:\/\/elcronistadigital.com\/index.php?rest_route=\/wp\/v2\/posts"}],"about":[{"href":"https:\/\/elcronistadigital.com\/index.php?rest_route=\/wp\/v2\/types\/post"}],"author":[{"embeddable":true,"href":"https:\/\/elcronistadigital.com\/index.php?rest_route=\/wp\/v2\/users\/1"}],"replies":[{"embeddable":true,"href":"https:\/\/elcronistadigital.com\/index.php?rest_route=%2Fwp%2Fv2%2Fcomments&post=37615"}],"version-history":[{"count":1,"href":"https:\/\/elcronistadigital.com\/index.php?rest_route=\/wp\/v2\/posts\/37615\/revisions"}],"predecessor-version":[{"id":37617,"href":"https:\/\/elcronistadigital.com\/index.php?rest_route=\/wp\/v2\/posts\/37615\/revisions\/37617"}],"wp:featuredmedia":[{"embeddable":true,"href":"https:\/\/elcronistadigital.com\/index.php?rest_route=\/wp\/v2\/media\/37616"}],"wp:attachment":[{"href":"https:\/\/elcronistadigital.com\/index.php?rest_route=%2Fwp%2Fv2%2Fmedia&parent=37615"}],"wp:term":[{"taxonomy":"category","embeddable":true,"href":"https:\/\/elcronistadigital.com\/index.php?rest_route=%2Fwp%2Fv2%2Fcategories&post=37615"},{"taxonomy":"post_tag","embeddable":true,"href":"https:\/\/elcronistadigital.com\/index.php?rest_route=%2Fwp%2Fv2%2Ftags&post=37615"}],"curies":[{"name":"wp","href":"https:\/\/api.w.org\/{rel}","templated":true}]}}