{"id":37687,"date":"2015-01-29T16:34:50","date_gmt":"2015-01-29T22:34:50","guid":{"rendered":"http:\/\/elcronistadigital.com\/?p=37687"},"modified":"2015-01-29T16:34:50","modified_gmt":"2015-01-29T22:34:50","slug":"aleccionan-a-nuevos-conductores","status":"publish","type":"post","link":"https:\/\/elcronistadigital.com\/?p=37687","title":{"rendered":"Aleccionan a nuevos conductores"},"content":{"rendered":"<div id=\"attachment_37688\" style=\"width: 310px\" class=\"wp-caption alignleft\"><a href=\"https:\/\/elcronistadigital.com\/?attachment_id=37688\" rel=\"attachment wp-att-37688\"><img loading=\"lazy\" decoding=\"async\" aria-describedby=\"caption-attachment-37688\" class=\"size-medium wp-image-37688\" alt=\"Encuentro de madres con hijos fallecidos en accidentes de tr\u00e1nsito con los nuevos conductores. (Foto: Enrique Oporta).\" src=\"https:\/\/elcronistadigital.com\/wp-content\/uploads\/2015\/01\/Pude-Enrique-Oporta-300x205.jpg\" width=\"300\" height=\"205\" srcset=\"https:\/\/elcronistadigital.com\/wp-content\/uploads\/2015\/01\/Pude-Enrique-Oporta-300x205.jpg 300w, https:\/\/elcronistadigital.com\/wp-content\/uploads\/2015\/01\/Pude-Enrique-Oporta-342x233.jpg 342w, https:\/\/elcronistadigital.com\/wp-content\/uploads\/2015\/01\/Pude-Enrique-Oporta.jpg 638w\" sizes=\"auto, (max-width: 300px) 100vw, 300px\" \/><\/a><p id=\"caption-attachment-37688\" class=\"wp-caption-text\">Encuentro de madres con hijos fallecidos en accidentes de tr\u00e1nsito con los nuevos conductores. (Foto: Enrique Oporta).<\/p><\/div>\n<p>Madres y padres que han perdido hijos u otros familiares en accidentes de tr\u00e1nsito, sostuvieron un encuentro con m\u00e1s de 30 j\u00f3venes que en pocos d\u00edas recibir\u00e1n la licencia de conducir que los habilitar\u00e1 para unirse con sus m\u00e1quinas a los miles y miles de carros que atiborran las calles de Managua.<\/p>\n<p>Personas Unidas por el Dolor y la Esperanza (PUDE), es el nombre de la asociaci\u00f3n que convers\u00f3 con los chavalos y chavalas con el objetivo de concienciarlos para que asuman conductas responsables al momento de manejar una motocicleta, autom\u00f3vil o cualquier otro automotor.<\/p>\n<p>Azucena Saballos Ram\u00edrez, presidenta de PUDE, y Alba Mara Baldovinos, compartieron el dolor inmenso de tener hijos fallecidos producto de la actitud de conducir sin tomar medidas de prevenci\u00f3n, algo que pueden asumir de manera permanente las personas que por primera vez tendr\u00e1n su licencia.<\/p>\n<p>En el encuentro, ambas mujeres instaron a los j\u00f3venes a conducir con responsabilidad, actitud que podr\u00eda reducir los accidentes de tr\u00e1nsito y con ello disminuir las v\u00edctimas por lesiones o muertes.<\/p>\n<p>\u201cLa educaci\u00f3n vial no es solamente una responsabilidad de la polic\u00eda, no es solamente responsabilidad del gobierno, es responsabilidad de la comunidad, de los padres y las madres al momento de darle a su hijo un veh\u00edculo, de hablarles en el hogar de lo que significa la vida, el respeto a la vida humana y responsabilidad al conducir.<\/p>\n<p>\u201cPorque pueden ser portadores de vida o de la muerte, una actitud irresponsable al volante puede ocasionar la p\u00e9rdida de muchos seres queridos y aplaudimos esta iniciativa de la Polic\u00eda Nacional de poder contar con testimonios como el nuestro, porque es a trav\u00e9s de testimonios que podemos abrir el coraz\u00f3n de estos muchachos\u201d, expres\u00f3 Saballos.<\/p>\n<p>Reconoci\u00f3 que el Gobierno Sandinista, a trav\u00e9s de la Polic\u00eda Nacional est\u00e1 haciendo muchos esfuerzos por reducir los accidentes de tr\u00e1nsito, pero tambi\u00e9n la sociedad debe aportar para que los n\u00fameros de lesionados o muertes se reduzcan.<\/p>\n<p>\u201cNo la dejemos sola, trabajemos nosotros desde la familia, desde la comunidad porque esta es una responsabilidad de todos y no solamente de la polic\u00eda\u201d, cit\u00f3 Saballos.<\/p>\n<p>El comisionado Edgard S\u00e1nchez, Jefe de Prevenci\u00f3n y Seguridad Vial de la Polic\u00eda de Tr\u00e1nsito, manifest\u00f3 que este encuentro, es uno de los muchos esfuerzos que se realizan para incitar en los conductores actitudes responsables al momento de andar en un veh\u00edculo.<\/p>\n<p>\u201cEsto que hoy estamos desarrollando con los nuevos conductores que tenemos aqu\u00ed, son pr\u00e1cticamente actividades que las vamos a tener permanentemente durante todo este a\u00f1o con las distintas organizaciones que trabajan con nosotros\u201d, afirm\u00f3 S\u00e1nchez.<\/p>\n<p>El jefe policial anunci\u00f3 para el 18 de febrero pr\u00f3ximo una marcha nacional en Managua, para instar a la prevenci\u00f3n de accidentes. En esta marcha estar\u00e1n participando las instituciones del Gobierno Sandinista y organizaciones civiles como PUDE, grupos de motociclistas, taxistas, alcald\u00eda de Managua, Organizaci\u00f3n Panamericana de la Salud (OPS) y el Ministerio de Educaci\u00f3n, entre otras.<\/p>\n","protected":false},"excerpt":{"rendered":"<p>Madres y padres que han perdido hijos u otros familiares en accidentes de tr\u00e1nsito, sostuvieron un encuentro con m\u00e1s de 30 j\u00f3venes que en pocos d\u00edas recibir\u00e1n la licencia de conducir que los habilitar\u00e1 para unirse con sus m\u00e1quinas a los miles y miles de carros que atiborran las calles de Managua. Personas Unidas por [&hellip;]<\/p>\n","protected":false},"author":1,"featured_media":37688,"comment_status":"open","ping_status":"open","sticky":false,"template":"","format":"standard","meta":{"om_disable_all_campaigns":false,"_monsterinsights_skip_tracking":false,"_monsterinsights_sitenote_active":false,"_monsterinsights_sitenote_note":"","_monsterinsights_sitenote_category":0,"footnotes":""},"categories":[3524,13],"tags":[],"class_list":["post-37687","post","type-post","status-publish","format-standard","has-post-thumbnail","hentry","category-noticas","category-portada"],"aioseo_notices":[],"_links":{"self":[{"href":"https:\/\/elcronistadigital.com\/index.php?rest_route=\/wp\/v2\/posts\/37687","targetHints":{"allow":["GET"]}}],"collection":[{"href":"https:\/\/elcronistadigital.com\/index.php?rest_route=\/wp\/v2\/posts"}],"about":[{"href":"https:\/\/elcronistadigital.com\/index.php?rest_route=\/wp\/v2\/types\/post"}],"author":[{"embeddable":true,"href":"https:\/\/elcronistadigital.com\/index.php?rest_route=\/wp\/v2\/users\/1"}],"replies":[{"embeddable":true,"href":"https:\/\/elcronistadigital.com\/index.php?rest_route=%2Fwp%2Fv2%2Fcomments&post=37687"}],"version-history":[{"count":1,"href":"https:\/\/elcronistadigital.com\/index.php?rest_route=\/wp\/v2\/posts\/37687\/revisions"}],"predecessor-version":[{"id":37689,"href":"https:\/\/elcronistadigital.com\/index.php?rest_route=\/wp\/v2\/posts\/37687\/revisions\/37689"}],"wp:featuredmedia":[{"embeddable":true,"href":"https:\/\/elcronistadigital.com\/index.php?rest_route=\/wp\/v2\/media\/37688"}],"wp:attachment":[{"href":"https:\/\/elcronistadigital.com\/index.php?rest_route=%2Fwp%2Fv2%2Fmedia&parent=37687"}],"wp:term":[{"taxonomy":"category","embeddable":true,"href":"https:\/\/elcronistadigital.com\/index.php?rest_route=%2Fwp%2Fv2%2Fcategories&post=37687"},{"taxonomy":"post_tag","embeddable":true,"href":"https:\/\/elcronistadigital.com\/index.php?rest_route=%2Fwp%2Fv2%2Ftags&post=37687"}],"curies":[{"name":"wp","href":"https:\/\/api.w.org\/{rel}","templated":true}]}}