{"id":37690,"date":"2015-01-29T17:03:59","date_gmt":"2015-01-29T23:03:59","guid":{"rendered":"http:\/\/elcronistadigital.com\/?p=37690"},"modified":"2015-01-29T17:03:59","modified_gmt":"2015-01-29T23:03:59","slug":"chef-nicaraguense-en-concurso-de-cocina-en-estambul","status":"publish","type":"post","link":"https:\/\/elcronistadigital.com\/?p=37690","title":{"rendered":"Chef nicarag\u00fcense en concurso de cocina en Estambul"},"content":{"rendered":"<div id=\"attachment_37691\" style=\"width: 310px\" class=\"wp-caption alignleft\"><a href=\"https:\/\/elcronistadigital.com\/?attachment_id=37691\" rel=\"attachment wp-att-37691\"><img loading=\"lazy\" decoding=\"async\" aria-describedby=\"caption-attachment-37691\" class=\"size-medium wp-image-37691\" alt=\"Emilio Alberto Abarca Pineda, el chef nicarag\u00fcense que se encuentra en Estambul, Turqu\u00eda.\" src=\"https:\/\/elcronistadigital.com\/wp-content\/uploads\/2015\/01\/Emilio-Abarca-300x188.jpg\" width=\"300\" height=\"188\" srcset=\"https:\/\/elcronistadigital.com\/wp-content\/uploads\/2015\/01\/Emilio-Abarca-300x188.jpg 300w, https:\/\/elcronistadigital.com\/wp-content\/uploads\/2015\/01\/Emilio-Abarca-342x214.jpg 342w, https:\/\/elcronistadigital.com\/wp-content\/uploads\/2015\/01\/Emilio-Abarca.jpg 700w\" sizes=\"auto, (max-width: 300px) 100vw, 300px\" \/><\/a><p id=\"caption-attachment-37691\" class=\"wp-caption-text\">Emilio Alberto Abarca Pineda, el chef nicarag\u00fcense que se encuentra en Estambul, Turqu\u00eda.<\/p><\/div>\n<p>Un chef nicarag\u00fcense y tres argentinos, participar\u00e1n el 31 de enero en el 13\u00b0 Festival Internacional de Gastronom\u00eda en Estambul, la ciudad m\u00e1s importante de Turqu\u00eda.<\/p>\n<p>Emilio Alberto Abarca Pineda es el chef que competir\u00e1 con diversos representantes internacionales en 66 categor\u00edas de esta disciplina con la que buscan obtener reconocimiento mundial, seg\u00fan el diario mexicano El Universal.<\/p>\n<p>Con el certamen, la \u2018Federaci\u00f3n de Cocineros de Turqu\u00eda&#8217; (Tasfed, del nombre en turco) espera \u00ababrir canales entre la culinaria turca y las de otros pa\u00edses\u00bb y alzar a los chefs turcos al escenario internacional, explic\u00f3 el responsable de la organizaci\u00f3n del evento, Dogancan Ulug.<\/p>\n<p>Para la ocasi\u00f3n, el gran pabell\u00f3n del Centro de Convenciones Tuyap Palace ha sido transformado en decenas de cocinas en miniatura, equipadas con todos los utensilios necesarios, y abiertas a la vista del p\u00fablico.<\/p>\n<p>Los participantes compiten en 66 categor\u00edas dedicadas a especialidades como pasta, pescado, cocina moderna, decoraci\u00f3n de pasteles, confecci\u00f3n de decoraciones en az\u00facar o en verduras.<\/p>\n<p>Una categor\u00eda especial premiar\u00e1 a los mejores chefs discapacitados, un galard\u00f3n disputado por una veintena de candidatos, todos de Turqu\u00eda.<\/p>\n<p>El jurado compuesto por 100 profesionales del sector, provenientes de diversos pa\u00edses, definir\u00e1 a los ganadores con base en su originalidad, capacidad t\u00e9cnica, y uso de los ingredientes.<\/p>\n<p>\u00abHay j\u00f3venes muy talentosos y creativos. Esperamos que cada uno ponga su identidad en los platillos que presentan\u00bb, mencion\u00f3 el chef Gilles Company, miembro del jurado y director de la prestigiosa escuela francesa de gastronom\u00eda Cordon Bleu en Estambul.<br \/>\nLa principal competencia es el Grand Prix (grande premio) para un equipo, en el que un grupo de tres chefs tiene 90 minutos para elaborar, cocinar y presentar un men\u00fa de tres platos para dos personas. Para ello, se servir\u00e1n \u00fanicamente los ingredientes seleccionados por el jurado.<\/p>\n<p>Los argentinos Martin Esteban Paruccia, Gabriel Gunther Moros, Rodrigo Matias Caumo aspiran al galard\u00f3n, contra chefs de Alemania, Reino Unido, Croacia, Grecia, Kirguist\u00e1n, Pakist\u00e1n y la propia Turqu\u00eda. Latinoam\u00e9rica tambi\u00e9n estar\u00e1 representada por el chef nicarag\u00fcense Emilio Alberto Abarca Pineda, acostumbrado a servir a los diplom\u00e1ticos de su pa\u00eds, quien competir\u00e1 en la categor\u00eda \u00abplato original de pescado\u00bb.<\/p>\n<p>En paralelo a la competencia, el festival es tambi\u00e9n una plataforma para la industria culinaria, que expone all\u00ed productos variados, desde ingredientes hasta uniformes y equipamientos de cocina industrial.<\/p>\n","protected":false},"excerpt":{"rendered":"<p>Un chef nicarag\u00fcense y tres argentinos, participar\u00e1n el 31 de enero en el 13\u00b0 Festival Internacional de Gastronom\u00eda en Estambul, la ciudad m\u00e1s importante de Turqu\u00eda. Emilio Alberto Abarca Pineda es el chef que competir\u00e1 con diversos representantes internacionales en 66 categor\u00edas de esta disciplina con la que buscan obtener reconocimiento mundial, seg\u00fan el diario [&hellip;]<\/p>\n","protected":false},"author":1,"featured_media":37691,"comment_status":"open","ping_status":"open","sticky":false,"template":"","format":"standard","meta":{"om_disable_all_campaigns":false,"_monsterinsights_skip_tracking":false,"_monsterinsights_sitenote_active":false,"_monsterinsights_sitenote_note":"","_monsterinsights_sitenote_category":0,"footnotes":""},"categories":[3524],"tags":[],"class_list":["post-37690","post","type-post","status-publish","format-standard","has-post-thumbnail","hentry","category-noticas"],"aioseo_notices":[],"_links":{"self":[{"href":"https:\/\/elcronistadigital.com\/index.php?rest_route=\/wp\/v2\/posts\/37690","targetHints":{"allow":["GET"]}}],"collection":[{"href":"https:\/\/elcronistadigital.com\/index.php?rest_route=\/wp\/v2\/posts"}],"about":[{"href":"https:\/\/elcronistadigital.com\/index.php?rest_route=\/wp\/v2\/types\/post"}],"author":[{"embeddable":true,"href":"https:\/\/elcronistadigital.com\/index.php?rest_route=\/wp\/v2\/users\/1"}],"replies":[{"embeddable":true,"href":"https:\/\/elcronistadigital.com\/index.php?rest_route=%2Fwp%2Fv2%2Fcomments&post=37690"}],"version-history":[{"count":1,"href":"https:\/\/elcronistadigital.com\/index.php?rest_route=\/wp\/v2\/posts\/37690\/revisions"}],"predecessor-version":[{"id":37692,"href":"https:\/\/elcronistadigital.com\/index.php?rest_route=\/wp\/v2\/posts\/37690\/revisions\/37692"}],"wp:featuredmedia":[{"embeddable":true,"href":"https:\/\/elcronistadigital.com\/index.php?rest_route=\/wp\/v2\/media\/37691"}],"wp:attachment":[{"href":"https:\/\/elcronistadigital.com\/index.php?rest_route=%2Fwp%2Fv2%2Fmedia&parent=37690"}],"wp:term":[{"taxonomy":"category","embeddable":true,"href":"https:\/\/elcronistadigital.com\/index.php?rest_route=%2Fwp%2Fv2%2Fcategories&post=37690"},{"taxonomy":"post_tag","embeddable":true,"href":"https:\/\/elcronistadigital.com\/index.php?rest_route=%2Fwp%2Fv2%2Ftags&post=37690"}],"curies":[{"name":"wp","href":"https:\/\/api.w.org\/{rel}","templated":true}]}}