{"id":37693,"date":"2015-01-30T07:40:08","date_gmt":"2015-01-30T13:40:08","guid":{"rendered":"http:\/\/elcronistadigital.com\/?p=37693"},"modified":"2015-01-30T07:40:08","modified_gmt":"2015-01-30T13:40:08","slug":"ruben-dario-entre-el-verso-azul-y-su-nicaragua-amada","status":"publish","type":"post","link":"https:\/\/elcronistadigital.com\/?p=37693","title":{"rendered":"Rub\u00e9n Dar\u00edo: entre el verso azul y su Nicaragua amada"},"content":{"rendered":"<p><a href=\"https:\/\/elcronistadigital.com\/?attachment_id=37694\" rel=\"attachment wp-att-37694\"><img loading=\"lazy\" decoding=\"async\" class=\"alignleft size-full wp-image-37694\" alt=\"Dar\u00edo casa 1\" src=\"https:\/\/elcronistadigital.com\/wp-content\/uploads\/2015\/01\/Dar\u00edo-casa-1.jpg\" width=\"550\" height=\"351\" srcset=\"https:\/\/elcronistadigital.com\/wp-content\/uploads\/2015\/01\/Dar\u00edo-casa-1.jpg 550w, https:\/\/elcronistadigital.com\/wp-content\/uploads\/2015\/01\/Dar\u00edo-casa-1-300x191.jpg 300w, https:\/\/elcronistadigital.com\/wp-content\/uploads\/2015\/01\/Dar\u00edo-casa-1-342x218.jpg 342w\" sizes=\"auto, (max-width: 550px) 100vw, 550px\" \/><\/a>Adriana Bianco*<\/p>\n<p>Nicaragua, bello pa\u00eds centroamericano, cuyo nombre en lengua nahuatl quiere decir \u201cjunto al agua\u201d, esta ba\u00f1ado por dos oc\u00e9anos, el Pac\u00edfico y el Atl\u00e1ntico, con una poblaci\u00f3n de apenas 5,595,538 millones de habitantes, con playas v\u00edrgenes, volcanes y bosques tropicales, es tierra de poetas.<\/p>\n<p>\u201cSin duda, es extra\u00f1o que un pa\u00eds tenga a un poeta como h\u00e9roe nacional- nos dice el escritor Sergio Ram\u00edrez- pero eso sucede en Nicaragua, donde el poeta Rub\u00e9n Dar\u00edo, nacido hacia mitad del siglo XIX, se considera como padre de la patria, el gran poeta nacional, y cada nicarag\u00fcense, a su manera, es tambi\u00e9n, un poco poeta.\u201d<\/p>\n<p>Este sentimiento po\u00e9tico aflora entre los ni\u00f1os y la gente del pueblo de Nicaragua, siempre hay alguien que recuerda alg\u00fan poema suyo:<\/p>\n<p>\u201cYo soy aquel que ayer no m\u00e1s dec\u00eda\/ el verso azul y la canci\u00f3n profana\u201d<\/p>\n<p>Ese verso azul de Dar\u00edo ilumin\u00f3 su tierra y se propag\u00f3 por todo el continente Americano y Europeo. Su obra po\u00e9tica marc\u00f3 una verdadera revoluci\u00f3n art\u00edstica, convirti\u00e9ndose Dar\u00edo, en l\u00edder del Modernismo, el primer movimiento literario de origen latinoamericano, que signific\u00f3 una reacci\u00f3n al Romanticismo, un rejuvenecimiento del lenguaje y una verdadera revoluci\u00f3n art\u00edstica latinoamericana independiente del dominio cultural europeo.<\/p>\n<p>De alguna manera, Dar\u00edo, fue un libertador literario, creador de una nueva est\u00e9tica, llena de musicalidad, met\u00e1foras y filosof\u00eda, renovador del vocabulario y la versificaci\u00f3n. Abord\u00f3 los temas del amor, la naturaleza, la religi\u00f3n y lo hist\u00f3rico. Evoc\u00f3 el mundo de la antig\u00fcedad cl\u00e1sica junto al mundo ind\u00edgena. Resalt\u00f3 la riqueza y el preciosismo pero tambi\u00e9n lo profundo y esencial.<\/p>\n<p>Tuvo conciencia de los cambios socio-econ\u00f3micos de Latinoam\u00e9rica que marchaba hacia la modernidad. Reconoci\u00f3 los avances de la ciencia y la tecnolog\u00eda, cant\u00f3 al progreso y a la democracia, supo integrar la cultura europea con la americana, tendi\u00f3 puentes entre las naciones y apoy\u00f3 el ideal de la uni\u00f3n centroamericana.<\/p>\n<p>Su vida fue un torbellino de experiencias, fue periodista, conferenciante y diplom\u00e1tico, viaj\u00f3 a Centroam\u00e9rica, Estados Unidos, M\u00e9xico, Cuba, Chile, Argentina, donde fue corresponsal del Diario La Naci\u00f3n en Europa. Vivi\u00f3 en Par\u00eds y Madrid y conoci\u00f3 grandes personalidades de la pol\u00edtica y la cultura.<\/p>\n<p>Desde sus primeras libros: Abrojos (1887); Azul (1888); Prosas Profanas y otros poemas(1892); Los Raros (1896), hasta en sus \u00faltimas obras Cantos de Vida y Esperanza (1905); El Viaje a Nicaragua (1909); El Poema de Oto\u00f1o (1910); El Oro de Mallorca (1913); Canto a la Argentina y otros poemas (1914), cre\u00f3 una corpus literario con una nueva concepci\u00f3n est\u00e9tica. Busc\u00f3 el sincretismo cultural, sin olvidar la identidad regional, porque Nicaragua siempre estuvo presente en su pluma.<\/p>\n<p>Recorrer la ruta del poeta es descubrir su sentir y pensamiento y admirar la naturaleza y la belleza del paisaje que lo acompa\u00f1\u00f3 en sus primeras visiones. El arquitecto Mario Salinas, Presidente del Instituto de Turismo de Nicaragua (INTUR) dice:<\/p>\n<p>\u201cRub\u00e9n Dar\u00edo es una figura emblem\u00e1tica para Nicaragua y su presencia po\u00e9tica es importante para nosotros, por eso se han hecho trabajos de restauraci\u00f3n en la casa natal y en el pueblo y se ha formado un equipo de gu\u00edas especializados. Hay una conciencia por nuestra cultura y esa casa de Dar\u00edo es un ejemplo de nuestro inter\u00e9s por el legado hist\u00f3rico\u201d.<\/p>\n<p>Emprendemos el viaje a Ciudad Dar\u00edo, a solo 90 km de la capital Managua, por la ruta que va a Matagalpa. El departamento de Matagalpa es una regi\u00f3n agr\u00edcola, donde se cultiva caf\u00e9, cacao, malanga, frutas y vegetales, rodeada de monta\u00f1as y forestas tropicales, tiene el clima m\u00e1s fresco de Nicaragua y una exuberante vegetaci\u00f3n, peque\u00f1os pueblos, fincas cafetaleras y bellos panoramas.\u00a0<a href=\"https:\/\/elcronistadigital.com\/?attachment_id=37695\" rel=\"attachment wp-att-37695\"><img loading=\"lazy\" decoding=\"async\" class=\"alignright size-full wp-image-37695\" alt=\"Dar\u00edo casa 2\" src=\"https:\/\/elcronistadigital.com\/wp-content\/uploads\/2015\/01\/Dar\u00edo-casa-2.jpg\" width=\"550\" height=\"413\" srcset=\"https:\/\/elcronistadigital.com\/wp-content\/uploads\/2015\/01\/Dar\u00edo-casa-2.jpg 550w, https:\/\/elcronistadigital.com\/wp-content\/uploads\/2015\/01\/Dar\u00edo-casa-2-300x225.jpg 300w, https:\/\/elcronistadigital.com\/wp-content\/uploads\/2015\/01\/Dar\u00edo-casa-2-342x256.jpg 342w, https:\/\/elcronistadigital.com\/wp-content\/uploads\/2015\/01\/Dar\u00edo-casa-2-60x45.jpg 60w, https:\/\/elcronistadigital.com\/wp-content\/uploads\/2015\/01\/Dar\u00edo-casa-2-150x113.jpg 150w, https:\/\/elcronistadigital.com\/wp-content\/uploads\/2015\/01\/Dar\u00edo-casa-2-269x201.jpg 269w\" sizes=\"auto, (max-width: 550px) 100vw, 550px\" \/><\/a><\/p>\n<p>El poeta en su cr\u00f3nica \u201cViaje a Nicaragua\u201d (1909), nos describe la naturaleza del terru\u00f1o:<\/p>\n<p>\u201cLa figura tropical es una belleza que causa una sensaci\u00f3n de laxitud. El paisaje dir\u00edase que penetra en nosotros por todos los sentidos, y hay una furia de vida que su proximidad enerva\u201d. Un cartel anuncia Ciudad Dar\u00edo, entramos en el pueblo de calles empedradas buscando la casa del poeta. El poblado fue un antiguo asentamiento llamado Chocoyos, con casas de adobe donde viv\u00edan campesinos. En 1752, fray Agust\u00edn Morel le da el nombre de San Pedro de Metapa. En 1920 se rebautiza el pueblo con el nombre de Ciudad Dar\u00edo, en honor al escritor.<\/p>\n<p>Debido a una mayor concienciaci\u00f3n del cuidado del patrimonio hist\u00f3rico, en 1943, la casa natal del escritor se declara Museo Nacional y en 1999 se restaura la vivienda y se acondiciona para los visitantes.<\/p>\n<p>Actualmente, el pueblo tiene 10.000 habitantes, casas pintorescas y una actividad agr\u00edcola proveniente de la producci\u00f3n de la regi\u00f3n, aunque tambi\u00e9n es punto de atracci\u00f3n para los amantes de la cultura que desean conocer los or\u00edgenes de uno de los grandes poetas de la lengua espa\u00f1ola.<\/p>\n<p>Don Jos\u00e9, due\u00f1o de una tiendita que vende hamacas y artesan\u00edas comenta:<\/p>\n<p>\u201cEl pueblo cambi\u00f3 mucho, apenas hab\u00edan algunas casas en la \u00e9poca que naci\u00f3 el poeta. Ahora, gracias a Dar\u00edo vienen muchos a visitarnos y la ciudad creci\u00f3\u201d. Nos detenemos en una glorieta donde hay un monumento con la estatua del poeta, en esa esquina se encuentra el Museo Sitio Hist\u00f3rico Casa Natal Rub\u00e9n Dar\u00edo.<\/p>\n<p>Seg\u00fan cuenta la historia, dos mujeres llegaban en carreta desde Le\u00f3n al poblado de Metapa, un fr\u00edo diciembre de 1866, eran: Josefa Sarmiento y su sobrina Rosa Sarmiento de Garc\u00eda Dar\u00edo, quien estaba esperando un ni\u00f1o.<\/p>\n<p>Entramos a la casa por el jard\u00edn decorado con placas y poemas. Nos recibe la directora que explica:<\/p>\n<p>\u201cEn esa casa naci\u00f3 F\u00e9lix Rub\u00e9n Garc\u00eda Sarmiento, el 18 de enero de 1867, era propiedad de la t\u00eda materna. En 1943, el solar se declar\u00f3 Monumento Nacional y se inaugur\u00f3 oficialmente. A esta casa llegan m\u00e1s de 500 personas por mes, vienen de todas partes del mundo y es lugar obligatorio para todos los nicarag\u00fcenses, especialmente los escolares\u201d. La madre Rosa Sarmiento tuvo un matrimonio de conveniencia, por eso los padres de Dar\u00edo se separaron al poco tiempo. El ni\u00f1o fue a vivir a Le\u00f3n, al cuidado del coronel F\u00e9lix Ram\u00edrez y de su esposa Bernarda Sarmiento, t\u00eda abuela del poeta.<\/p>\n<p>Dar\u00edo cuenta en su Autobiograf\u00eda:<\/p>\n<p>\u201c\u00bfC\u00f3mo lleg\u00f3 a usarse en mi familia el apellido Dar\u00edo? Seg\u00fan lo que algunos ancianos de aquella ciudad de mi infancia me han referido, un tatarabuelo ten\u00eda por nombre Dar\u00edo. En la peque\u00f1a poblaci\u00f3n conoc\u00edale todo el mundo por don Dar\u00edo; a sus hijos e hijas, por los Dar\u00edos, las Dar\u00edos\u201d.<\/p>\n<p>La modesta casa mantiene la arquitectura de la \u00e9poca, est\u00e1 construida de adobe, con techos de ca\u00f1izo y en la parte exterior teja de barro. En su interior observamos la peque\u00f1a rec\u00e1mara con muebles originales, la cama de cuero, el cofre, bancos de madera y los candiles. La sala conserva ediciones de libros, documentos y cuadros del escritor. La cocina a le\u00f1a, muestra vasijas, cer\u00e1micas y el metate donde se muele el ma\u00edz colinda con el patio, en el cual se encuentra una carreta. En el jard\u00edn hay un peque\u00f1o anfiteatro donde, anualmente, durante el natalicio, se celebra la Semana Dariana, con lectura de poemas, m\u00fasica y eventos culturales: \u201cEs un honor vivir en el pueblo donde naci\u00f3 nuestro gran poeta\u201d dice Juancito, un joven que atiende una bodeguita.<a href=\"https:\/\/elcronistadigital.com\/?attachment_id=37696\" rel=\"attachment wp-att-37696\"><img loading=\"lazy\" decoding=\"async\" class=\"alignleft size-full wp-image-37696\" alt=\"Dar\u00edo casa\" src=\"https:\/\/elcronistadigital.com\/wp-content\/uploads\/2015\/01\/Dar\u00edo-casa.jpg\" width=\"550\" height=\"413\" srcset=\"https:\/\/elcronistadigital.com\/wp-content\/uploads\/2015\/01\/Dar\u00edo-casa.jpg 550w, https:\/\/elcronistadigital.com\/wp-content\/uploads\/2015\/01\/Dar\u00edo-casa-300x225.jpg 300w, https:\/\/elcronistadigital.com\/wp-content\/uploads\/2015\/01\/Dar\u00edo-casa-342x256.jpg 342w, https:\/\/elcronistadigital.com\/wp-content\/uploads\/2015\/01\/Dar\u00edo-casa-60x45.jpg 60w, https:\/\/elcronistadigital.com\/wp-content\/uploads\/2015\/01\/Dar\u00edo-casa-150x113.jpg 150w, https:\/\/elcronistadigital.com\/wp-content\/uploads\/2015\/01\/Dar\u00edo-casa-269x201.jpg 269w\" sizes=\"auto, (max-width: 550px) 100vw, 550px\" \/><\/a><\/p>\n<p>El escritor es, sin duda, inspiraci\u00f3n para los j\u00f3venes nicarag\u00fcenses; de origen humilde y mestizo, criado por padres sustitutos, alcanz\u00f3 fama internacional, su af\u00e1n por el estudio y la lectura lo impulsaron a escribir una de las obras m\u00e1s importantes de la literatura latinoamericana y de la lengua espa\u00f1ola. Es natural que el 18 de enero de 1982 haya sido proclamado, por Decreto No.928, H\u00e9roe de la Independencia Cultural de Nicaragua.<\/p>\n<p>Al irnos de su casa recordamos aquellos versos de su poema Lo Fatal, que escribiera pensando en la vida y la muerte, acontecida el 6 de febrero de 1916, en Le\u00f3n, en cuya catedral descansa.<\/p>\n<p>Dichoso el \u00e1rbol que es apenas sensitivo<br \/>\nY m\u00e1s la piedra dura, porque esa ya no siente,<br \/>\nPues no hay dolor m\u00e1s grande que el dolor de ser vivo<br \/>\nNi mayor pesadumbre que la vida consciente.<br \/>\nSer y no saber nada, y ser sin rumbo cierto,<br \/>\nY el temor de haber sido y un futuro terror,<br \/>\nY el espanto seguro de estar ma\u00f1ana muerto,<br \/>\nY sufrir por la vida y por la sombra, por<br \/>\nLo que no conocemos y apenas sospechamos.<br \/>\nY la carne que tienta con sus frescos racimos,<br \/>\nY la tumba que aguarda con sus f\u00fanebres ramos.<br \/>\nY no saber a d\u00f3nde vamos, ni de d\u00f3nde venimos.<\/p>\n<p>(Cantos de vida y esperanza)<\/p>\n<p>*Periodistas en espa\u00f1ol.com<\/p>\n","protected":false},"excerpt":{"rendered":"<p>Adriana Bianco* Nicaragua, bello pa\u00eds centroamericano, cuyo nombre en lengua nahuatl quiere decir \u201cjunto al agua\u201d, esta ba\u00f1ado por dos oc\u00e9anos, el Pac\u00edfico y el Atl\u00e1ntico, con una poblaci\u00f3n de apenas 5,595,538 millones de habitantes, con playas v\u00edrgenes, volcanes y bosques tropicales, es tierra de poetas. \u201cSin duda, es extra\u00f1o que un pa\u00eds tenga a [&hellip;]<\/p>\n","protected":false},"author":1,"featured_media":37694,"comment_status":"open","ping_status":"open","sticky":false,"template":"","format":"standard","meta":{"om_disable_all_campaigns":false,"_monsterinsights_skip_tracking":false,"_monsterinsights_sitenote_active":false,"_monsterinsights_sitenote_note":"","_monsterinsights_sitenote_category":0,"footnotes":""},"categories":[10,3524],"tags":[],"class_list":["post-37693","post","type-post","status-publish","format-standard","has-post-thumbnail","hentry","category-cultura","category-noticas"],"aioseo_notices":[],"_links":{"self":[{"href":"https:\/\/elcronistadigital.com\/index.php?rest_route=\/wp\/v2\/posts\/37693","targetHints":{"allow":["GET"]}}],"collection":[{"href":"https:\/\/elcronistadigital.com\/index.php?rest_route=\/wp\/v2\/posts"}],"about":[{"href":"https:\/\/elcronistadigital.com\/index.php?rest_route=\/wp\/v2\/types\/post"}],"author":[{"embeddable":true,"href":"https:\/\/elcronistadigital.com\/index.php?rest_route=\/wp\/v2\/users\/1"}],"replies":[{"embeddable":true,"href":"https:\/\/elcronistadigital.com\/index.php?rest_route=%2Fwp%2Fv2%2Fcomments&post=37693"}],"version-history":[{"count":1,"href":"https:\/\/elcronistadigital.com\/index.php?rest_route=\/wp\/v2\/posts\/37693\/revisions"}],"predecessor-version":[{"id":37697,"href":"https:\/\/elcronistadigital.com\/index.php?rest_route=\/wp\/v2\/posts\/37693\/revisions\/37697"}],"wp:featuredmedia":[{"embeddable":true,"href":"https:\/\/elcronistadigital.com\/index.php?rest_route=\/wp\/v2\/media\/37694"}],"wp:attachment":[{"href":"https:\/\/elcronistadigital.com\/index.php?rest_route=%2Fwp%2Fv2%2Fmedia&parent=37693"}],"wp:term":[{"taxonomy":"category","embeddable":true,"href":"https:\/\/elcronistadigital.com\/index.php?rest_route=%2Fwp%2Fv2%2Fcategories&post=37693"},{"taxonomy":"post_tag","embeddable":true,"href":"https:\/\/elcronistadigital.com\/index.php?rest_route=%2Fwp%2Fv2%2Ftags&post=37693"}],"curies":[{"name":"wp","href":"https:\/\/api.w.org\/{rel}","templated":true}]}}