{"id":37704,"date":"2015-01-30T09:14:39","date_gmt":"2015-01-30T15:14:39","guid":{"rendered":"http:\/\/elcronistadigital.com\/?p=37704"},"modified":"2015-01-30T09:14:39","modified_gmt":"2015-01-30T15:14:39","slug":"actor-nica-inaugura-tienda-de-arte-en-miami","status":"publish","type":"post","link":"https:\/\/elcronistadigital.com\/?p=37704","title":{"rendered":"Actor nica inaugura tienda de arte en Miami"},"content":{"rendered":"<div id=\"attachment_37705\" style=\"width: 310px\" class=\"wp-caption alignleft\"><a href=\"https:\/\/elcronistadigital.com\/?attachment_id=37705\" rel=\"attachment wp-att-37705\"><img loading=\"lazy\" decoding=\"async\" aria-describedby=\"caption-attachment-37705\" class=\"size-medium wp-image-37705\" alt=\"Christian Oc\u00f3n, actor nicarag\u00fcense.\" src=\"https:\/\/elcronistadigital.com\/wp-content\/uploads\/2015\/01\/cristian-ocon-300x200.jpg\" width=\"300\" height=\"200\" srcset=\"https:\/\/elcronistadigital.com\/wp-content\/uploads\/2015\/01\/cristian-ocon-300x200.jpg 300w, https:\/\/elcronistadigital.com\/wp-content\/uploads\/2015\/01\/cristian-ocon-342x228.jpg 342w, https:\/\/elcronistadigital.com\/wp-content\/uploads\/2015\/01\/cristian-ocon.jpg 960w\" sizes=\"auto, (max-width: 300px) 100vw, 300px\" \/><\/a><p id=\"caption-attachment-37705\" class=\"wp-caption-text\">Christian Oc\u00f3n, actor nicarag\u00fcense.<\/p><\/div>\n<p>El Nuevo Herald<\/p>\n<p>Moyi\u2019s Antiques &amp; Collectibles se suma a los Viernes Culturales de la Calle Ocho a partir del 30 de enero.<\/p>\n<p>La tienda, ubicada en el coraz\u00f3n de La Peque\u00f1a Habana, es propiedad del actor nicarag\u00fcense Christian Oc\u00f3n, quien debuta como empresario de un negocio que tambi\u00e9n promover\u00e1 artistas del patio.<\/p>\n<p>\u201cNuestra finalidad es dar a conocer el trabajo de aquellos artistas de Miami que usualmente carecen de locales donde exponer sus trabajos\u201d, dijo Oc\u00f3n, de 43 a\u00f1os, en alusi\u00f3n a las fotograf\u00edas de Mario Garc\u00eda Joya, las plumillas de Roberto \u201cTuercaloca\u201d y las esculturas y pinturas de la actriz Miriam Berm\u00fadez que llenan las paredes del espacio.<\/p>\n<p>Para el evento de La Peque\u00f1a Habana, el actor tiene preparada la exposici\u00f3n Mitos y leyendas del Caribe, del pintor cubano Gonzalo Borges, residente en Miami, conocido por sus murales en iglesias de La Habana Vieja.<\/p>\n<p>La muestra incluye tintas, \u00f3leos y acr\u00edlicos inspirados en el folclor ancestral caribe\u00f1o.<\/p>\n<p>Borges, de 79 a\u00f1os, se form\u00f3 en la Academia San Alejandro de La Habana, bajo la tutela de Ren\u00e9 Portocarrero, Amelia Pel\u00e1ez y Florencio Gelabert. Sus trabajos integran colecciones p\u00fablicas y privadas en Estados Unidos, Puerto Rico, Rusia, Bulgaria, Espa\u00f1a, Francia, Checoslovaquia, Rep\u00fablica Dominicana y M\u00e9xico.<\/p>\n<p>El artista estar\u00e1 presente en la galer\u00eda.<\/p>\n<p>\u201cCuando Borges me mostr\u00f3 sus lienzos me llam\u00f3 la atenci\u00f3n el colorido y cierto matiz surrealista que predomina en ellos\u201d, expres\u00f3 Oc\u00f3n, autodidacta confeso en todo lo relacionado con las artes visuales.<\/p>\n<p>\u201cNunca he pintado ni he asistido a academias. Solo me gu\u00edo por mi intuici\u00f3n y los conocimientos acumulados en los a\u00f1os que llevo coleccionando arte\u201d, agrega el actor, que antes de dedicarse al teatro fue vendedor de utensilios de cocina, bartender y camarero de un hotel de Brickell.<\/p>\n<p>Oc\u00f3n vive en Miami desde 1987. Tras asistir a los cursos de Prometeo y los talleres de Mar\u00eda Banda-Rodaz y Sandra Garc\u00eda, debut\u00f3 en el Centro Cultural Espa\u00f1ol en la obra La cena.<\/p>\n<p>Entre las producciones m\u00e1s recientes del actor figuran El d\u00eda que me quieras, Huevos, Contigo pan y cebolla y El cangrejito y la paloma, que presenta Akuara Teatro.<\/p>\n<p>Moyis Antiques &amp; Collectibles debe su nombre a \u201cun malt\u00e9s muy querido\u201d que el due\u00f1o perdi\u00f3 el a\u00f1o pasado. Aparte de funcionar como galer\u00eda de arte, se pueden encontrar antig\u00fcedades, orfebrer\u00eda y objetos de colecci\u00f3n.<\/p>\n<p>\u201cEste negocio me ha desarrollado mis habilidades de \u2018psic\u00f3logo\u2019 \u201d, coment\u00f3 Oc\u00f3n, que planea una muestra del joven artista cubano Yunior Carriaga para marzo.<\/p>\n<p>\u201cLa gente viene a comprar, pero siempre se las arregla para hablarme de sus problemas y pedirme soluciones, lo que me viene muy bien para enriquecer mis personajes\u201d, cont\u00f3.<\/p>\n","protected":false},"excerpt":{"rendered":"<p>El Nuevo Herald Moyi\u2019s Antiques &amp; Collectibles se suma a los Viernes Culturales de la Calle Ocho a partir del 30 de enero. La tienda, ubicada en el coraz\u00f3n de La Peque\u00f1a Habana, es propiedad del actor nicarag\u00fcense Christian Oc\u00f3n, quien debuta como empresario de un negocio que tambi\u00e9n promover\u00e1 artistas del patio. \u201cNuestra finalidad [&hellip;]<\/p>\n","protected":false},"author":1,"featured_media":37705,"comment_status":"open","ping_status":"open","sticky":false,"template":"","format":"standard","meta":{"om_disable_all_campaigns":false,"_monsterinsights_skip_tracking":false,"_monsterinsights_sitenote_active":false,"_monsterinsights_sitenote_note":"","_monsterinsights_sitenote_category":0,"footnotes":""},"categories":[10],"tags":[],"class_list":["post-37704","post","type-post","status-publish","format-standard","has-post-thumbnail","hentry","category-cultura"],"aioseo_notices":[],"_links":{"self":[{"href":"https:\/\/elcronistadigital.com\/index.php?rest_route=\/wp\/v2\/posts\/37704","targetHints":{"allow":["GET"]}}],"collection":[{"href":"https:\/\/elcronistadigital.com\/index.php?rest_route=\/wp\/v2\/posts"}],"about":[{"href":"https:\/\/elcronistadigital.com\/index.php?rest_route=\/wp\/v2\/types\/post"}],"author":[{"embeddable":true,"href":"https:\/\/elcronistadigital.com\/index.php?rest_route=\/wp\/v2\/users\/1"}],"replies":[{"embeddable":true,"href":"https:\/\/elcronistadigital.com\/index.php?rest_route=%2Fwp%2Fv2%2Fcomments&post=37704"}],"version-history":[{"count":2,"href":"https:\/\/elcronistadigital.com\/index.php?rest_route=\/wp\/v2\/posts\/37704\/revisions"}],"predecessor-version":[{"id":37711,"href":"https:\/\/elcronistadigital.com\/index.php?rest_route=\/wp\/v2\/posts\/37704\/revisions\/37711"}],"wp:featuredmedia":[{"embeddable":true,"href":"https:\/\/elcronistadigital.com\/index.php?rest_route=\/wp\/v2\/media\/37705"}],"wp:attachment":[{"href":"https:\/\/elcronistadigital.com\/index.php?rest_route=%2Fwp%2Fv2%2Fmedia&parent=37704"}],"wp:term":[{"taxonomy":"category","embeddable":true,"href":"https:\/\/elcronistadigital.com\/index.php?rest_route=%2Fwp%2Fv2%2Fcategories&post=37704"},{"taxonomy":"post_tag","embeddable":true,"href":"https:\/\/elcronistadigital.com\/index.php?rest_route=%2Fwp%2Fv2%2Ftags&post=37704"}],"curies":[{"name":"wp","href":"https:\/\/api.w.org\/{rel}","templated":true}]}}