{"id":37707,"date":"2015-01-30T09:21:38","date_gmt":"2015-01-30T15:21:38","guid":{"rendered":"http:\/\/elcronistadigital.com\/?p=37707"},"modified":"2015-01-30T09:21:38","modified_gmt":"2015-01-30T15:21:38","slug":"ii-premio-bienal-de-novela-vargas-llosa","status":"publish","type":"post","link":"https:\/\/elcronistadigital.com\/?p=37707","title":{"rendered":"II Premio Bienal de Novela \u201cVargas Llosa\u201d"},"content":{"rendered":"<p><a href=\"https:\/\/elcronistadigital.com\/?attachment_id=37708\" rel=\"attachment wp-att-37708\"><img loading=\"lazy\" decoding=\"async\" class=\"alignleft size-full wp-image-37708\" alt=\"bienal-2016\" src=\"https:\/\/elcronistadigital.com\/wp-content\/uploads\/2015\/01\/bienal-2016.jpg\" width=\"295\" height=\"300\" srcset=\"https:\/\/elcronistadigital.com\/wp-content\/uploads\/2015\/01\/bienal-2016.jpg 295w, https:\/\/elcronistadigital.com\/wp-content\/uploads\/2015\/01\/bienal-2016-50x50.jpg 50w, https:\/\/elcronistadigital.com\/wp-content\/uploads\/2015\/01\/bienal-2016-70x70.jpg 70w, https:\/\/elcronistadigital.com\/wp-content\/uploads\/2015\/01\/bienal-2016-55x55.jpg 55w\" sizes=\"auto, (max-width: 295px) 100vw, 295px\" \/><\/a>La C\u00e1tedra Vargas Llosa ha convocado el Bases II Premio Bienal de Novela Vargas Llosa, en el que podr\u00e1n participar obras publicadas entre enero de 2014 y noviembre de 2015. El galard\u00f3n, dotado con 100.000 d\u00f3lares, ser\u00e1 para la mejor obra que se presente y cuya primera edici\u00f3n haya aparecido en el bienio fijado por el certamen.<\/p>\n<p>La convocatoria, que estar\u00e1 abierta hasta el d\u00eda 30 de noviembre de este a\u00f1o, incluye obras de ficci\u00f3n en el m\u00e1s amplio sentido de la palabra, quedando excluidas los libros de ensayo, cuentos, memorias, historia y critica, al igual que la novela gr\u00e1fica, el c\u00f3mic y la literatura infantil.<\/p>\n<p>El jurado del II Premio Bienal de Novela \u201cVargas Llosa\u201d estar\u00e1 compuesto por el espa\u00f1ol Dar\u00edo Villanueva (Real Academia Espa\u00f1ola), el peruano Alonso Cueto, el estadounidense Will H. Corral, el mexicano Gonzalo Celorio y la sueca Inger Enkvist.<\/p>\n<p>La II Bienal de Novela \u201cMario Vargas Llosa\u201d, durante la cual se har\u00e1 p\u00fablico el fallo de este premio, tendr\u00e1 lugar en Lima del 28 de marzo al 3 de abril de 2016.<\/p>\n<p><a href=\"http:\/\/http:\/\/blog.cervantesvirtual.com\/wp-content\/uploads\/2014\/12\/Bases-II-Premio-Bienal-de-Novela-Vargas-Llosa.pdf\">(Bases II Premio Bienal de Novela Vargas Llosa)<\/a><\/p>\n","protected":false},"excerpt":{"rendered":"<p>La C\u00e1tedra Vargas Llosa ha convocado el Bases II Premio Bienal de Novela Vargas Llosa, en el que podr\u00e1n participar obras publicadas entre enero de 2014 y noviembre de 2015. El galard\u00f3n, dotado con 100.000 d\u00f3lares, ser\u00e1 para la mejor obra que se presente y cuya primera edici\u00f3n haya aparecido en el bienio fijado por [&hellip;]<\/p>\n","protected":false},"author":1,"featured_media":37708,"comment_status":"open","ping_status":"open","sticky":false,"template":"","format":"standard","meta":{"om_disable_all_campaigns":false,"_monsterinsights_skip_tracking":false,"_monsterinsights_sitenote_active":false,"_monsterinsights_sitenote_note":"","_monsterinsights_sitenote_category":0,"footnotes":""},"categories":[10,3524],"tags":[],"class_list":["post-37707","post","type-post","status-publish","format-standard","has-post-thumbnail","hentry","category-cultura","category-noticas"],"aioseo_notices":[],"_links":{"self":[{"href":"https:\/\/elcronistadigital.com\/index.php?rest_route=\/wp\/v2\/posts\/37707","targetHints":{"allow":["GET"]}}],"collection":[{"href":"https:\/\/elcronistadigital.com\/index.php?rest_route=\/wp\/v2\/posts"}],"about":[{"href":"https:\/\/elcronistadigital.com\/index.php?rest_route=\/wp\/v2\/types\/post"}],"author":[{"embeddable":true,"href":"https:\/\/elcronistadigital.com\/index.php?rest_route=\/wp\/v2\/users\/1"}],"replies":[{"embeddable":true,"href":"https:\/\/elcronistadigital.com\/index.php?rest_route=%2Fwp%2Fv2%2Fcomments&post=37707"}],"version-history":[{"count":1,"href":"https:\/\/elcronistadigital.com\/index.php?rest_route=\/wp\/v2\/posts\/37707\/revisions"}],"predecessor-version":[{"id":37709,"href":"https:\/\/elcronistadigital.com\/index.php?rest_route=\/wp\/v2\/posts\/37707\/revisions\/37709"}],"wp:featuredmedia":[{"embeddable":true,"href":"https:\/\/elcronistadigital.com\/index.php?rest_route=\/wp\/v2\/media\/37708"}],"wp:attachment":[{"href":"https:\/\/elcronistadigital.com\/index.php?rest_route=%2Fwp%2Fv2%2Fmedia&parent=37707"}],"wp:term":[{"taxonomy":"category","embeddable":true,"href":"https:\/\/elcronistadigital.com\/index.php?rest_route=%2Fwp%2Fv2%2Fcategories&post=37707"},{"taxonomy":"post_tag","embeddable":true,"href":"https:\/\/elcronistadigital.com\/index.php?rest_route=%2Fwp%2Fv2%2Ftags&post=37707"}],"curies":[{"name":"wp","href":"https:\/\/api.w.org\/{rel}","templated":true}]}}