{"id":37715,"date":"2015-01-30T15:22:08","date_gmt":"2015-01-30T21:22:08","guid":{"rendered":"http:\/\/elcronistadigital.com\/?p=37715"},"modified":"2015-01-30T15:22:08","modified_gmt":"2015-01-30T21:22:08","slug":"canal-y-tumarin-brindaran-gran-crecimiento-economico","status":"publish","type":"post","link":"https:\/\/elcronistadigital.com\/?p=37715","title":{"rendered":"Canal y Tumar\u00edn brindar\u00e1n gran crecimiento econ\u00f3mico"},"content":{"rendered":"<div id=\"attachment_37716\" style=\"width: 410px\" class=\"wp-caption alignleft\"><a href=\"https:\/\/elcronistadigital.com\/?attachment_id=37716\" rel=\"attachment wp-att-37716\"><img loading=\"lazy\" decoding=\"async\" aria-describedby=\"caption-attachment-37716\" class=\"size-full wp-image-37716\" alt=\"Empresarios y analistas financieros en el encuentro \u201cVisi\u00f3n 2015\u201d. (Foto: Enrique Oporta).\" src=\"https:\/\/elcronistadigital.com\/wp-content\/uploads\/2015\/01\/empresarios.jpg\" width=\"400\" height=\"221\" srcset=\"https:\/\/elcronistadigital.com\/wp-content\/uploads\/2015\/01\/empresarios.jpg 400w, https:\/\/elcronistadigital.com\/wp-content\/uploads\/2015\/01\/empresarios-300x165.jpg 300w, https:\/\/elcronistadigital.com\/wp-content\/uploads\/2015\/01\/empresarios-342x188.jpg 342w\" sizes=\"auto, (max-width: 400px) 100vw, 400px\" \/><\/a><p id=\"caption-attachment-37716\" class=\"wp-caption-text\">Empresarios y analistas financieros en el encuentro \u201cVisi\u00f3n 2015\u201d. (Foto: Enrique Oporta).<\/p><\/div>\n<p>La construcci\u00f3n del Gran Canal Interoce\u00e1nico y la Hidroel\u00e9ctrica Tumar\u00edn, conformar\u00e1n un mejor horizonte econ\u00f3mico para Nicaragua, seg\u00fan empresarios en especialistas en finanzas reunidos en el encuentro regional \u201cVisi\u00f3n 2015\u201d, organizado el jueves por la revista Mercados &amp; Tendencias.<\/p>\n<p>Durante el panel \u201cCompetitividad: retos y desaf\u00edos 2015\u201d, expertos y empresarios indicaron que estos proyectos crear\u00e1n una bonanza econ\u00f3mica y mejores oportunidades para las familias.<\/p>\n<p>Azucena Castillo, gerente general de la Asociaci\u00f3n de Productores y Exportadores de Nicaragua (APEN), valor\u00f3 de positivo el mensaje emitido recientemente por el presidente del Banco Central de Nicaragua, Ovidio Reyes, en relaci\u00f3n al crecimiento econ\u00f3mico.<\/p>\n<p>\u201cEs muy importante o\u00edr de la boca del Presidente del Banco Central , que la agricultura no iba a quedar estancada si se caminaba con proyectos como Tumar\u00edn y el Gran Canal\u201d, refiri\u00f3.<\/p>\n<p>Adem\u00e1s expuso que para favorecer este crecimiento de cara a los pr\u00f3ximos a\u00f1os, es preciso tambi\u00e9n trabajar de la mano entre el sector p\u00fablico y privado, como en efecto ya se ha venido haciendo en un modelo de alianzas y consensos.<\/p>\n<p>\u201cLo importante es que todos juntos jalemos la carreta a esa econom\u00eda, y esa visi\u00f3n de un nuevo modelo productivo de comercializaci\u00f3n que se requiere para competir en los mercados internacionales\u201d, anot\u00f3 Castillo.<\/p>\n<p>En tanto, el presidente de la Federaci\u00f3n de Asociaciones Ganaderas de Nicaragua (Faganic), Salvador Castillo, indic\u00f3 que es a partir de este modelo de alianzas entre Gobierno y sector privado, que durante el 2014 se pudo generar un crecimiento en la actividad pecuaria.<\/p>\n<p>\u201cPara este a\u00f1o pensamos que puede haber un crecimiento de un 5% a un 7% en la actividad ganadera, con exportaciones de ganado bovino (carne, cuero, y diferentes productos l\u00e1cteos)\u201d, expuso.<\/p>\n<p>Explic\u00f3 que uno de los grandes logros del sector ganadero es haber obtenido mayores mercados internacionales como El Salvador, Estados Unidos, Taiw\u00e1n, M\u00e9xico y Rusia.<\/p>\n<p>\u201cDentro de las reuniones sectoriales que estamos teniendo, estamos solicitando m\u00e1s apoyo del Gobierno para que podamos explorar otros mercados, y seguir creciendo\u201d, manifest\u00f3.<\/p>\n<p>El Presidente de Faganic indic\u00f3 que el Gobierno y los empresarios han venido abonando a este crecimiento sostenido en el pa\u00eds, con resultados claros, sin embargo se siguen trabajando otras propuestas para seguir conquistando mercados internacionales.<\/p>\n","protected":false},"excerpt":{"rendered":"<p>La construcci\u00f3n del Gran Canal Interoce\u00e1nico y la Hidroel\u00e9ctrica Tumar\u00edn, conformar\u00e1n un mejor horizonte econ\u00f3mico para Nicaragua, seg\u00fan empresarios en especialistas en finanzas reunidos en el encuentro regional \u201cVisi\u00f3n 2015\u201d, organizado el jueves por la revista Mercados &amp; Tendencias. Durante el panel \u201cCompetitividad: retos y desaf\u00edos 2015\u201d, expertos y empresarios indicaron que estos proyectos crear\u00e1n [&hellip;]<\/p>\n","protected":false},"author":1,"featured_media":37716,"comment_status":"open","ping_status":"open","sticky":false,"template":"","format":"standard","meta":{"om_disable_all_campaigns":false,"_monsterinsights_skip_tracking":false,"_monsterinsights_sitenote_active":false,"_monsterinsights_sitenote_note":"","_monsterinsights_sitenote_category":0,"footnotes":""},"categories":[4,3524,13],"tags":[],"class_list":["post-37715","post","type-post","status-publish","format-standard","has-post-thumbnail","hentry","category-economia","category-noticas","category-portada"],"aioseo_notices":[],"_links":{"self":[{"href":"https:\/\/elcronistadigital.com\/index.php?rest_route=\/wp\/v2\/posts\/37715","targetHints":{"allow":["GET"]}}],"collection":[{"href":"https:\/\/elcronistadigital.com\/index.php?rest_route=\/wp\/v2\/posts"}],"about":[{"href":"https:\/\/elcronistadigital.com\/index.php?rest_route=\/wp\/v2\/types\/post"}],"author":[{"embeddable":true,"href":"https:\/\/elcronistadigital.com\/index.php?rest_route=\/wp\/v2\/users\/1"}],"replies":[{"embeddable":true,"href":"https:\/\/elcronistadigital.com\/index.php?rest_route=%2Fwp%2Fv2%2Fcomments&post=37715"}],"version-history":[{"count":1,"href":"https:\/\/elcronistadigital.com\/index.php?rest_route=\/wp\/v2\/posts\/37715\/revisions"}],"predecessor-version":[{"id":37717,"href":"https:\/\/elcronistadigital.com\/index.php?rest_route=\/wp\/v2\/posts\/37715\/revisions\/37717"}],"wp:featuredmedia":[{"embeddable":true,"href":"https:\/\/elcronistadigital.com\/index.php?rest_route=\/wp\/v2\/media\/37716"}],"wp:attachment":[{"href":"https:\/\/elcronistadigital.com\/index.php?rest_route=%2Fwp%2Fv2%2Fmedia&parent=37715"}],"wp:term":[{"taxonomy":"category","embeddable":true,"href":"https:\/\/elcronistadigital.com\/index.php?rest_route=%2Fwp%2Fv2%2Fcategories&post=37715"},{"taxonomy":"post_tag","embeddable":true,"href":"https:\/\/elcronistadigital.com\/index.php?rest_route=%2Fwp%2Fv2%2Ftags&post=37715"}],"curies":[{"name":"wp","href":"https:\/\/api.w.org\/{rel}","templated":true}]}}